{"id":533615,"date":"2026-06-11T07:43:18","date_gmt":"2026-06-11T07:43:18","guid":{"rendered":"https:\/\/www.europesays.com\/it\/533615\/"},"modified":"2026-06-11T07:43:18","modified_gmt":"2026-06-11T07:43:18","slug":"le-bambine-il-film-delle-sorelle-bertani-sullinfanzia-negli-anni-90","status":"publish","type":"post","link":"https:\/\/www.europesays.com\/it\/533615\/","title":{"rendered":"Le bambine: il film delle sorelle Bertani sull\u2019infanzia negli anni \u201990"},"content":{"rendered":"<p data-journey-content=\"true\" data-node-id=\"3\" class=\"css-1ood0zq emevuu60\"><strong data-node-id=\"3.0\">Arriva in sala l&#8217;11 giugno.<\/strong> Doveva per forza uscire coi primi caldi, per far sgambettare le protagoniste in braghette corte e canottiera, <strong data-node-id=\"3.2\">e perch\u00e9 in origine Le bambine era Mosquitoes<\/strong>, che \u00e8 rimasto il titolo internazionale, e a Ferrara e provincia a met\u00e0 giugno \u00e8 gi\u00e0 pieno di zanzare, ti fanno compagnia dal tramonto all&#8217;alba che \u00e8 un piacere. Infatti questo \u00e8 un film che dar\u00e0 grandi soddisfazioni marinato nel realismo magico delle arene estive, guardato con quel fastidio di sottofondo del caldo, degli effluvi altrui che con la pelle calda penetrano impunemente la narice, delle sedie scomode con lo schienale che ti rimbalza in avanti ma se ti appoggi troppo ti fa sprofondare indietro, coi rumori della gente intorno che non lo sta guardando, il film, e schiamazza mangiando il gelato, insomma con tutta la vita che c&#8217;\u00e8 quando \u00e8 finita la scuola. A patto che non ci si distragga troppo con l&#8217;autan (mettetevelo prima) si scopriranno, in questo film, una miriade di tesori, piccoli e grandi tuffi al cuore che resuscitano l&#8217;infinit\u00e0 dell&#8217;infanzia, e in particolare quell&#8217;infanzia l\u00ec dei 90, delle stelline fosforescenti adesive, dei fili di scoubidou con cui si intrecciavano anche i pensieri, ancora priva di smartphone e ricca di noia. Un&#8217;infanzia lucida che guarda i grandi e li vede benissimo, ma non smette ancora di credergli. <\/p>\n<blockquote data-theme-key=\"pullquote\" data-pullquote-align=\"left\" class=\"css-ed1ixo e1f76l351\">\n<blockquote class=\"css-1azzsnf e1f76l350\"><p>Si scopriranno, in questo film, una miriade di tesori, piccoli e grandi tuffi al cuore che resuscitano l&#8217;infinit\u00e0 dell&#8217;infanzia, e in particolare quell&#8217;infanzia l\u00ec dei 90, delle stelline fosforescenti adesive, dei fili di scoubidou con cui si intrecciavano anche i pensieri<\/p><\/blockquote>\n<\/blockquote>\n<p data-journey-content=\"true\" data-node-id=\"10\" class=\"css-1ood0zq emevuu60\"><br data-node-id=\"10.0\"\/>Sinossi in una metafora: <strong data-node-id=\"10.2\">tre bambine, Linda, Azzurra e Marta<\/strong> trascorrono l&#8217;estate del 1997 in una zona residenziale di Ferrara con quella tipica edilizia del benessere primi 70, che prevede l&#8217;erba non dei giardini ma delle aiuole, un benessere geometrico e coi muretti in cemento. <br data-node-id=\"10.4\"\/>Le bambine sono in rigoglio, alla scoperta errante della propria e altrui natura, ma costrette nelle aiuole definite dagli adulti di riferimento, da madri che hanno le loro nevrosi e si occupano delle figlie per occuparsi di se stesse (probabilmente tutti gli adulti fanno cos\u00ec coi pi\u00f9 piccoli, finch\u00e9 riescono). Accadono un sacco di cose, pi\u00f9 dentro che fuori, lungo le ombre che fa un&#8217;esilissima trama. Siamo arrivati qui e non abbiamo ancora nominato le registe, <strong data-node-id=\"10.6\">le sorelle Bertani<\/strong>, al loro primo lungometraggio insieme. Valentina (La timidezza delle chiome, ma anche video musicali per Ligabue, i Negramaro, The Kolors e spot per Gucci, Valentino e Toyota) e Nicole (grafica, creative director, regista). Online si trovano molte belle interviste su come abbiano girato il film, sui loro riferimenti estetici (Nadia Lee Cohen, Martin Parr, Sofia Coppola, Todd Solondz, Sean Baker, le Spice Girls). Per cui, abbiamo deciso di puntare su domande diverse, un po&#8217; pi\u00f9 a largo raggio, perch\u00e9 \u00e8 evidente da questo film che la sanno lunga.<\/p>\n<p><img draggable=\"true\" alt=\"children playing in a bedroom setting\" title=\"children playing in a bedroom setting\" loading=\"lazy\" width=\"1072\" height=\"1080\" decoding=\"async\" data-nimg=\"1\" style=\"color:transparent;width:100%;height:auto;\"   src=\"https:\/\/www.europesays.com\/it\/wp-content\/uploads\/2026\/06\/425d20a3-4b13-4b6e-b5cc-388766b24311.jpg\" class=\"css-0 e1g79fud0\"\/><a target=\"_blank\" rel=\"noopener nofollow\" data-theme-key=\"base-link\" href=\"https:\/\/pinterest.com\/pin\/create\/button\/?url=https:\/\/www.marieclaire.it\/attualita\/news-appuntamenti\/a71533429\/movie-choice-le-bambine-sorelle-bertani-intervista\/&amp;description=marieclaireita&amp;media=https:\/\/hips.hearstapps.com\/hmg-prod\/images\/425d20a3-4b13-4b6e-b5cc-388766b24311.jpg?resize=1600:*\" class=\"pinterest css-on9hn5 e1socmtw0\"><img decoding=\"async\" data-dynamic-svg=\"true\" src=\"https:\/\/www.marieclaire.it\/_assets\/design-tokens\/fre\/static\/icons\/social\/pinterest.e8cf655.svg?primary=%2523ffffff\" loading=\"lazy\" data-testid=\"dynamic-svg-base\" height=\"auto\" width=\"auto\" alt=\"pinterest\" class=\"css-4lml0h e1mlxuuw1\"\/><\/a>Courtesy Emma Film<\/p>\n<p>Mia Ferricelli, Agnese Scazza e Petra Scheggia interpretano Le bambine<\/p>\n<p data-journey-content=\"true\" data-node-id=\"15\" class=\"css-1ood0zq emevuu60\"><strong data-node-id=\"15.0\">Cos\u2019\u00e8 il cinema e cosa ci si pu\u00f2 fare?<\/strong><br data-node-id=\"15.1\"\/>La settima arte, un sogno ad occhi aperti, attualmente in Italia \u00e8 un incubo. Le sale chiudono e si trasformano in fast food, palestre, centri commerciali. Pare che ora si possa fare tutto nei cinema tranne che cultura. L\u2019alternativa \u00e8 quella di innescare una rivoluzione e noi giovani regist\u0259 siamo pronti. <\/p>\n<p data-journey-content=\"true\" data-node-id=\"20\" class=\"css-1ood0zq emevuu60\"><strong data-node-id=\"20.0\">Cos\u2019\u00e8 l\u2019infanzia e quando finisce?<br data-node-id=\"20.0.1\"\/><\/strong> Oddio, no. \u00c8 finita? <\/p>\n<p data-journey-content=\"true\" data-node-id=\"24\" class=\"css-1ood0zq emevuu60\"><strong data-node-id=\"24.0\">Cos\u2019\u00e8 la provincia e come ti cambia?<br data-node-id=\"24.0.1\"\/><\/strong>Un luogo che ti abita, non il luogo che abiti. Solo chi ci \u00e8 nato conosce le sue regole e pu\u00f2 raccontarla in modo sincero. Le citt\u00e0 di pianura non potrebbe essere stato scritto da uno sceneggiatore romano. O forse s\u00ec &#8211; nel cinema in fondo scrivono tutto loro &#8211; ma non cos\u00ec. <\/p>\n<p data-journey-content=\"true\" data-node-id=\"28\" class=\"css-1ood0zq emevuu60\"><strong data-node-id=\"28.0\">Cosa sono gli anni 90 \u00e8 perch\u00e9 ci servono?<br data-node-id=\"28.0.1\"\/><\/strong>Gli anni 90 sono gli anni di Non \u00e8 la Rai, di Berlusconi, del Karaoke con Fiorello, di Tangentopoli, di Mani pulite, degli schiaffi in faccia ai bambini che urlano in strade grigie, delle Marlboro Rosse fumate nei locali, dei pesci rossi buttati nel wc prima di andare al mare, delle notti in compagnia di Colpo Grosso, del signor Giancarlo che perde ridendo i soldi alla Ruota della Fortuna. Per noi i 90 sono gli anni in cui eravamo bambine, Le bambine. Quel decennio ci serve per avere una costante nostalgia collettiva delle icone culturali e di un mondo analogico che ora non esiste pi\u00f9.<\/p>\n<p><img draggable=\"true\" alt=\"nighttime scene with two children interacting near a car\" title=\"nighttime scene with two children interacting near a car\" loading=\"lazy\" width=\"1500\" height=\"844\" decoding=\"async\" data-nimg=\"1\" style=\"color:transparent;width:100%;height:auto;\"   src=\"https:\/\/www.europesays.com\/it\/wp-content\/uploads\/2026\/06\/f4063566-fa47-407e-8521-f5986f2ab281.jpg\" class=\"css-0 e1g79fud0\"\/><a target=\"_blank\" rel=\"noopener nofollow\" data-theme-key=\"base-link\" href=\"https:\/\/pinterest.com\/pin\/create\/button\/?url=https:\/\/www.marieclaire.it\/attualita\/news-appuntamenti\/a71533429\/movie-choice-le-bambine-sorelle-bertani-intervista\/&amp;description=marieclaireita&amp;media=https:\/\/hips.hearstapps.com\/hmg-prod\/images\/f4063566-fa47-407e-8521-f5986f2ab281.jpg?resize=1600:*\" class=\"pinterest css-on9hn5 e1socmtw0\"><img decoding=\"async\" data-dynamic-svg=\"true\" src=\"https:\/\/www.marieclaire.it\/_assets\/design-tokens\/fre\/static\/icons\/social\/pinterest.e8cf655.svg?primary=%2523ffffff\" loading=\"lazy\" data-testid=\"dynamic-svg-base\" height=\"auto\" width=\"auto\" alt=\"pinterest\" class=\"css-4lml0h e1mlxuuw1\"\/><\/a><\/p>\n<p>Courtesy Emma Film<\/p>\n","protected":false},"excerpt":{"rendered":"Arriva in sala l&#8217;11 giugno. Doveva per forza uscire coi primi caldi, per far sgambettare le protagoniste in&hellip;\n","protected":false},"author":3,"featured_media":533616,"comment_status":"","ping_status":"","sticky":false,"template":"","format":"standard","meta":{"footnotes":"","_share_on_mastodon":"0"},"categories":[1442],"tags":[24324,640,203,454,5345,204,1537,90,89,294065,12280,1521,39625,294416,43561],"class_list":["post-533615","post","type-post","status-publish","format-standard","has-post-thumbnail","category-film","tag-anni-90","tag-cinema","tag-entertainment","tag-film","tag-infanzia","tag-intrattenimento","tag-it","tag-italia","tag-italy","tag-le-bambine","tag-movie","tag-movies","tag-nicole-bertani","tag-sorelle-bertani","tag-valentina-bertani"],"share_on_mastodon":{"url":"https:\/\/pubeurope.com\/@it\/116730358337184001","error":""},"_links":{"self":[{"href":"https:\/\/www.europesays.com\/it\/wp-json\/wp\/v2\/posts\/533615","targetHints":{"allow":["GET"]}}],"collection":[{"href":"https:\/\/www.europesays.com\/it\/wp-json\/wp\/v2\/posts"}],"about":[{"href":"https:\/\/www.europesays.com\/it\/wp-json\/wp\/v2\/types\/post"}],"author":[{"embeddable":true,"href":"https:\/\/www.europesays.com\/it\/wp-json\/wp\/v2\/users\/3"}],"replies":[{"embeddable":true,"href":"https:\/\/www.europesays.com\/it\/wp-json\/wp\/v2\/comments?post=533615"}],"version-history":[{"count":0,"href":"https:\/\/www.europesays.com\/it\/wp-json\/wp\/v2\/posts\/533615\/revisions"}],"wp:featuredmedia":[{"embeddable":true,"href":"https:\/\/www.europesays.com\/it\/wp-json\/wp\/v2\/media\/533616"}],"wp:attachment":[{"href":"https:\/\/www.europesays.com\/it\/wp-json\/wp\/v2\/media?parent=533615"}],"wp:term":[{"taxonomy":"category","embeddable":true,"href":"https:\/\/www.europesays.com\/it\/wp-json\/wp\/v2\/categories?post=533615"},{"taxonomy":"post_tag","embeddable":true,"href":"https:\/\/www.europesays.com\/it\/wp-json\/wp\/v2\/tags?post=533615"}],"curies":[{"name":"wp","href":"https:\/\/api.w.org\/{rel}","templated":true}]}}