{"id":533835,"date":"2026-06-11T10:54:16","date_gmt":"2026-06-11T10:54:16","guid":{"rendered":"https:\/\/www.europesays.com\/it\/533835\/"},"modified":"2026-06-11T10:54:16","modified_gmt":"2026-06-11T10:54:16","slug":"zone-grigie-in-cardiologia-da-tutta-italia-al-convegno","status":"publish","type":"post","link":"https:\/\/www.europesays.com\/it\/533835\/","title":{"rendered":"Zone grigie in Cardiologia: da tutta Italia al convegno"},"content":{"rendered":"\n<p> Se \u00e8 vero che la scienza ogni giorno compie un passo avanti, al tempo stesso rimangono delle \u00abzone grigie\u00bb, situazioni cliniche nelle quali le linee guida non offrono risposte ancora definitive. Che fare? Al medico tocca integrare le evidenze consolidate, l\u2019esperienza personale e la personalizzazione delle cure. \u00c8 questo il punto di partenza di \u00abGrey Zones in Cardiology\u00bb, il congresso nazionale organizzato da <strong class=\"nero\">Michele Senni <\/strong>\u2013 direttore del Dipartimento Cardiovascolare del \u00abPapa Giovanni\u00bb \u2013 e promosso dalla Cardiologia dell\u2019Asst Papa Giovanni, che da domani a sabato vivr\u00e0 al Centro Congressi Giovanni XXIII la sua nona edizione. Si parler\u00e0 di alcune delle patologie pi\u00f9 diffuse in ambito cardiologico \u2013 <strong class=\"nero\">dall\u2019insufficienza cardiaca alle cardiomiopatie, dall\u2019amiloidosi alla morte improvvisa<\/strong>, allargando lo sguardo anche<strong class=\"nero\"> all\u2019obesit\u00e0<\/strong> \u2013 e lo si far\u00e0 con modalit\u00e0 innovative e interattive: saranno presentati casi clinici reali, e il dibattito tra camici bianchi sar\u00e0 \u00abstuzzicato\u00bb anche da sistemi di televoto e confronto col pubblico.<\/p>\n<p>  Rivolto ai cittadini <\/p>\n<p> \u00abL\u2019impianto del convegno \u2013 riflette il professor Michele Senni \u2013 \u00e8 sempre quello di cercare di analizzare ci\u00f2 che le linee guida non dicono con chiarezza, attraverso un format originale. Avremo anche delle <strong class=\"nero\">interviste con un opinion leader <\/strong>che dialoga con il relatore, partendo da una premessa di cinque minuti sui messaggi che tutti devono conoscere, e poi lasciando spazio a domande libere per andare pi\u00f9 a fondo su aspetti difficili da discutere\u00bb. <\/p>\n<p>Rigore scientifico e clima informale, \u00e8 grazie a questa combinazione che \u00abGrey Zones\u00bb si pone come un appuntamento capace di attrarre medici da tutta Italia e di aprire le porte anche a un pubblico generalista, <strong class=\"nero\">quella cittadinanza che \u00e8 il \u00abcuore\u00bb della professione medica<\/strong>. Tra i relatori ci sar\u00e0 anche Thomas L\u00fcscher, presidente della Societ\u00e0 europea di cardiologia, che dedicher\u00e0 la propria lectio (venerd\u00ec alle 14,45) al futuro della cardiologia, mentre lo psichiatra Gyorgy Purebl (domani alle 15,30) toccher\u00e0 il tema dell\u2019approccio al paziente: \u00abSi riflette poco sul fatto che il paziente pu\u00f2 avere crisi di panico, ansia, depressione, ipocondria \u2013 spiega Senni \u2013: ci sono delle domande-chiave che normalmente non conosciamo e lasciamo alla sensibilit\u00e0 del singolo medico, ma occorre affrontare questi problemi con metodo pi\u00f9 scientifico\u00bb.<\/p>\n<p>  Contro le fake news <\/p>\n<p> Altro tratto distintivo <strong class=\"nero\">\u00e8 la \u00abcontaminazione\u00bb tra discipline<\/strong>, nell\u2019ottica di un sistema cardiovascolare sempre pi\u00f9 connesso con le altre patologie, mentre la sessione conclusiva \u2013 sabato dalle 12 alle 13,15, moderata dal <strong class=\"nero\">direttore de \u00abL\u2019Eco di Bergamo\u00bb Alberto Ceresoli <\/strong>\u2013 metter\u00e0 al centro la questione delle fake news, con incursioni anche su argomenti \u00abpop\u00bb come il vino, il microbiota, il sonno: \u00abNon dobbiamo lasciare che sui social dominino le notizie false \u2013 rimarca Senni \u2013. \u00c8 un dovere di medici e scienziati fare chiarezza e corretta informazione, per diffondere ci\u00f2 che \u00e8 verificato. Di fronte a chi si rivolge al \u201cdottor Google\u201d o all\u2019Intelligenza Artificiale, serve una bussola per aiutare il cittadino a interpretare la realt\u00e0\u00bb.<\/p>\n","protected":false},"excerpt":{"rendered":"Se \u00e8 vero che la scienza ogni giorno compie un passo avanti, al tempo stesso rimangono delle \u00abzone&hellip;\n","protected":false},"author":3,"featured_media":533836,"comment_status":"","ping_status":"","sticky":false,"template":"","format":"standard","meta":{"footnotes":"","_share_on_mastodon":"0"},"categories":[175],"tags":[163518,58798,10654,682,294534,239,1537,90,89,370,61132,5172,240,294535],"class_list":["post-533835","post","type-post","status-publish","format-standard","has-post-thumbnail","category-salute","tag-alberto-ceresoli","tag-cardiache","tag-giovanni-xxiii","tag-google","tag-gyorgy-purebl","tag-health","tag-it","tag-italia","tag-italy","tag-malattia","tag-michele-senni","tag-personale-medico","tag-salute","tag-thomas-luscher"],"share_on_mastodon":{"url":"https:\/\/pubeurope.com\/@it\/116731108849574441","error":""},"_links":{"self":[{"href":"https:\/\/www.europesays.com\/it\/wp-json\/wp\/v2\/posts\/533835","targetHints":{"allow":["GET"]}}],"collection":[{"href":"https:\/\/www.europesays.com\/it\/wp-json\/wp\/v2\/posts"}],"about":[{"href":"https:\/\/www.europesays.com\/it\/wp-json\/wp\/v2\/types\/post"}],"author":[{"embeddable":true,"href":"https:\/\/www.europesays.com\/it\/wp-json\/wp\/v2\/users\/3"}],"replies":[{"embeddable":true,"href":"https:\/\/www.europesays.com\/it\/wp-json\/wp\/v2\/comments?post=533835"}],"version-history":[{"count":0,"href":"https:\/\/www.europesays.com\/it\/wp-json\/wp\/v2\/posts\/533835\/revisions"}],"wp:featuredmedia":[{"embeddable":true,"href":"https:\/\/www.europesays.com\/it\/wp-json\/wp\/v2\/media\/533836"}],"wp:attachment":[{"href":"https:\/\/www.europesays.com\/it\/wp-json\/wp\/v2\/media?parent=533835"}],"wp:term":[{"taxonomy":"category","embeddable":true,"href":"https:\/\/www.europesays.com\/it\/wp-json\/wp\/v2\/categories?post=533835"},{"taxonomy":"post_tag","embeddable":true,"href":"https:\/\/www.europesays.com\/it\/wp-json\/wp\/v2\/tags?post=533835"}],"curies":[{"name":"wp","href":"https:\/\/api.w.org\/{rel}","templated":true}]}}