{"id":534316,"date":"2026-06-11T17:27:15","date_gmt":"2026-06-11T17:27:15","guid":{"rendered":"https:\/\/www.europesays.com\/it\/534316\/"},"modified":"2026-06-11T17:27:15","modified_gmt":"2026-06-11T17:27:15","slug":"tour-de-suisse-a-sondrio-ecco-come-cambia-la-circolazione-stradale-in-citta","status":"publish","type":"post","link":"https:\/\/www.europesays.com\/it\/534316\/","title":{"rendered":"Tour de Suisse a Sondrio: ecco come cambia la circolazione stradale in citt\u00e0"},"content":{"rendered":"<p>Marted\u00ec prossimo Sondrio accoglier\u00e0 le squadre di ciclisti, maschili e femminili, iscritte al Tour de Suisse, una delle pi\u00f9 importanti corse a tappe, inserita nel calendario del World Tour dell&#8217;UCI. Nella giornata successiva di mercoled\u00ec 17 giugno \u00e8 in programma la <a href=\"https:\/\/www.sondriotoday.it\/eventi\/tour-de-suisse-partenza-arrivo-prima-tappa-sondrio-programma-orari-favoriti-percorso.html\" rel=\"nofollow noopener\" target=\"_blank\">prima tappa<\/a> per le donne, il mattino, e per gli uomini, nel pomeriggio, entrambe con partenza e arrivo a Sondrio.\u00a0<\/p>\n<p>Le modifiche alla circolazione<\/p>\n<p>Per consentire il regolare svolgimento delle competizioni, la <a href=\"https:\/\/www.sondriotoday.it\/politica\/sicurezza-proposta-presidio-polizia-locale-piastra-forza-italia-sondrio-per-sondrio.html\" rel=\"nofollow noopener\" target=\"_blank\">Polizia Locale<\/a> ha adottato una serie di modifiche alla circolazione stradale che interesseranno diverse zone della citt\u00e0 per l&#8217;intera giornata, dalle ore 5.30 del mattino al tardo pomeriggio. In particolare, il tratto fra piazza Garibaldi e la rotatoria tra la via Vanoni e la tangenziale, inserito nel percorso di gara, sar\u00e0 soggetto a limitazioni al transito veicolare. Si invitano dunque i residenti e chi frequenta Sondrio a tenere in stretta considerazione queste limitazioni, a programmare per tempo i propri spostamenti e a prestare attenzione alla segnaletica temporanea e alle indicazioni fornite dal personale addetto al servizio.<\/p>\n<p>Il tratto compreso tra piazza Garibaldi e la rotatoria Vanoni-Moro sar\u00e0 transennato a partire dalle ore 5.30 fino alle ore 18.30 circa: in tale fascia oraria, sar\u00e0 completamente interdetto alla circolazione veicolare con direzione sud-nord e viceversa. Non sar\u00e0 pi\u00f9 consentito percorrere il tratto e non sar\u00e0 possibile entrare o uscire dagli accessi carrai che vi si affacciano.<\/p>\n<p>Nei periodi in cui il percorso tra piazza Garibaldi e la rotatoria Vanoni-Moro non sar\u00e0 interessato dal passaggio dei concorrenti, compatibilmente con le esigenze organizzative e di sicurezza della manifestazione, sar\u00e0 consentito l\u2019attraversamento del tracciato di gara esclusivamente in direzione ovest-est e viceversa, nelle seguenti intersezioni: via Trento-via Caimi, via Mazzini-via Caimi, via Vanoni-rotatoria Vanoni-Moro. Non sar\u00e0 mai consentito percorrere il tratto interessato, che sar\u00e0 transennato, in direzione sud-nord o nord-sud per tutta la durata delle limitazioni.<\/p>\n<p>Il tratto compreso tra la rotatoria Vanoni-Moro e la rotatoria Vanoni-Tangenziale, che non verr\u00e0 transennato, sar\u00e0 invece liberamente percorribile, fatta eccezione per i periodi di chiusura totale della circolazione che saranno disposti in occasione del passaggio dei concorrenti e della relativa carovana di veicoli al seguito.<\/p>\n<p>Gli orari<\/p>\n<p>Le chiusure totali della circolazione saranno attuate nelle seguenti fasce orarie indicative: dalle ore 9 alle ore 9.30; dalle ore 11.45 alle ore 12.50; dalle ore 13.55 alle ore 14.25; dalle ore 17.10 alle ore 18.20. Gli orari sono da considerarsi puramente indicativi e potranno subire variazioni in relazione all&#8217;andamento delle gare e alle disposizioni degli organi preposti alla sicurezza della manifestazione.<\/p>\n<p>Inoltre: dalle ore 6 alle ore 18 del 17 giugno sar\u00e0 disposta, a cura di Anas, la chiusura di entrambe le rampe di uscita della Tangenziale di Sondrio, allo svincolo di via Vanoni, sia per i veicoli provenienti da Morbegno sia per quelli provenienti da Tirano; in via Ragazzi del 99\u2019, nel tratto compreso tra l\u2019intersezione con via Caimi e il civico n. 15, dalle ore 13 di marted\u00ec 16 giugno fino alle ore 23 di mercoled\u00ec 17 giugno, \u00e8 istituito il divieto di sosta con rimozione forzata e di circolazione; contestualmente, nel tratto compreso tra il civico n. 15 e l\u2019intersezione con corso Vittorio Veneto \u00e8 istituito il doppio senso di circolazione.<\/p>\n","protected":false},"excerpt":{"rendered":"Marted\u00ec prossimo Sondrio accoglier\u00e0 le squadre di ciclisti, maschili e femminili, iscritte al Tour de Suisse, una delle&hellip;\n","protected":false},"author":3,"featured_media":534317,"comment_status":"","ping_status":"","sticky":false,"template":"","format":"standard","meta":{"footnotes":"","_share_on_mastodon":"0"},"categories":[1456],"tags":[1824,8984,1825,1537,90,89,10553,7366,12849,698,245,244,134667],"class_list":["post-534316","post","type-post","status-publish","format-standard","has-post-thumbnail","category-ciclismo","tag-ciclismo","tag-circolazione","tag-cycling","tag-it","tag-italia","tag-italy","tag-modifiche","tag-orari","tag-ordinanza","tag-polizia-locale","tag-sport","tag-sports","tag-tour-de-suisse"],"share_on_mastodon":{"url":"https:\/\/pubeurope.com\/@it\/116732654138889038","error":""},"_links":{"self":[{"href":"https:\/\/www.europesays.com\/it\/wp-json\/wp\/v2\/posts\/534316","targetHints":{"allow":["GET"]}}],"collection":[{"href":"https:\/\/www.europesays.com\/it\/wp-json\/wp\/v2\/posts"}],"about":[{"href":"https:\/\/www.europesays.com\/it\/wp-json\/wp\/v2\/types\/post"}],"author":[{"embeddable":true,"href":"https:\/\/www.europesays.com\/it\/wp-json\/wp\/v2\/users\/3"}],"replies":[{"embeddable":true,"href":"https:\/\/www.europesays.com\/it\/wp-json\/wp\/v2\/comments?post=534316"}],"version-history":[{"count":0,"href":"https:\/\/www.europesays.com\/it\/wp-json\/wp\/v2\/posts\/534316\/revisions"}],"wp:featuredmedia":[{"embeddable":true,"href":"https:\/\/www.europesays.com\/it\/wp-json\/wp\/v2\/media\/534317"}],"wp:attachment":[{"href":"https:\/\/www.europesays.com\/it\/wp-json\/wp\/v2\/media?parent=534316"}],"wp:term":[{"taxonomy":"category","embeddable":true,"href":"https:\/\/www.europesays.com\/it\/wp-json\/wp\/v2\/categories?post=534316"},{"taxonomy":"post_tag","embeddable":true,"href":"https:\/\/www.europesays.com\/it\/wp-json\/wp\/v2\/tags?post=534316"}],"curies":[{"name":"wp","href":"https:\/\/api.w.org\/{rel}","templated":true}]}}