{"id":534337,"date":"2026-06-11T17:42:17","date_gmt":"2026-06-11T17:42:17","guid":{"rendered":"https:\/\/www.europesays.com\/it\/534337\/"},"modified":"2026-06-11T17:42:17","modified_gmt":"2026-06-11T17:42:17","slug":"liran-minaccia-musk-le-sue-aziende-sono-obiettivi-militari-starlink-nel-mirino","status":"publish","type":"post","link":"https:\/\/www.europesays.com\/it\/534337\/","title":{"rendered":"L\u2019Iran minaccia Musk: \u00abLe sue aziende sono obiettivi militari\u00bb. Starlink nel mirino"},"content":{"rendered":"<p>    di<br \/>\n    Giuliana Ferraino<\/p>\n<p class=\"summary-art is-line-h-12 is-mr-t-20\">Alla vigilia del debutto record di SpaceX sul Nasdaq, Teheran mette nel mirino le attivit\u00e0 del miliardario in Medio Oriente, comprese le infrastrutture di Starlink<\/p>\n<p class=\"chapter-paragraph\">Alla vigilia del debutto record di SpaceX in Borsa, l&#8217;impero di Elon Musk finisce nel mirino di Teheran. L&#8217;Iran ha minacciato di considerare <b>\u00abobiettivi militari\u00bb tutte le attivit\u00e0 dell\u2019imprenditore sudafricano in Medio Oriente,<\/b> incluse <b>le infrastrutture della rete satellitare Starlink<\/b>, aprendo un nuovo fronte nello scontro con Washington in un momento di crescente tensione tra i due Paesi. Secondo l&#8217;agenzia di stampa iraniana Fars, vicina ai Pasdaran, le societ\u00e0 riconducibili a Musk sarebbero entrate nella lista dei possibili bersagli delle ritorsioni contro gli Stati Uniti.<b>\u00a0<\/b><\/p>\n<p class=\"chapter-paragraph\">Teheran trascina Musk dentro il conflitto mediorientale in un momento particolarmente delicato per l\u2019uomo pi\u00f9 ricco del mondo. Venerd\u00ec 12 giugno <b>SpaceX debutter\u00e0 al Nasdaq con un&#8217;offerta da 555,6 milioni di azioni a 135 dollari ciascuna<\/b>, un&#8217;operazione che punta a <b>raccogliere circa 75 miliardi di dollari<\/b> e che rappresenta una delle quotazioni pi\u00f9 attese dell&#8217;anno.    &#13;<br \/>\n&#13;<br \/>\n&#13;<br \/>\n&#13;<br \/>\n&#13;<br \/>\n&#13;<br \/>\n&#13;<br \/>\n&#13;<br \/>\n&#13;<br \/>\n&#13;<br \/>\n&#13;<br \/>\n&#13;<br \/>\n&#13;<br \/>\n&#13;<br \/>\n&#13;<br \/>\n&#13;<br \/>\n&#13;<br \/>\n&#13;<br \/>\n&#13;<br \/>\n&#13;<br \/>\n&#13;<br \/>\n&#13;<br \/>\n&#13;<br \/>\n&#13;<br \/>\n&#13;<br \/>\n&#13;<br \/>\n&#13;<br \/>\n&#13;<br \/>\n&#13;<br \/>\n&#13;<br \/>\n&#13;<br \/>\n&#13;<br \/>\n&#13;<br \/>\n&#13;<br \/>\n&#13;<br \/>\n&#13;<br \/>\n&#13;<br \/>\n&#13;<br \/>\n&#13;<br \/>\n&#13;<br \/>\n&#13;<br \/>\n&#13;<br \/>\n&#13;<br \/>\n&#13;<br \/>\n&#13;<br \/>\n&#13;<br \/>\n&#13;<br \/>\n&#13;<br \/>\n&#13;<br \/>\n&#13;<br \/>\n&#13;<br \/>\n&#13;<br \/>\n&#13;\n<\/p>\n<p class=\"chapter-paragraph\"><b>Tra gli obiettivi citati figurerebbe una stazione terrestre regionale di Starlink<\/b>, il sistema di connessione satellitare sviluppato da SpaceX che negli ultimi anni ha assunto un ruolo sempre pi\u00f9 rilevante nelle aree di crisi e nei conflitti internazionali. La rete, che garantisce accesso a Internet attraverso migliaia di satelliti in orbita bassa, \u00e8 considerata da molti governi un&#8217;infrastruttura strategica per le comunicazioni civili e militari.<\/p>\n<p class=\"chapter-paragraph\">La minaccia arriva mentre lo scontro tra Washington e Teheran continua ad aggravarsi. Nelle stesse ore il presidente americano<b> Donald Trump ha alzato ulteriormente i toni<\/b>, scrivendo sul suo social network Truth che gli Stati Uniti colpiranno l&#8217;Iran \u00abmolto duramente questa notte\u00bb. Un messaggio che ha immediatamente alimentato i timori di una nuova escalation militare nella regione.<\/p>\n<p class=\"chapter-paragraph\">Per l&#8217;Iran, le attivit\u00e0 di Musk rappresentano ormai molto pi\u00f9 di semplici investimenti privati. <b>Starlink \u00e8 stata spesso al centro delle critiche delle autorit\u00e0 iraniane,<\/b> che accusano il sistema satellitare di aggirare le restrizioni imposte dal governo sull&#8217;accesso alla rete e di <b>favorire la circolazione di informazioni fuori dal controllo dello Stato<\/b>. In passato Teheran aveva gi\u00e0 contestato il ruolo della piattaforma durante le proteste interne e i periodi di blackout di Internet.<\/p>\n<p class=\"chapter-paragraph\">L&#8217;avvertimento lanciato da Fars segnala come le aziende tecnologiche americane siano sempre pi\u00f9 coinvolte nelle dinamiche geopolitiche globali. Le infrastrutture spaziali e digitali sviluppate da gruppi privati come SpaceX sono diventate asset strategici, capaci di influenzare comunicazioni, sicurezza e operazioni militari. Per questo motivo, in uno scenario di crescente confronto tra Iran e Stati Uniti, anche le societ\u00e0 di Elon Musk rischiano di trovarsi al centro della crisi.<\/p>\n<p class=\"chapter-paragraph\">La minaccia di Teheran Una arriva nel momento meno opportuno per Musk: mentre Wall Street si prepara a celebrare l\u2019Ipo di SpaceX, che punta a raccogliere 75 miliardi di dollari, il fondatore di Tesla si ritrova ancora una volta al centro di una crisi che intreccia tecnologia, spazio e geopolitica.\u00a0<\/p>\n<p class=\"chapter-paragraph\">Fino a pochi anni fa satelliti, piattaforme digitali e reti di comunicazione appartenevano quasi esclusivamente alla sfera economica. Il fatto che Teheran abbia indicato esplicitamente le societ\u00e0 di Musk come possibili bersagli mostra quanto\u00a0<b>le infrastrutture private americane siano ormai considerate parte integrante del confronto strategico<\/b> tra Stati e potenze rivali.<\/p>\n<p><a href=\"https:\/\/www.corriere.it\/app-economia\/?intcmp=DL-app_nd_011024_corriere_ss_conomia\" target=\"_blank\" class=\"bck-app-banner\" rel=\"nofollow noopener\"><img decoding=\"async\" class=\"bck-app-img\" src=\"https:\/\/www.europesays.com\/it\/wp-content\/uploads\/2025\/08\/1756449670_863_app.png\"\/><\/p>\n<p>Nuova app <strong>L&#8217;Economia<\/strong>. News, approfondimenti e l&#8217;assistente virtuale al tuo servizio.<\/p>\n<p>SCARICA L&#8217; APP<\/p>\n<p><img decoding=\"async\" src=\"https:\/\/www.europesays.com\/it\/wp-content\/uploads\/2025\/07\/eco.png\"\/><\/a><\/p>\n<p>Iscriviti alle <a href=\"https:\/\/www.corriere.it\/newsletter\/?theme=4\" rel=\"nofollow noopener\" target=\"_blank\">newsletter de L&#8217;Economia<\/a>. Analisi e commenti sui principali avvenimenti\u00a0economici a cura delle firme del Corriere.<\/p>\n<p class=\"is-last-update\" datetime=\"2026-06-11T17:20:49+02:00\">11 giugno 2026<\/p>\n<p class=\"is-copyright\">\n            \u00a9 RIPRODUZIONE RISERVATA\n        <\/p>\n","protected":false},"excerpt":{"rendered":"di Giuliana Ferraino Alla vigilia del debutto record di SpaceX sul Nasdaq, Teheran mette nel mirino le attivit\u00e0&hellip;\n","protected":false},"author":3,"featured_media":529201,"comment_status":"","ping_status":"","sticky":false,"template":"","format":"standard","meta":{"footnotes":"","_share_on_mastodon":"0"},"categories":[172],"tags":[2748,178,6508,2478,1498,5609,76667,177,104,294813,26663,2491,16259,7714,10607,294814,294815,8792,3761,33523,13520,178736,1174,764,1537,90,89,888,10703,1846,11824,854,2518,118755,1359,34816,53145,993,3414],"class_list":["post-534337","post","type-post","status-publish","format-standard","has-post-thumbnail","category-affari","tag-accesso","tag-affari","tag-americane","tag-arriva","tag-attivita","tag-aziende","tag-bersagli","tag-business","tag-centro","tag-centro-crisi","tag-comunicazioni","tag-confronto","tag-crescente","tag-crisi","tag-debutto","tag-debutto-record","tag-debutto-record-spacex","tag-digitali","tag-dollari","tag-elon","tag-elon-musk","tag-fars","tag-infrastrutture","tag-iran","tag-it","tag-italia","tag-italy","tag-militari","tag-minaccia","tag-mirino","tag-musk","tag-obiettivi","tag-rete","tag-satellitare","tag-societa","tag-spacex","tag-starlink","tag-teheran","tag-uniti"],"share_on_mastodon":{"url":"https:\/\/pubeurope.com\/@it\/116732713902005117","error":""},"_links":{"self":[{"href":"https:\/\/www.europesays.com\/it\/wp-json\/wp\/v2\/posts\/534337","targetHints":{"allow":["GET"]}}],"collection":[{"href":"https:\/\/www.europesays.com\/it\/wp-json\/wp\/v2\/posts"}],"about":[{"href":"https:\/\/www.europesays.com\/it\/wp-json\/wp\/v2\/types\/post"}],"author":[{"embeddable":true,"href":"https:\/\/www.europesays.com\/it\/wp-json\/wp\/v2\/users\/3"}],"replies":[{"embeddable":true,"href":"https:\/\/www.europesays.com\/it\/wp-json\/wp\/v2\/comments?post=534337"}],"version-history":[{"count":0,"href":"https:\/\/www.europesays.com\/it\/wp-json\/wp\/v2\/posts\/534337\/revisions"}],"wp:featuredmedia":[{"embeddable":true,"href":"https:\/\/www.europesays.com\/it\/wp-json\/wp\/v2\/media\/529201"}],"wp:attachment":[{"href":"https:\/\/www.europesays.com\/it\/wp-json\/wp\/v2\/media?parent=534337"}],"wp:term":[{"taxonomy":"category","embeddable":true,"href":"https:\/\/www.europesays.com\/it\/wp-json\/wp\/v2\/categories?post=534337"},{"taxonomy":"post_tag","embeddable":true,"href":"https:\/\/www.europesays.com\/it\/wp-json\/wp\/v2\/tags?post=534337"}],"curies":[{"name":"wp","href":"https:\/\/api.w.org\/{rel}","templated":true}]}}