{"id":534668,"date":"2026-06-11T22:24:17","date_gmt":"2026-06-11T22:24:17","guid":{"rendered":"https:\/\/www.europesays.com\/it\/534668\/"},"modified":"2026-06-11T22:24:17","modified_gmt":"2026-06-11T22:24:17","slug":"morto-giovanni-giaccone-pedalatore-da-record-in-bici-ha-percorso-oltre-2-milioni-di-km-pari-a-650-volte-il-giro-ditalia","status":"publish","type":"post","link":"https:\/\/www.europesays.com\/it\/534668\/","title":{"rendered":"Morto Giovanni Giaccone, pedalatore da record. In bici ha percorso oltre 2 milioni di km, pari a 650 volte il giro d&#8217;Italia"},"content":{"rendered":"<p>    di<br \/>\n    Floriana Rullo<\/p>\n<p class=\"summary-art is-line-h-12\">Aveva 89 anni. Originario di Cuneo, ex docente di matematica dell\u2019istituto tecnico Bonelli, si \u00e8 spento nella notte del 10 giugno all&#8217;Hospice di Busca.  In media ha macinato in sella pi\u00f9 di 50 mila chilometri all\u2019anno<\/p>\n<p class=\"chapter-paragraph\">Se gli si chiedeva che cosa fosse importante rispondeva sempre: <b>i miei ragazzi <\/b>e la mia <b>bicicletta<\/b>. \u00c8 morto il <b>professor Giovanni Giaccone<\/b>, portato via da un tumore all&#8217;et\u00e0 di 89 anni.\u00a0<\/p>\n<p>    Distanze lunari<\/p>\n<p class=\"chapter-paragraph\">Residente a Cuneo, laureato in Economia e Commercio all\u2019Universit\u00e0 di Torino, aveva iniziato una seconda laurea in Scienze statistiche, che non concluse per andare a lavorare in <b>banca<\/b>. Una piccola parentesi prima di iniziare a insegnare  <b>matematica all&#8217;istituto tecnico Bonelli<\/b>, dal 1973 al 2004. Ma la sua vera grande passione era la <b>bicicletta<\/b>. Negli anni era diventato l&#8217;uomo dei record. Era stato capace di percorrere <b>2.302.605<\/b> chilometri in bicicletta, quasi <b>650<\/b> volte il giro d&#8217;Italia completo o <b>57<\/b> volte il giro del mondo, <b>sei <\/b>volte il tragitto che separa <b>la Terra dalla Luna<\/b>.    &#13;<br \/>\n&#13;<br \/>\n&#13;<br \/>\n&#13;<br \/>\n&#13;<br \/>\n&#13;<br \/>\n&#13;<br \/>\n&#13;<br \/>\n&#13;<br \/>\n&#13;<br \/>\n&#13;<br \/>\n&#13;<br \/>\n&#13;<br \/>\n&#13;<br \/>\n&#13;<br \/>\n&#13;<br \/>\n&#13;<br \/>\n&#13;<br \/>\n&#13;<br \/>\n&#13;<br \/>\n&#13;<br \/>\n&#13;<br \/>\n&#13;<br \/>\n&#13;<br \/>\n&#13;<br \/>\n&#13;<br \/>\n&#13;<br \/>\n&#13;<br \/>\n&#13;<br \/>\n&#13;<br \/>\n&#13;<br \/>\n&#13;<br \/>\n&#13;<br \/>\n&#13;<br \/>\n&#13;<br \/>\n&#13;<br \/>\n&#13;<br \/>\n&#13;<br \/>\n&#13;<br \/>\n&#13;<br \/>\n&#13;<br \/>\n&#13;<br \/>\n&#13;<br \/>\n&#13;<br \/>\n&#13;<br \/>\n&#13;<br \/>\n&#13;<br \/>\n&#13;<br \/>\n&#13;<br \/>\n&#13;<br \/>\n&#13;<br \/>\n&#13;<br \/>\n&#13;\n<\/p>\n<p>    Il diario di marcia<\/p>\n<p class=\"chapter-paragraph\">Scriveva tutto in una tabella, nero su bianco. L&#8217;ultima volta il 27 febbraio scorso: \u00abTre km per andare da casa sua in ospedale e fare gli accertamenti\u00bb. Nella vita ha messo a segno numerosi successi pedalando pi\u00f9 di 40 mila chilometri all\u2019anno per quarant\u2019anni, <b>dal 1983 al 2022<\/b>. E per altri 22 anni  ha macinato pi\u00f9 di <b>50 mila chilometri,<\/b> con un record di 59.180 km nell\u2019anno solare 2007. Per 18 anni completi tra il 1990 e il 2012 \u00e8 salito in sella ogni giorno. Dal 1989 al febbraio 2006 ha trascorso <b>6.086 giorni<\/b> consecutivi in bicicletta.\u00a0<\/p>\n<p>    Le corse preferite<\/p>\n<p class=\"chapter-paragraph\">Con il fratello, morto in un incidente proprio in bici, partecip\u00f2 a numerose gare. Le sue preferite erano le <b>randonn\u00e9e<\/b>, le lunghe distanze, in cui si pedala anche la notte. Partecip\u00f2 alla leggendaria Parigi-Brest-Parigi e alla Bergamo-Roma-Bergamo (1.400 km), a tutte le edizioni della Fausto Coppi tranne due, con vittoria di categoria nella prima edizione nel 1987. L\u2019anno prima si era aggiudicato la \u00abMarmotte\u00bb in Francia.<\/p>\n<p>    Commissario d&#8217;esame in sella<\/p>\n<p class=\"chapter-paragraph\">Perfino per gli esami, nel 1993 e 1994, <b>a Terni e Gorizia<\/b> come commissario agli esami di Maturit\u00e0, and\u00f2 sempre in bicicletta e la valigia la sped\u00ec in albergo. Per questo era  facile incontrarlo sul <b>viale degli Angeli<\/b> oppure sulle strade di montagna e tra i colli del cuneese, sempre in sella alle sue due ruote, che lo hanno accompagnato per tutta la sua lunga vita. Un incidente in bici nel <b>2023 <\/b>lo aveva costretto per la prima volta a fermarsi. Frattura del femore, l&#8217;intervento e di nuovo in sella dopo qualche mese.<\/p>\n<p class=\"chapter-paragraph\">I funerali sono fissati per venerd\u00ec 12 giugno, alle 10, al tempio crematorio di Magliano Alpi.<\/p>\n<p class=\"is-mr-t-20 is-mr-b-20\"><b><br \/>\n                    <a href=\"https:\/\/torino.corriere.it\/?intcmp=Notizielocali_nd_010623_corriere_ss_nd\" target=\"_blank\" rel=\"nofollow noopener\">Vai a tutte le notizie di Torino<\/a><br \/>\n            <\/b><\/p>\n<p class=\"chapter-paragraph\"><b><a href=\"https:\/\/www.corriere.it\/newsletter\/?theme=35&amp;intcmp=IIIcolonna_NL_CorTorino\" target=\"_blank\" rel=\"nofollow noopener\">Iscriviti alla newsletter di Corriere Torino<\/a><\/b><\/p>\n<p class=\"is-last-update\" datetime=\"2026-06-11T10:04:08+02:00\">11 giugno 2026 ( modifica il 11 giugno 2026 | 10:04)<\/p>\n<p class=\"is-copyright\">\n            \u00a9 RIPRODUZIONE RISERVATA\n        <\/p>\n","protected":false},"excerpt":{"rendered":"di Floriana Rullo Aveva 89 anni. Originario di Cuneo, ex docente di matematica dell\u2019istituto tecnico Bonelli, si \u00e8&hellip;\n","protected":false},"author":3,"featured_media":534669,"comment_status":"","ping_status":"","sticky":false,"template":"","format":"standard","meta":{"footnotes":"","_share_on_mastodon":"0"},"categories":[1456],"tags":[32,1687,3508,1653,11999,2225,1824,3758,14017,1825,22372,6104,1595,294987,2759,294988,3369,32871,1148,298,294989,1196,43343,1537,90,89,4639,300,3421,57520,245,244],"class_list":["post-534668","post","type-post","status-publish","format-standard","has-post-thumbnail","category-ciclismo","tag-andare","tag-bergamo","tag-bici","tag-bicicletta","tag-bonelli","tag-chilometri","tag-ciclismo","tag-commissario","tag-cuneo","tag-cycling","tag-distanze","tag-esami","tag-febbraio","tag-giaccone","tag-giovanni","tag-giovanni-giaccone","tag-giro","tag-giro-italia","tag-giugno","tag-incidente","tag-incidente-bici","tag-istituto","tag-istituto-tecnico","tag-it","tag-italia","tag-italy","tag-km","tag-morto","tag-record","tag-sella","tag-sport","tag-sports"],"share_on_mastodon":{"url":"https:\/\/pubeurope.com\/@it\/116733822042220740","error":""},"_links":{"self":[{"href":"https:\/\/www.europesays.com\/it\/wp-json\/wp\/v2\/posts\/534668","targetHints":{"allow":["GET"]}}],"collection":[{"href":"https:\/\/www.europesays.com\/it\/wp-json\/wp\/v2\/posts"}],"about":[{"href":"https:\/\/www.europesays.com\/it\/wp-json\/wp\/v2\/types\/post"}],"author":[{"embeddable":true,"href":"https:\/\/www.europesays.com\/it\/wp-json\/wp\/v2\/users\/3"}],"replies":[{"embeddable":true,"href":"https:\/\/www.europesays.com\/it\/wp-json\/wp\/v2\/comments?post=534668"}],"version-history":[{"count":0,"href":"https:\/\/www.europesays.com\/it\/wp-json\/wp\/v2\/posts\/534668\/revisions"}],"wp:featuredmedia":[{"embeddable":true,"href":"https:\/\/www.europesays.com\/it\/wp-json\/wp\/v2\/media\/534669"}],"wp:attachment":[{"href":"https:\/\/www.europesays.com\/it\/wp-json\/wp\/v2\/media?parent=534668"}],"wp:term":[{"taxonomy":"category","embeddable":true,"href":"https:\/\/www.europesays.com\/it\/wp-json\/wp\/v2\/categories?post=534668"},{"taxonomy":"post_tag","embeddable":true,"href":"https:\/\/www.europesays.com\/it\/wp-json\/wp\/v2\/tags?post=534668"}],"curies":[{"name":"wp","href":"https:\/\/api.w.org\/{rel}","templated":true}]}}