{"id":534785,"date":"2026-06-12T00:15:15","date_gmt":"2026-06-12T00:15:15","guid":{"rendered":"https:\/\/www.europesays.com\/it\/534785\/"},"modified":"2026-06-12T00:15:15","modified_gmt":"2026-06-12T00:15:15","slug":"virtus-domenica-3-maggio-in-campo-a-sassari-dove-vedere-il-match-in-tv","status":"publish","type":"post","link":"https:\/\/www.europesays.com\/it\/534785\/","title":{"rendered":"Virtus, domenica 3 maggio\u00a0in campo a Sassari: dove vedere il match in tv"},"content":{"rendered":"<p>Bologna, 2 maggio 2026 &#8211; <strong>Il primato da difendere da una parte,<\/strong> una salvezza a cui rimanere ancora attaccati dall\u2019altra.Virtus-Sassari, o meglio Dinamo Sassari-Virtus Olidata \u00e8 sicuramente l\u2019appuntamento pi\u00f9 interessante e pi\u00f9 importante della penultima giornata di serie A di basket. Al PalaSerradimigni si sfidano 2 squadre alla fondamentale ricerca di punti per continuare a coltivare i propri obiettivi stagionali.<\/p>\n<p>A un passo dalla certezza del primo posto in stagione regolare <\/p>\n<p>Dopo l\u2019ultimo turno la Virtus Olidata \u00e8 ad un solo passo dalla certezza del primo posto in stagione regolare e quindi del vantaggio del fattore campo nei playoff. <strong>Tanto o poco, ma alla fine \u00e8 sempre meglio avere la \u201ceventuale bella\u201d<\/strong> in casa piuttosto che andare a giocarsi le proprie chance in trasferta. Una vittoria di Ale Pajola e compagni garantirebbe, senza guardare il risultato degli altri, all\u2019Olidata il primo posto.<\/p>\n<p>La\u00a0sfida di domenica importante anche per Sassari <\/p>\n<p>Ma la sfida di domani riveste una importanza particolare anche per Sassari. Dopo l\u2019ultimo pessimo periodo<strong> i sardi sono infatti precipitati all\u2019ultimo posto<\/strong> in stagione regolare e con la vittoria di domenica scorsa di Treviso a Brescia sono a meno due dai veneti. A due turni dal termine imperativo di Sassari e vincere per tenere accese le proprie speranze di salvezza. Una sconfitta domani potrebbe gi\u00e0 dire retrocessione in A2.<\/p>\n<p>Indisponibili Vildoza e Morgan <\/p>\n<p>Nella Olidata indisponibili Luca Vildoza e Matt Morgan, mancher\u00e0 anche Matteo Accorsi che durante l\u2019allenamento di gioved\u00ec<strong> ha accusato una lussazione al primo dito<\/strong> della mano destra. <strong>\u00a0\u201cAl di l\u00e0 delle questioni tecniche <\/strong>che che comunque sono importanti, sappiamo che la componente emotiva sar\u00e0 la chiave principale della partita &#8211; conferma l\u2019assistant coach Daniele Parente &#8211; Giochiamo contro una squadra che si trova spalle al muro, quindi ci aspettiamo una forte reazione sia dalla squadra che dal pubblico. Per questo quindi dobbiamo controllare anche questo aspetto della partita. Nonostante la classifica sono una delle migliori squadre a rimbalzo offensivo della lega, sia per quantit\u00e0 oltre a essere primi per punti prodotti dopo il rimbalzo in attacco. Hanno talento quindi dobbiamo essere bravi, soprattutto nell\u2019approccio alla partita. Dovremo contenere la loro energia e portare la partita verso ritmi a noi pi\u00f9 congeniali: sar\u00e0 una sfida importante e la componente emotiva giocher\u00e0 un ruolo fondamentale\u201d. Arbitri &#8211; Direzione di gara affidata a Attard, Bartoli e Bongiorni. <strong>Radio &amp; tv &#8211; Diretta streaming su Lba TV e radio su Nettuno Bologna Uno.<\/strong><\/p>\n","protected":false},"excerpt":{"rendered":"Bologna, 2 maggio 2026 &#8211; Il primato da difendere da una parte, una salvezza a cui rimanere ancora&hellip;\n","protected":false},"author":3,"featured_media":534786,"comment_status":"","ping_status":"","sticky":false,"template":"","format":"standard","meta":{"footnotes":"","_share_on_mastodon":"0"},"categories":[1453],"tags":[1756,1757,921,1112,1537,90,89,707,1894,12118,245,244,2959,5284],"class_list":["post-534785","post","type-post","status-publish","format-standard","has-post-thumbnail","category-basket","tag-basket","tag-basketball","tag-campo","tag-domenica","tag-it","tag-italia","tag-italy","tag-maggio","tag-match","tag-sassari","tag-sport","tag-sports","tag-vedere","tag-virtus"],"share_on_mastodon":{"url":"https:\/\/pubeurope.com\/@it\/116734258621511162","error":""},"_links":{"self":[{"href":"https:\/\/www.europesays.com\/it\/wp-json\/wp\/v2\/posts\/534785","targetHints":{"allow":["GET"]}}],"collection":[{"href":"https:\/\/www.europesays.com\/it\/wp-json\/wp\/v2\/posts"}],"about":[{"href":"https:\/\/www.europesays.com\/it\/wp-json\/wp\/v2\/types\/post"}],"author":[{"embeddable":true,"href":"https:\/\/www.europesays.com\/it\/wp-json\/wp\/v2\/users\/3"}],"replies":[{"embeddable":true,"href":"https:\/\/www.europesays.com\/it\/wp-json\/wp\/v2\/comments?post=534785"}],"version-history":[{"count":0,"href":"https:\/\/www.europesays.com\/it\/wp-json\/wp\/v2\/posts\/534785\/revisions"}],"wp:featuredmedia":[{"embeddable":true,"href":"https:\/\/www.europesays.com\/it\/wp-json\/wp\/v2\/media\/534786"}],"wp:attachment":[{"href":"https:\/\/www.europesays.com\/it\/wp-json\/wp\/v2\/media?parent=534785"}],"wp:term":[{"taxonomy":"category","embeddable":true,"href":"https:\/\/www.europesays.com\/it\/wp-json\/wp\/v2\/categories?post=534785"},{"taxonomy":"post_tag","embeddable":true,"href":"https:\/\/www.europesays.com\/it\/wp-json\/wp\/v2\/tags?post=534785"}],"curies":[{"name":"wp","href":"https:\/\/api.w.org\/{rel}","templated":true}]}}