{"id":534856,"date":"2026-06-12T01:19:17","date_gmt":"2026-06-12T01:19:17","guid":{"rendered":"https:\/\/www.europesays.com\/it\/534856\/"},"modified":"2026-06-12T01:19:17","modified_gmt":"2026-06-12T01:19:17","slug":"irama-debutta-a-san-siro-scaletta-viabilita-e-parcheggi-del-concerto-dell11-giugno","status":"publish","type":"post","link":"https:\/\/www.europesays.com\/it\/534856\/","title":{"rendered":"Irama\u00a0debutta a San Siro: scaletta, viabilit\u00e0 e parcheggi\u00a0del concerto dell&#8217;11 giugno"},"content":{"rendered":"<p>Milano, 11 giugno 2026 \u2013\u00a0\u201cHo fatto un sogno\u2026<strong> San Siro 11 giugno 2026<\/strong>\u201d: lo aveva annunciato cos\u00ec sui social, durante il Festival di Sanremo 2025. Quella frase \u00e8 diventata realt\u00e0 questa sera, quando<strong> Irama<\/strong> salir\u00e0 per la prima volta sul palco dello <strong>stadio Meazza <\/strong>a Milano.<\/p>\n<p>Un <strong>debutto <\/strong>atteso da mesi, che arriva nel momento forse pi\u00f9 alto della sua carriera: 55 dischi di platino, 6 d\u2019oro, oltre 2,5 miliardi di stream, il sold out all\u2019<strong>Arena di Verona<\/strong> lo scorso autunno, l\u2019album Antologia della vita e della morte certificato disco d\u2019oro e, da poche settimane, la nomina a giudice della prossima edizione di X Factor. <strong>Trenta brani in scaletta <\/strong>ad arricchire la serata, insieme a <strong>momenti speciali<\/strong> pensati per rendere ancora pi\u00f9 unico e irripetibile il primo concerto di Irama allo stadio San Siro. Uno show prodotto da Vivo Concerti.<\/p>\n<p>Lo spettacolo prender\u00e0 il via alle ore 21. I biglietti per il prato sono esauriti da tempo, ma online sono ancora disponibili gli ultimissimi tagliandi.<\/p>\n<p>Il primo San Siro della carriera <\/p>\n<p>Sul palco del Meazza <strong>Irama non sar\u00e0 solo.<\/strong> Lo accompagnano cinque musicisti e cinque coristi, con il direttore musicale Giulio Nenna anche alle tastiere. Completano la formazione <strong>Francesco &#8220;Fre&#8221; Monti<\/strong> alle chitarre, <strong>Maurino Dell&#8217;Acqua<\/strong> al basso, <strong>Giovanni Cilio <\/strong>alla batteria e <strong>Daniele Mona<\/strong> alle percussioni. La sezione vocale \u00e8 affidata ad <strong>Ariane Diakite, Fatimah Provillon, Alice Tombola, Selma Ezzine<\/strong> e <strong>Samir Abass.<\/strong><\/p>\n<p>La scaletta del concerto <\/p>\n<p>La<strong> setlist ufficiale <\/strong>\u00e8 top secret. Questa \u00e8 l\u2019<strong>unica data estiva<\/strong> del tour, il che rende ogni previsione ancora pi\u00f9 incerta. L\u2019unica certezza \u00e8 che la scaletta dello show, composta da oltre trenta brani, attraverser\u00e0 i momenti pi\u00f9 significativi del percorso artistico di Irama, alternando le canzoni che ne hanno segnato l\u2019ascesa ai brani pi\u00f9 recenti tratti da Antologia della vita e della morte. Da Ovunque sarai a Nera, da La genesi del tuo colore a Lentamente, passando per Tu no, Mediterranea e Arrogante, il concerto sar\u00e0 un viaggio tra le diverse anime della sua musica. Non mancher\u00e0 Cabana, il nuovo singolo che racconta notti da vivere fino in fondo, tra musica, attrazione e voglia di lasciarsi andare.<\/p>\n<p>Dal <strong>docufilm <\/strong>pubblicato da Irama sul proprio canale YouTube e dalle riprese delle prove \u00e8 per\u00f2 possibile ipotizzare una scaletta tra i grandi successi e gli ultimi\u00a0pezzi del nuovo album. Tra i titoli pi\u00f9 attesi: Ovunque sarai, La genesi del tuo colore, Nera, Mediterranea, Arrogante, Tu no, Lentamente e La ragazza con il cuore di latta.<\/p>\n<p>La (possibile) setlist <\/p>\n<ul>\n<li>Bazooka<\/li>\n<li>5 Gocce<\/li>\n<li>Ali<\/li>\n<li>Un giorno in pi\u00f9<\/li>\n<li>Lentamente<\/li>\n<li>Bella e rovinata<\/li>\n<li>La ragazza con il cuore di latta<\/li>\n<li>Tutto tranne questo<\/li>\n<li>Senz&#8217;anima<\/li>\n<li>Mediterranea<\/li>\n<li>Arrogante<\/li>\n<li>Luna piena<\/li>\n<li>Yo quiero amarte<\/li>\n<li>\u00c8 la luna<\/li>\n<li>Nera<\/li>\n<li>Crepe<\/li>\n<li>Goodbye<\/li>\n<li>Tu no<\/li>\n<li>Circo<\/li>\n<li>48 ore<\/li>\n<li>Sogno fragile<\/li>\n<li>Baby<\/li>\n<li>Galassie<\/li>\n<li>Mi mancherai moltissimo<\/li>\n<li>Polvere<\/li>\n<li>Buio<\/li>\n<li>Ovunque sarai<\/li>\n<li>La genesi del tuo colore<\/li>\n<li>Dedicato a te<\/li>\n<li>Cabana<\/li>\n<\/ul>\n<p>Tra i momenti pi\u00f9 attesi della serata c&#8217;\u00e8 l&#8217;esecuzione di <strong>&#8220;Cabana&#8221;<\/strong>,\u00a0il nuovo singolo, e secondo le immagini delle prove anche il primo brano a essere portato live per la prima volta proprio qui, sul palco pi\u00f9 grande della musica italiana.<\/p>\n<p>Come arrivare allo stadio Meazza <\/p>\n<p>Lo stadio Giuseppe Meazza si trova in Piazzale Angelo Moratti, nel quartiere San Siro.<\/p>\n<p>In occasione del concerto, le <strong>linee metropolitane M1 e M5<\/strong> saranno potenziate e resteranno attive fino a tarda notte per facilitare il deflusso degli spettatori.<\/p>\n<p>Per chi utilizza la<strong> linea rossa M1<\/strong>, i treni continueranno a circolare oltre il normale orario di chiusura soltanto dalla stazione di Lotto verso il capolinea di Sesto FS. L&#8217;ultimo convoglio partir\u00e0 intorno all&#8217;una di notte.<\/p>\n<p>Anche la linea lilla M5 prolungher\u00e0 il servizio: l&#8217;ultimo treno dalla stazione San Siro Stadio verso Bignami partir\u00e0 indicativamente all&#8217;una.<\/p>\n<p>Mantengono invece gli orari ordinari le linee M2, M3 e M4, oltre alle tratte della M1 tra Rho e Lotto, tra Sesto e Bisceglie e da Sesto verso Rho.<\/p>\n<p><strong>Dopo la chiusura della metropolitana <\/strong>entreranno in funzione i bus notturni sostitutivi Nm1, Nm2, Nm3 e Nm4.<\/p>\n<p>Per ragioni di ordine pubblico, al termine del concerto verranno<strong> chiuse temporaneamente<\/strong> le fermate M5 Segesta e Ippodromo. Gli spettatori potranno utilizzare le stazioni San Siro Stadio e Lotto oppure raggiungere a piedi la fermata M1 Lotto, distante circa quindici minuti.<\/p>\n<p>Orari di apertura dei cancelli <\/p>\n<p>I cancelli aprono alle ore 17.00 per i possessori di biglietti prato e prato gold (varchi 2 e 15) e alle ore 18.00 per chi ha un biglietto per le tribune (varchi 3, 5, 7, 8, 9, 10 e 14). Anche biglietteria e cassa accrediti aprono\u00a0alle 17.00.<\/p>\n<p>Parcheggi disponibili <\/p>\n<p>Chi raggiunger\u00e0 il concerto in automobile potr\u00e0 utilizzare il <strong>parcheggio di Lampugnano<\/strong>, che rester\u00e0 aperto fino alle ore 2. Un&#8217;alternativa sono i <strong>parcheggi del Centro Sarca<\/strong> e del <strong>Bicocca Village,<\/strong> collegati allo stadio tramite la linea M5 con fermata San Siro Stadio.<\/p>\n<p>Zone rosse e strade chiuse <\/p>\n<p>Dalle ore 12 di oggi e fino al termine dell&#8217;evento \u00e8<strong> vietato l&#8217;accesso ai veicoli nella zona adiacente al Meazza<\/strong>, con mezzi per la rimozione forzata delle auto parcheggiate irregolarmente.<\/p>\n<p>Sono previste <strong>deroghe<\/strong> per residenti, persone con disabilit\u00e0 munite di contrassegno, taxi, veicoli NCC, autonegozi autorizzati, biciclette, motocicli e ciclomotori. Consentito inoltre l&#8217;accesso ai mezzi diretti verso propriet\u00e0 private e ai parcheggi autorizzati situati nella carreggiata laterale di viale Caprilli, in piazzale dello Sport e nelle aree in concessione di via Tesio e via Achille.<\/p>\n","protected":false},"excerpt":{"rendered":"Milano, 11 giugno 2026 \u2013\u00a0\u201cHo fatto un sogno\u2026 San Siro 11 giugno 2026\u201d: lo aveva annunciato cos\u00ec sui&hellip;\n","protected":false},"author":3,"featured_media":534857,"comment_status":"","ping_status":"","sticky":false,"template":"","format":"standard","meta":{"footnotes":"","_share_on_mastodon":"0"},"categories":[174],"tags":[1569,8494,203,1148,204,55270,1537,90,89,9742,532,7600,9613,20991],"class_list":["post-534856","post","type-post","status-publish","format-standard","has-post-thumbnail","category-intrattenimento","tag-concerto","tag-debutta","tag-entertainment","tag-giugno","tag-intrattenimento","tag-irama","tag-it","tag-italia","tag-italy","tag-parcheggi","tag-san","tag-scaletta","tag-siro","tag-viabilita"],"share_on_mastodon":{"url":"https:\/\/pubeurope.com\/@it\/116734510269184066","error":""},"_links":{"self":[{"href":"https:\/\/www.europesays.com\/it\/wp-json\/wp\/v2\/posts\/534856","targetHints":{"allow":["GET"]}}],"collection":[{"href":"https:\/\/www.europesays.com\/it\/wp-json\/wp\/v2\/posts"}],"about":[{"href":"https:\/\/www.europesays.com\/it\/wp-json\/wp\/v2\/types\/post"}],"author":[{"embeddable":true,"href":"https:\/\/www.europesays.com\/it\/wp-json\/wp\/v2\/users\/3"}],"replies":[{"embeddable":true,"href":"https:\/\/www.europesays.com\/it\/wp-json\/wp\/v2\/comments?post=534856"}],"version-history":[{"count":0,"href":"https:\/\/www.europesays.com\/it\/wp-json\/wp\/v2\/posts\/534856\/revisions"}],"wp:featuredmedia":[{"embeddable":true,"href":"https:\/\/www.europesays.com\/it\/wp-json\/wp\/v2\/media\/534857"}],"wp:attachment":[{"href":"https:\/\/www.europesays.com\/it\/wp-json\/wp\/v2\/media?parent=534856"}],"wp:term":[{"taxonomy":"category","embeddable":true,"href":"https:\/\/www.europesays.com\/it\/wp-json\/wp\/v2\/categories?post=534856"},{"taxonomy":"post_tag","embeddable":true,"href":"https:\/\/www.europesays.com\/it\/wp-json\/wp\/v2\/tags?post=534856"}],"curies":[{"name":"wp","href":"https:\/\/api.w.org\/{rel}","templated":true}]}}