{"id":535072,"date":"2026-06-12T05:27:22","date_gmt":"2026-06-12T05:27:22","guid":{"rendered":"https:\/\/www.europesays.com\/it\/535072\/"},"modified":"2026-06-12T05:27:22","modified_gmt":"2026-06-12T05:27:22","slug":"cinzia-dal-pino-condannata-a-18-anni-travolse-e-uccise-con-il-suv-il-ladro-che-le-aveva-rubato-la-borsa","status":"publish","type":"post","link":"https:\/\/www.europesays.com\/it\/535072\/","title":{"rendered":"Cinzia Dal Pino condannata a 18 anni: travolse e uccise con il Suv il ladro che le aveva rubato la borsa"},"content":{"rendered":"<p>Viareggio, 11 giugno 2026 \u2013\u00a0E\u2019 arrivata nella mattinata di oggi, <strong>gioved\u00ec 11 giugno<\/strong>, la <strong>sentenza<\/strong>\u00a0della corte di Assise del tribunale di Lucca sull&#8217;<a rel=\"follow nofollow noopener\" href=\"https:\/\/www.lanazione.it\/viareggio\/cronaca\/omicidio-in-via-coppino-il-giorno-del-verdetto-cinzia-dal-pino-rischia-lergastolo-utpzh16e\" target=\"_blank\"><strong>omicidio di via Coppino<\/strong><\/a>: condannata a\u00a0<strong>18 anni<\/strong>\u00a0per <strong>omicidio volontario<\/strong> senza aggravanti con attenuanti generiche\u00a0<a rel=\"follow nofollow noopener\" href=\"https:\/\/www.lanazione.it\/viareggio\/cronaca\/processo-dal-pino-ujrerz7b\" target=\"_blank\"><strong>Cinzia Dal Pino<\/strong><\/a>,\u00a0 65 anni, la balneare viareggina che l&#8217;8 settembre 2024, a Viareggio,\u00a0<strong>uccise il ladro <\/strong>che l&#8217;aveva derubata della borsa, Noureddine Mezgui, detto Said, marocchino di 52 anni, travolgendolo con l&#8217;auto.\u00a0<\/p>\n<p> <img alt=\"La replica della difesa: &quot;Non voleva uccidere. Solo recuperare la borsa&quot;\" loading=\"lazy\" width=\"1931\" height=\"1111\" decoding=\"async\" data-nimg=\"1\" style=\"color:transparent;max-width:100%;height:auto\"   src=\"https:\/\/www.europesays.com\/it\/wp-content\/uploads\/2026\/06\/la-replica-della-difesa-non-voleva-uccidere-solo-recuperare-la-borsa.webp\"\/><\/p>\n<p>Cinzia Dal Pino ha seguito tutta l\u2019udienza di ieri restando accanto ai suoi avvocati quando la Pm ha richiesto l\u2019ergastolo per lei<\/p>\n<p>Dal Pino ha ascoltato la sentenza in aula accompagnata dalla figlia senza mostrare reazioni. La Corte ha stabilito l&#8217;espiazione della condanna alla <strong>detenzione domiciliare<\/strong>. Il pubblico ministero Sara Polino aveva chiesto <strong>l\u2019ergastolo<\/strong> per la balneare. Secondo la Pm Dal Pino avrebbe agito con una precisa \u201cvolont\u00e0 omicidiaria\u201d.<\/p>\n<p> <img alt=\"Cinzia Dal Pino condannata a 18 anni: travolse e uccise con il Suv il ladro che le aveva rubato la borsa\" loading=\"lazy\" width=\"762\" height=\"429\" decoding=\"async\" data-nimg=\"1\" style=\"color:transparent\"  src=\"https:\/\/www.europesays.com\/it\/wp-content\/uploads\/2026\/06\/xaeizwi.jpeg\"\/> <\/p>\n<p>Un delitto nato da un furto: cosa accadde quella sera <\/p>\n<p>Un delitto nato dunque dal <strong>furto di una borsetta<\/strong>, e consumato in <strong>via Coppino<\/strong> a settembre 2024. Ecco cosa accadde quella sera: dopo una cena con gli amici, Cinzia Dal Pino\u00a0sal\u00ec in auto per tornare a casa quando venne raggiunta e derubata dall\u2019uomo, <strong>52enne originario di Casablanca<\/strong>. Con la borsa tra le mani Mezgui si incammin\u00f2 verso il mare, seguito dal Suv condotto dalla donna. Col cofano Dal Pino punt\u00f2 Mezgui, e avanz\u00f2 <strong>quattro volte<\/strong> <strong>sopra il suo corpo<\/strong>.\u00a0Nonostante i soccorsi, Nourredine mor\u00ec per le gravi ferite riportate nell\u2019investimento. Fatale per lui fu un\u2019<strong>emorragia<\/strong>, provocata da una lesione dell\u2019aorta addominale. Furono i filmati di alcune telecamere di sorveglianza a individuare il suv e ad aiutare i poliziotti a trovare Cinzia Dal Pino, che fu arrestata ore dopo.\u00a0<\/p>\n<p> <img alt=\"Cinzia Dal Pino condannata a 18 anni: travolse e uccise con il Suv il ladro che le aveva rubato la borsa\" loading=\"lazy\" width=\"762\" height=\"429\" decoding=\"async\" data-nimg=\"1\" style=\"color:transparent\"  src=\"https:\/\/www.europesays.com\/it\/wp-content\/uploads\/2026\/06\/xaej11m.jpeg\"\/> <\/p>\n<p>Il film dell\u2019omicidio <\/p>\n<p>Secondo quanto ricostruito dall\u2019ingegnere Fabio Bernardini, consulente della Procura \u2013 che incrociando i filmati delle videocamere di via Coppino coi dati del Gps del Suv di Dal Pino ha cristallizzato ogni movimento dell\u2019auto \u2013 quel primo urto sarebbe avvenuto ad una velocit\u00e0 di circa 10 chilometri orari.\u00a0A quel punto la Mercedes arretr\u00f2 di qualche metro, mentre l\u2019uomo si trova rannicchiato, <strong>e poi avanz\u00f2 una seconda volta a velocit\u00e0 moderata<\/strong>. Il terzo urto, dei quattro totali, \u00e8 stato invece il pi\u00f9 violento, con un forza pari ad un peso di 6.600 chilogrammi attutita della colonna della vetrina della ditta \u201cCantalupi\u201c. E quando a quel punto Nourdine era gi\u00e0 piegato a terra, sollevato appena col busto, il Suv condotto da Dal Pino avanz\u00f2 ancora, spostando l\u2019uomo, di circa un metro, col paraurti.\u00a0La Dal Pino allora scese dal Mercedes, recuper\u00f2 la sua borsa e si allontan\u00f2 in auto. Le telecamere ripresero un attimo dopo il Suv che, fatta inversione in fondo a via Coppino, ripass\u00f2 davanti al corpo dell\u2019uomo ormai esanime sul marciapiede. Dal Pino, prima di tornare a casa, si ferm\u00f2 di nuovo al ristorante dove aveva cenato, per riconsegnare alla titolare l\u2019ombrello che le era stato prestato per ripararsi dalla pioggia. \u201cPi\u00f9 volte \u2013 ha raccontato la ristoratrice, nel corso della testimonianza \u2013 ha provato a passarmelo dal finestrino che per\u00f2 era chiuso&#8230;\u201d. Sar\u00e0 una coppia, di passaggio in via Coppino, a far scattare i soccorsi e le indagini.<\/p>\n<p>Quando lui \u00e8 a terra, lei scende, riprende la borsa, risale in auto e torna a casa. <strong>Senza chiamare i soccorsi<\/strong>. Per questo la PM <strong>Sara Polino<\/strong>, secondo la quale Dal Pino avrebbe agito con una precisa \u201cvolont\u00e0 omicidiaria\u201d, aveva chiesto la condanna all\u2019ergastolo davanti alla Corte d\u2019Assise di Lucca, presieduta dalla giudice <strong>Nidia Genovese<\/strong>.\u00a0<\/p>\n<p>L\u2019omicidio ripreso dalle telecamere <\/p>\n<p>L\u2019<strong>investimento <\/strong>da parte dell\u2019imprenditrice fu ripreso da alcune <strong>telecamere di sicurezza<\/strong>, che documentarono quanto accadde in via Coppino. Sulla donna non \u00e8 stato rilevato alcun vizio di mente, secondo la perizia svolta su disposizione della Corte d\u2019Assise di Lucca. La donna, che secondo la difesa soffre di apnee notturne, pu\u00f2 aver avuto conseguenze psicologiche, ma non tali da determinare l\u2019incapacit\u00e0 di intendere e volere.<\/p>\n<p>La difesa <\/p>\n<p>Secondo la difesa, rappresentata dei professori <strong>Enrizo Marzaduri<\/strong> e <strong>Alberto Gargani<\/strong>, la donna sarebbe stata travolta dal panico e dalla paura dopo il furto. Ma comunque <strong>capace di intendere<\/strong> e volere, come confermato dai periti del Tribunale.\u00a0 I<strong> <\/strong>legali di Dal Pino hanno sostenuto nel processo l&#8217;<strong>eccesso colposo di legittima difesa<\/strong>.\u00a0<\/p>\n<p>Il motivo dei domiciliari <\/p>\n<p>La donna sconter\u00e0 quindi alla detenzione domiciliare la sua condanna. Questo &#8220;perch\u00e9 la misura cautelare resta in piedi salvo<strong> che non venga chiesta una revoca<\/strong>, una modifica, da parte della difesa\u201d. Ma questa richiesta, come\u00a0ha spiegato ai giornalisti l&#8217;avvocato di parte civile Gianmarco Romanini, che tutela la famiglia della vittima, non \u00e8 arrivata<strong>. &#8220;Gli arresti domiciliari sono gi\u00e0 un modo per scontare la pena<\/strong> quindi giustamente la difesa non chieder\u00e0 revoca&#8221;, ha aggiunto l&#8217;avvocato Enrico Carboni, altro legale di parte civile.<\/p>\n","protected":false},"excerpt":{"rendered":"Viareggio, 11 giugno 2026 \u2013\u00a0E\u2019 arrivata nella mattinata di oggi, gioved\u00ec 11 giugno, la sentenza\u00a0della corte di Assise&hellip;\n","protected":false},"author":3,"featured_media":535073,"comment_status":"","ping_status":"","sticky":false,"template":"","format":"standard","meta":{"footnotes":"","_share_on_mastodon":"0"},"categories":[79],"tags":[19090,19956,14,93,94,1537,90,89,8426,7,15,44397,5895,11114,210298,10478,11,84,91,12,85,92],"class_list":["post-535072","post","type-post","status-publish","format-standard","has-post-thumbnail","category-italia","tag-cinzia","tag-condannata","tag-cronaca","tag-cronaca-italiana","tag-cronacaitaliana","tag-it","tag-italia","tag-italy","tag-ladro","tag-news","tag-notizie","tag-pino","tag-rubato","tag-suv","tag-travolse","tag-uccise","tag-ultime-notizie","tag-ultime-notizie-e-news-di-oggi","tag-ultime-notizie-italia","tag-ultimenotizie","tag-ultimenotizieenewsdioggi","tag-ultimenotizieitalia"],"share_on_mastodon":{"url":"https:\/\/pubeurope.com\/@it\/116735486073244407","error":""},"_links":{"self":[{"href":"https:\/\/www.europesays.com\/it\/wp-json\/wp\/v2\/posts\/535072","targetHints":{"allow":["GET"]}}],"collection":[{"href":"https:\/\/www.europesays.com\/it\/wp-json\/wp\/v2\/posts"}],"about":[{"href":"https:\/\/www.europesays.com\/it\/wp-json\/wp\/v2\/types\/post"}],"author":[{"embeddable":true,"href":"https:\/\/www.europesays.com\/it\/wp-json\/wp\/v2\/users\/3"}],"replies":[{"embeddable":true,"href":"https:\/\/www.europesays.com\/it\/wp-json\/wp\/v2\/comments?post=535072"}],"version-history":[{"count":0,"href":"https:\/\/www.europesays.com\/it\/wp-json\/wp\/v2\/posts\/535072\/revisions"}],"wp:featuredmedia":[{"embeddable":true,"href":"https:\/\/www.europesays.com\/it\/wp-json\/wp\/v2\/media\/535073"}],"wp:attachment":[{"href":"https:\/\/www.europesays.com\/it\/wp-json\/wp\/v2\/media?parent=535072"}],"wp:term":[{"taxonomy":"category","embeddable":true,"href":"https:\/\/www.europesays.com\/it\/wp-json\/wp\/v2\/categories?post=535072"},{"taxonomy":"post_tag","embeddable":true,"href":"https:\/\/www.europesays.com\/it\/wp-json\/wp\/v2\/tags?post=535072"}],"curies":[{"name":"wp","href":"https:\/\/api.w.org\/{rel}","templated":true}]}}