{"id":535179,"date":"2026-06-12T07:30:12","date_gmt":"2026-06-12T07:30:12","guid":{"rendered":"https:\/\/www.europesays.com\/it\/535179\/"},"modified":"2026-06-12T07:30:12","modified_gmt":"2026-06-12T07:30:12","slug":"natalia-paragoni-e-il-linfoma-di-hodgkin-ho-tagliato-i-capelli-per-abituarmi-a-vedermi-diversa","status":"publish","type":"post","link":"https:\/\/www.europesays.com\/it\/535179\/","title":{"rendered":"Natalia Paragoni e il linfoma di Hodgkin: \u00abHo tagliato i capelli per abituarmi a vedermi diversa\u00bb"},"content":{"rendered":"<p>Ha iniziato la chemioterapia e ha raccontato in un post ai suoi follower cosa \u00e8 successo<\/p>\n<p>\t\t\t<a href=\"https:\/\/google.com\/preferences\/source?q=open.online\" target=\"_blank\" rel=\"nofollow noopener\"><img loading=\"lazy\" decoding=\"async\" src=\"https:\/\/www.europesays.com\/it\/wp-content\/uploads\/2026\/05\/gps@2x.png\" alt=\"Google Preferred Site\" width=\"200\" height=\"63\"\/><\/a><\/p>\n<p><strong>Natalia Paragoni, 28 anni, <\/strong>ha avuto una diagnosi di <strong>linfoma di Hodgkin<\/strong> mentre era all\u2019ottavo mese di <strong>gravidanza<\/strong>. Era incinta di <strong>Beatrice<\/strong>, sorella di <strong>Ginevra<\/strong>, nata nel <strong>2023<\/strong>. Il compagno si chiama <strong>Andrea Zelletta<\/strong>. Natalia ha iniziato la <strong>chemioterapia <\/strong>dopo il parto. E in un post rivolto al suo milione e mezzo di <strong>follower<\/strong> ha pubblicato una foto in cui racconta cosa le \u00e8 successo: \u00abHo scoperto di avere un linfoma diverse settimane prima di sapere esattamente quale fosse\u00bb, dice oggi al <strong>Corriere della Sera<\/strong>.<\/p>\n<p>Il linfoma di Hodgkin<\/p>\n<p>\u00abLa prima <strong>biopsia <\/strong>aveva confermato che si trattava di un <strong>linfoma<\/strong>, ma non era riuscita a identificarne la tipologia. \u00c8 stato un periodo molto difficile, perch\u00e9 sapevo che c\u2019era qualcosa che non andava, ma non avevo ancora tutte le risposte. Dopo il parto e dopo l\u2019intervento per rimuovere il linfonodo, \u00e8 arrivato il risultato definitivo. Ricordo perfettamente quel momento: io e <strong>Andrea <\/strong>ci siamo messi a piangere\u00bb, spiega. \u00abI medici mi hanno subito spiegato con molta chiarezza la situazione e il percorso che dovr\u00f2 seguire. In questo momento sto facendo le <strong>cure previste<\/strong> e, una volta terminato il primo ciclo, saranno gli esami di controllo a indicare i passi successivi\u00bb.<\/p>\n<p>Influencer beauty<\/p>\n<p><strong>L\u2019influencer beauty<\/strong> ha due figlie che sono la sua forza: \u00abCredo che la maternit\u00e0 ti cambi profondamente e ti faccia scoprire risorse che non sapevi di avere. Ci sono momenti in cui mi sento fragile, perch\u00e9 sarebbe strano il contrario, ma poi guardo loro, Andrea e tutte le persone che amo e ritrovo immediatamente il motivo per andare avanti con determinazione\u00bb. Ha cominciato a perdere i capelli dopo la prima chemio. Poi li ha tagliati: \u00ab<strong>Ho deciso di tagliare i capelli<\/strong> per accompagnare in modo pi\u00f9 graduale questo cambiamento e abituarmi a vedermi diversa. Non nascondo che sia stato difficile, credo che sarebbe un passaggio delicato per chiunque\u00bb.<\/p>\n<p>Chemioterapia<\/p>\n<p>Fa la <strong>chemioterapia<\/strong> ma \u00abtendo a chiamarle <strong>infusioni<\/strong> perch\u00e9 mi aiuta a vivere questo percorso con un approccio pi\u00f9 sereno. \u00c8 una parola che ha un peso importante e che inevitabilmente fa paura quando la senti per la prima volta\u00bb. E oggi <strong>Naty <\/strong>come sta? \u00abCi sono giornate pi\u00f9 semplici e altre pi\u00f9 complicate. Voglio continuare a vivere la mia vita, a lavorare quando posso, a stare con la mia famiglia, con le mie figlie, con Andrea. So che alcuni cambiamenti saranno inevitabili e sto imparando ad accettarli\u00bb.<\/p>\n","protected":false},"excerpt":{"rendered":"Ha iniziato la chemioterapia e ha raccontato in un post ai suoi follower cosa \u00e8 successo Natalia Paragoni,&hellip;\n","protected":false},"author":3,"featured_media":535180,"comment_status":"","ping_status":"","sticky":false,"template":"","format":"standard","meta":{"footnotes":"","_share_on_mastodon":"0"},"categories":[1451],"tags":[64049,295265,295266,2700,28205,3055,1621,1620,59051,1367,6927,2729,203,5462,1685,93805,2734,295267,6990,295268,204,1537,90,89,93806,93807,48514,260631,62225,7871,491],"class_list":["post-535179","post","type-post","status-publish","format-standard","has-post-thumbnail","category-celebrita","tag-abituarmi","tag-abituarmi-vedermi","tag-abituarmi-vedermi-diversa","tag-andrea","tag-beauty","tag-capelli","tag-celebrita","tag-celebrities","tag-chemioterapia","tag-credo","tag-difficile","tag-diversa","tag-entertainment","tag-figlie","tag-follower","tag-hodgkin","tag-influencer","tag-influencer-beauty","tag-iniziato","tag-iniziato-chemioterapia","tag-intrattenimento","tag-it","tag-italia","tag-italy","tag-linfoma","tag-linfoma-hodgkin","tag-natalia","tag-natalia-paragoni","tag-paragoni","tag-parto","tag-percorso"],"share_on_mastodon":{"url":"https:\/\/pubeurope.com\/@it\/116735969122862087","error":""},"_links":{"self":[{"href":"https:\/\/www.europesays.com\/it\/wp-json\/wp\/v2\/posts\/535179","targetHints":{"allow":["GET"]}}],"collection":[{"href":"https:\/\/www.europesays.com\/it\/wp-json\/wp\/v2\/posts"}],"about":[{"href":"https:\/\/www.europesays.com\/it\/wp-json\/wp\/v2\/types\/post"}],"author":[{"embeddable":true,"href":"https:\/\/www.europesays.com\/it\/wp-json\/wp\/v2\/users\/3"}],"replies":[{"embeddable":true,"href":"https:\/\/www.europesays.com\/it\/wp-json\/wp\/v2\/comments?post=535179"}],"version-history":[{"count":0,"href":"https:\/\/www.europesays.com\/it\/wp-json\/wp\/v2\/posts\/535179\/revisions"}],"wp:featuredmedia":[{"embeddable":true,"href":"https:\/\/www.europesays.com\/it\/wp-json\/wp\/v2\/media\/535180"}],"wp:attachment":[{"href":"https:\/\/www.europesays.com\/it\/wp-json\/wp\/v2\/media?parent=535179"}],"wp:term":[{"taxonomy":"category","embeddable":true,"href":"https:\/\/www.europesays.com\/it\/wp-json\/wp\/v2\/categories?post=535179"},{"taxonomy":"post_tag","embeddable":true,"href":"https:\/\/www.europesays.com\/it\/wp-json\/wp\/v2\/tags?post=535179"}],"curies":[{"name":"wp","href":"https:\/\/api.w.org\/{rel}","templated":true}]}}