{"id":535200,"date":"2026-06-12T07:56:14","date_gmt":"2026-06-12T07:56:14","guid":{"rendered":"https:\/\/www.europesays.com\/it\/535200\/"},"modified":"2026-06-12T07:56:14","modified_gmt":"2026-06-12T07:56:14","slug":"milan-glasner-lintesa-e-gli-altri-colloqui-di-cardinale","status":"publish","type":"post","link":"https:\/\/www.europesays.com\/it\/535200\/","title":{"rendered":"Milan-Glasner, l&#8217;intesa e gli altri colloqui di Cardinale"},"content":{"rendered":"<p>                                Il tecnico ex Palace \u00e8 sempre in pole, ma la propriet\u00e0 vuole continuare nel suo giro di orizzonti. Nel frattempo Rangnick prende tempo con l&#8217;Austria<\/p>\n<p class=\"paragraph\" spellcheck=\"true\">Il nuovo Milan perder\u00e0 l\u2019identit\u00e0 italiana che aveva ritrovato un anno fa con Max Allegri: neppure chi aveva ampia confidenza con i vertici del campionato \u00e8 riuscito nell\u2019impresa di riportare la squadra in Champions. Tanto vale riprovarci con allenatori internazionali, che tentino di restituire un gioco pi\u00f9 europeo. Anche la costruzione stessa della nuova squadra e del futuro gruppo di lavoro avviene lontano da Milano. I candidati al ruolo di dt e allenatore sono invece sparsi per il mondo.\u00a0<\/p>\n<p>    Pronto a partire\u2014 \u00a0<\/p>\n<p class=\"paragraph is-inline\" spellcheck=\"true\">\u00a0Nella parte settentrionale dell\u2019Austria resta in attesa Oliver Glasner: il Milan continentale punta sull\u2019allenatore reduce dall\u2019esperienza in Premier League, che ha vinto in Germania e ha appena rifiutato una proposta dagli olandesi del Feyenoord. Sulla panchina del Crystal Palace, con cui ha chiuso quindicesimo in campionato, ha comunque aggiunto alla sua bacheca un triplete di successi alternativo: Community Shield, Coppa d\u2019Inghilterra e Conference League. In mostra c\u2019era gi\u00e0 l\u2019Europa League alzata con l\u2019Eintracht Francoforte. Il Milan gli ha proposto un contratto biennale con opzione sul terzo, con ingaggio tra i 3 e i 4 milioni di euro. Glasner sarebbe pronto a partire: \u00e8 attratto dalla prospettiva e dalla nuova sfida rossonera. San Siro non lo spaventa, anzi, lo stimola, ed \u00e8 quello che ripeter\u00e0 nei prossimi giorni al proprietario del club Gerry Cardinale. Il fondatore di RedBird e patron rossonero partecipa attivamente ai colloqui con i candidati alla panchina, insieme a lui, Ibra (da remoto: \u00e8 impegnato con Fox Sports negli Stati Uniti) e il nuovo fidato braccio destro Massimo Calvelli. Gerry vuole avere la prima e ultima parola, dopo che per anni ha lasciato scegliere gli altri: \u00e8 in cima al processo decisionale e intende essere massimamente operativo. Cos\u00ec non \u00e8 pi\u00f9 Cardinale in attesa della definitiva disponibilit\u00e0 di Glasner, ma il contrario: l\u2019allenatore aspetta.\u00a0<\/p>\n<p>    Altri contatti\u2014 \u00a0<\/p>\n<p class=\"paragraph is-inline\" spellcheck=\"true\">Aspetta che il casting sia completato. Nel frattempo Cardinale e i suoi uomini hanno sondato Alvaro Arbeloa, una prima sfortunata stagione da allenatore del Real Madrid: secondo posto e Liga sfumata proprio nel Clasico contro il Barcellona. Subentrato a gennaio scorso a Xabi Alonso, a inizio giugno l\u2019avventura in panchina era gi\u00e0 ufficialmente conclusa. Hanno cos\u00ec pi\u00f9 credito le piste che conducono a Matthias Jaissle, tecnico dell\u2019Al Ahli e Ruben Amorim, ex United. Il primo dovrebbe essere liberato pagando sei milioni agli arabi, Amorim dopo i successi in Portogallo con lo Sporting Lisbona \u00e8 stato deludente in Premier e reduce da un esonero a inizio anno. Entrambi hanno avuto e avranno altri contatti con i vertici rossoneri. Glasner resta per\u00f2 in cima alla lista.\u00a0<\/p>\n<p><a class=\"is-partner-link\" href=\"https:\/\/abbonamenti.gazzetta.it\/de-promo-mondiali\/?pwcmp=cta&amp;forceBrowser=true\" rel=\"nofollow noopener\" target=\"_blank\">Gazzetta Mondiale: ogni notte un\u2019edizione straordinaria esclusiva. Non perdertela, abbonati a 1\u20ac\/mese!<\/a><\/p>\n<p>    Scaletta di Cardinale\u2014 \u00a0<\/p>\n<p class=\"paragraph is-inline\" spellcheck=\"true\">\u00a0Il favore rossonero \u00e8 indipendente dall\u2019assunzione o meno di Ralf Rangnick, che continua a prendere tempo con la Federazione austriaca sul rinnovo proprio perch\u00e9 sta riflettendo sull\u2019opportunit\u00e0 offerta dal Milan: diventare il capo dell\u2019area tecnica. Anche perch\u00e9 l\u2019iter che vuol seguire Cardinale \u00e8 chiaro: prima la nomina del dt, poi quella dell\u2019allenatore. \u00c8 anche vero che gli incontri con vari tecnici sono condotti da lui in prima persona, senza la presenza di un riferimento sportivo gi\u00e0 individuato. Glasner \u00e8 un allenatore moderno che troverebbe il gradimento di molti dt; ma anche Jaissle \u00e8 stato con Rangnick, quando il primo era un giovane allenatore del Salisburgo con Ralf a capo dello sviluppo sportivo del gruppo Red Bull.  Amorim, candidato di Ibra, \u00e8 stato l\u2019ultimo ad aggiungersi mentre anche Slot resta sullo sfondo. Di certo la decisione ancora non c\u2019\u00e8, ma il cerchio si sta stringendo.<\/p>\n<p class=\"is-copyright\">\u00a9 RIPRODUZIONE RISERVATA<\/p>\n","protected":false},"excerpt":{"rendered":"Il tecnico ex Palace \u00e8 sempre in pole, ma la propriet\u00e0 vuole continuare nel suo giro di orizzonti.&hellip;\n","protected":false},"author":3,"featured_media":535201,"comment_status":"","ping_status":"","sticky":false,"template":"","format":"standard","meta":{"footnotes":"","_share_on_mastodon":"0"},"categories":[1452],"tags":[1960,50020,180006,7196,8236,721,1856,2992,777,843,69178,4435,934,20432,295272,1740,32359,261191,94951,1302,1537,90,89,283866,1980,553,273,13459,3484,3530,115,2893,1917,295273,62304,282518,7286,1434,9611,1739,245,2284,244,1857,1838,3375],"class_list":["post-535200","post","type-post","status-publish","format-standard","has-post-thumbnail","category-calcio","tag-allenatore","tag-amorim","tag-arbeloa","tag-aspetta","tag-austria","tag-calcio","tag-campionato","tag-candidati","tag-capo","tag-cardinale","tag-casting","tag-contatti","tag-continua","tag-dt","tag-dt-allenatore","tag-football","tag-gerry","tag-glasner","tag-ibra","tag-inizio","tag-it","tag-italia","tag-italy","tag-jaissle","tag-league","tag-milan","tag-nuova","tag-palace","tag-panchina","tag-partire","tag-premier","tag-prende","tag-pronto","tag-pronto-partire","tag-ralf","tag-rangnick","tag-reduce","tag-resta","tag-rossonero","tag-soccer","tag-sport","tag-sportivo","tag-sports","tag-squadra","tag-successi","tag-tecnico"],"share_on_mastodon":{"url":"https:\/\/pubeurope.com\/@it\/116736071331437989","error":""},"_links":{"self":[{"href":"https:\/\/www.europesays.com\/it\/wp-json\/wp\/v2\/posts\/535200","targetHints":{"allow":["GET"]}}],"collection":[{"href":"https:\/\/www.europesays.com\/it\/wp-json\/wp\/v2\/posts"}],"about":[{"href":"https:\/\/www.europesays.com\/it\/wp-json\/wp\/v2\/types\/post"}],"author":[{"embeddable":true,"href":"https:\/\/www.europesays.com\/it\/wp-json\/wp\/v2\/users\/3"}],"replies":[{"embeddable":true,"href":"https:\/\/www.europesays.com\/it\/wp-json\/wp\/v2\/comments?post=535200"}],"version-history":[{"count":0,"href":"https:\/\/www.europesays.com\/it\/wp-json\/wp\/v2\/posts\/535200\/revisions"}],"wp:featuredmedia":[{"embeddable":true,"href":"https:\/\/www.europesays.com\/it\/wp-json\/wp\/v2\/media\/535201"}],"wp:attachment":[{"href":"https:\/\/www.europesays.com\/it\/wp-json\/wp\/v2\/media?parent=535200"}],"wp:term":[{"taxonomy":"category","embeddable":true,"href":"https:\/\/www.europesays.com\/it\/wp-json\/wp\/v2\/categories?post=535200"},{"taxonomy":"post_tag","embeddable":true,"href":"https:\/\/www.europesays.com\/it\/wp-json\/wp\/v2\/tags?post=535200"}],"curies":[{"name":"wp","href":"https:\/\/api.w.org\/{rel}","templated":true}]}}