{"id":535208,"date":"2026-06-12T08:01:17","date_gmt":"2026-06-12T08:01:17","guid":{"rendered":"https:\/\/www.europesays.com\/it\/535208\/"},"modified":"2026-06-12T08:01:17","modified_gmt":"2026-06-12T08:01:17","slug":"irama-in-concerto-a-milano-san-siro-show-esplosivo-con-ospiti-giorgia-annalisa-arisa-e-rkomi","status":"publish","type":"post","link":"https:\/\/www.europesays.com\/it\/535208\/","title":{"rendered":"Irama in concerto a Milano San Siro, show esplosivo con ospiti Giorgia, Annalisa, Arisa e Rkomi"},"content":{"rendered":"<p>Lacrime negli occhi e gioia nel cuore. Dopo tanti mesi di attesa, Irama ha conquistato San Siro con uno spettacolo esplosivo. Fiamme, fumo ed effetti speciali sono stati oscurati dal vero protagonista della serata: il cuore di Irama. Il cantautore ha regalato un grande spettacolo mescolando pop, ritmi caraibici, sfumature rock e duetti da brividi. Talento, personalit\u00e0 e tanta anima. Irama ha lasciato il segno sul palco dello stadio. Ospiti Giorgia, Annalisa, Arisa e Rkomi<\/p>\n<p>Per un\u2019occasione speciale, Irama ha scelto un\u2019apertura straordinaria cantando Tu no da una terrazza che affaccia sullo stadio: \u201dSan Siro, questa notte \u00e8 nostra\u201d. <strong><a data-intcmp=\"skytg24_foglia articolo_interlink_text\" href=\"https:\/\/tg24.sky.it\/spettacolo\/tv-show\/2026\/05\/26\/giudici-x-factor-2026\" rel=\"nofollow noopener\" target=\"_blank\">Irama<\/a><\/strong> ha dominato la scena con un grande show. Scaletta costruita per regalare un continuo saliscendi di emozioni. Sul palco quattro amici e colleghi: Rkomi, Arisa, Giorgia e Annalisa. Annunciata anche una tourn\u00e9e nei palazzetti in partenza a dicembre.<\/p>\n<p>\t\t \t<strong>San Siro, le parole di Irama prima del concerto<\/strong><\/p>\n<p>A poche ore dal concerto, <a data-intcmp=\"skytg24_foglia articolo_interlink_text\" href=\"https:\/\/tg24.sky.it\/spettacolo\/musica\/2026\/06\/04\/irama-cabana-video\" rel=\"nofollow noopener\" target=\"_blank\">Irama<\/a> ha raccontato i dettagli dello show in un incontro con la stampa. Il cantautore ha parlato della decisione di aprire con una versione acustica di Tu no: \u201cSi parte da questa nuova terrazza panoramica da cui si vede tutto lo stadio. Comincer\u00f2 da l\u00ec con Tu no in versione acustica. <strong>Volevo partire con l\u2019intimit\u00e0 totale<\/strong>\u201d. L\u2019artista si \u00e8 espresso sulla scaletta: \u201cLo show presenta momenti diversi: da quello pi\u00f9 concentrato sulle ballad a quello con i brani dei primi dischi. Pi\u00f9 si cresce, pi\u00f9 diventa difficile fare una scaletta. Arrivato al settimo disco, ci sono brani che non possono essere tolti\u201d. Il cantante ha ribadito come il concerto non rappresenti un punto di arrivo, n\u00e9 di partenza, ma soltanto una grande festa in un posto iconico. L\u2019artista ha spiegato: \u201cLa durata \u00e8 maggior rispetto a quella degli altri concerti, ma non eccessiva. <strong>Vorrei che le persone tornassero a casa con la voglia di rivederci<\/strong>. Ovviamente \u00e8 giusto fare qualcosa di pi\u00f9 perch\u00e9 siamo a San Siro, quindi anche per rispetto del luogo\u201d.<\/p>\n<p>\u00a0<\/p>\n<p>Spazio a riflessioni sul mercato discografico, Irama ha raccontato: \u201cLa difficolt\u00e0 di questo mestiere \u00e8 saper rimanere. Tutti abbiamo vissuto momenti pi\u00f9 in alto e altri pi\u00f9 in basso, ma sar\u00e0 cos\u00ec per sempre. La vita di un artista \u00e8 fatta di saliscendi. L\u2019obiettivo non sono i numeri, ma la creazione di <strong>un repertorio che ti leghi alle persone<\/strong>\u201d. Infine, prima del fischio di inizio, Irama ha parlato del suo presente: \u201cSan Siro arriva in <strong>un momento della mia vita in cui sono pi\u00f9 positivo del solito, sono meno malinconico<\/strong>. Sto fluendo molto, sto seguendo il corso delle cose. Generalmente tendo a scavare molto su me stesso rimuginando su ogni cosa. Ho capito che tanto non sar\u00f2 mai soddisfatto a pieno, cos\u00ec ora ho lasciato andare la corda\u201d.<\/p>\n<p>\t\t\t<a class=\"c-inline-card j-inline-card c-inline-card--with-image\" href=\"https:\/\/tg24.sky.it\/spettacolo\/musica\/2026\/06\/04\/irama-cabana-video\" rel=\"follow nofollow noopener\" data-intcmp=\"skytg24_articolo_approfondimenti_inline\" target=\"_blank\"><\/p>\n<p>\t\t\t         <img decoding=\"async\" crossorigin=\"anonymous\" alt=\"\" src=\"https:\/\/www.europesays.com\/it\/wp-content\/uploads\/2026\/06\/1781026937_302_45-irama-getty.jpg\"  loading=\"lazy\"  bad-src=\"https:\/\/www.europesays.com\/it\/wp-content\/uploads\/2026\/06\/1781026937_302_45-irama-getty.jpg\"\/><\/p>\n<p>\n\t\t\t         Approfondimento<br \/>\n\t\t\t         Irama, \u00e8 uscito il videoclip del nuovo singolo Cabana\n\t\t\t      <\/p>\n<p>\t\t\t<\/a><\/p>\n<p>\t\t \t<strong>San Siro, il grande spettacolo di Irama<\/strong><br \/>\nShow, la prima parte<\/p>\n<p>Per un\u2019occasione speciale, <a data-intcmp=\"skytg24_foglia articolo_interlink_text\" href=\"https:\/\/tg24.sky.it\/spettacolo\/musica\/2026\/05\/29\/concerti-estate-2026\" rel=\"nofollow noopener\" target=\"_blank\">Irama<\/a> ha scelto un\u2019apertura straordinaria cantando Tu no da una terrazzache affaccia sullo stadio: \u201d<strong>San Siro, questa notte \u00e8 nostra<\/strong>\u201d. Dopo aver sciolto la tensione, Irama \u00e8 salito sul palco dominando la scena per oltre due ore. Fiamme ed effetti speciali sono stati oscuati dal vero protagonista della serata: il cuore di Irama. Il cantautore ha regalato una serata di pop, ritmi caraibici, sfumature rock e duetti magici. Talento, personalit\u00e0 e tanta anima.<\/p>\n<p>\u00a0<\/p>\n<p>Dopo aver portato il pubblico in un viaggio tra le stelle grazie alla sua Galassie, l\u2019artista \u00e8 esploso in un ruggito rock con Bazooka. L\u2019artista alle decine di migliaia di persone: \u201c<strong>S<strong>ta<\/strong> succedendo davvero<\/strong>, questo \u00e8 il nostro momento, questa \u00e8 la nostra serata. Grazie per tutti questi anni e per l\u2019amore che continuate a darmi\u201d.<\/p>\n<p>\u00a0<\/p>\n<p>Lacrime negli occhi e gioia nel cuore. Per Irama, ma anche per gli spettatori. Lentamente, Ali, Bella e Rovinata e Polvere hanno traghettato il pubblico verso La ragazza con il cuore di latta, ormai classico della musica pop moderna. Mediterranea e Arrogante hanno incendiato San Siro. <strong>Rkomi<\/strong>, primo ospite dello show, ha accompagnato l\u2019amico in questa speciale serata duettando sulle note di Luna Piena. Il rapper di Calvairate a Irama: \u201cSono felicissimo per te e di essere qua. <strong>Scherzavamo su un sogno cos\u00ec lontano<\/strong>,\u201d. Suoni caraibici con Yo Quiero Amarte, \u00c8 La Luna e Cabana. Crepe e Nera hanno chiuso questa parte facendo nuovamente scatenare il pubblico.<\/p>\n<p>\t\t\t<a class=\"c-inline-card j-inline-card c-inline-card--with-image\" href=\"https:\/\/tg24.sky.it\/spettacolo\/musica\/2026\/05\/29\/concerti-estate-2026\" rel=\"follow nofollow noopener\" data-intcmp=\"skytg24_articolo_approfondimenti_inline\" target=\"_blank\"><\/p>\n<p>\t\t\t         <img decoding=\"async\" crossorigin=\"anonymous\" alt=\"\" src=\"https:\/\/www.europesays.com\/it\/wp-content\/uploads\/2026\/05\/1780218435_751_00-concerti-estate-2026.jpg\"  loading=\"lazy\"  bad-src=\"https:\/\/www.europesays.com\/it\/wp-content\/uploads\/2026\/05\/1780218435_751_00-concerti-estate-2026.jpg\"\/><\/p>\n<p>\n\t\t\t         Approfondimento<br \/>\n\t\t\t         I 15 concerti pi\u00f9 attesi dell&#8217;estate 2026: da Vasco Rossi a Bad Bunny\n\t\t\t      <\/p>\n<p>\t\t\t<\/a><\/p>\n<p>\t\t \tShow, la seconda parte<\/p>\n<p><strong>Annalisa<\/strong>, fresca dell\u2019annuncio del suo concerto a San Siro nel giugno del prossimo anno, ha duettato sulle note di Tu No. La popstar: \u201cQuando vuoi io sono qua\u201d. L\u2019esibizione di Mi mancherai moltissimo \u00e8 stata una carezza al cuore. <a data-intcmp=\"skytg24_foglia articolo_interlink_text\" href=\"https:\/\/tg24.sky.it\/spettacolo\/musica\/2025\/10\/07\/irama-achille-lauro-arizona\" rel=\"nofollow noopener\" target=\"_blank\">Irama<\/a> ha proseguito con Tornerai da me: \u201c<strong>\u00c8 una delle mie prima canzoni e per me era importante che ci fosse stasera<\/strong>, \u00e8 un valore\u201d. Esibizione di Un Respiro con una fan sul palco. <strong>Arisa<\/strong> ha trasceso il sublime con la sua voce su Senz\u2019anima. Dopo Baby, <strong>Giorgia<\/strong> ha portato una ventata di magia sulle note di Buio, duetto incluso nell&#8217;ultimo album Antologia della vita e della morte. Chiusura affidata a La genesi del tuo colore.<\/p>\n<p>\u00a0<\/p>\n<p>Questa <strong>la scaletta completa <\/strong>del concerto di Irama allo stadio San Siro di Milano:<\/p>\n<ul>\n<li>Tu No<\/li>\n<li>Galassie<\/li>\n<li>Bazooka<\/li>\n<li>Lentamente<\/li>\n<li>Ali<\/li>\n<li>Bella e Rovinata<\/li>\n<li>Polvere<\/li>\n<li>La ragazza con il cuore di latta<\/li>\n<li>Un giorno in pi\u00f9<\/li>\n<li>Mediterranea<\/li>\n<li>Arrogante<\/li>\n<li>Luna piena con <strong>Rkomi<\/strong><\/li>\n<li>Yo Quiero Amarte<\/li>\n<li>\u00c8 La Luna<\/li>\n<li>Cabana<\/li>\n<li>Crepe<\/li>\n<li>Nera<\/li>\n<li>Tu No con <strong>Annalisa<\/strong><\/li>\n<li>Mi mancherai moltissimo<\/li>\n<li>Tornerai da me<\/li>\n<li>Dedicato a te<\/li>\n<li>Un Respiro<\/li>\n<li>Circo<\/li>\n<li>El Peso de un angel<\/li>\n<li>5 gocce<\/li>\n<li>Senz\u2019anima con <strong>Arisa<\/strong><\/li>\n<li>Baby<\/li>\n<li>Buio con <strong>Giorgia<\/strong><\/li>\n<li>Ovunque sarai<\/li>\n<li>Le genesi del tuo colore<\/li>\n<\/ul>\n<p>\u00a0<\/p>\n<p>A dicembre <a data-intcmp=\"skytg24_foglia articolo_interlink_text\" href=\"https:\/\/tg24.sky.it\/spettacolo\/musica\/2025\/10\/03\/irama-concerto-verona\" rel=\"nofollow noopener\" target=\"_blank\">Irama<\/a> torner\u00e0 in concerto con il tour \u201cA chi ci sar\u00e0 sempre\u201d. Previsti appuntamenti in sette citt\u00e0 italiane: <strong>Mantova<\/strong>, <strong>Firenze<\/strong>, <strong>Roma<\/strong>, <strong>Milano<\/strong>, <strong>Bologna<\/strong>, <strong>Torino<\/strong> e infine <strong>Napoli<\/strong>. Ecco il calendario completo della tourn\u00e9e nei palazzetti:<\/p>\n<ul>\n<li>domenica 6 dicembre 2026 | Mantova, Palaunical (data zero)<\/li>\n<li>marted\u00ec 8 dicembre 2026 | Firenze, Mandela Forum<\/li>\n<li>sabato 12 dicembre 2026 | Roma, Palazzo dello Sport<\/li>\n<li>mercoled\u00ec 16 dicembre 2026 | Milano, Unipol Dome<\/li>\n<li>sabato 19 dicembre 2026 | Bologna, Unipol Arena<\/li>\n<li>luned\u00ec 21 dicembre 2026 | Torino, Inalpi Arena<\/li>\n<li>mercoled\u00ec 23 dicembre 2026 | Napoli, Palapartenope<\/li>\n<\/ul>\n<p>\t\t\t<a class=\"c-inline-card j-inline-card c-inline-card--with-image\" href=\"https:\/\/tg24.sky.it\/spettacolo\/musica\/2025\/12\/20\/irama-frasi-canzoni\" rel=\"follow nofollow noopener\" data-intcmp=\"skytg24_articolo_approfondimenti_inline\" target=\"_blank\"><\/p>\n<p>\t\t\t         <img decoding=\"async\" crossorigin=\"anonymous\" alt=\"\" src=\"https:\/\/www.europesays.com\/it\/wp-content\/uploads\/2026\/06\/hero_irama_ansa.jpg\"  loading=\"lazy\"  bad-src=\"https:\/\/www.europesays.com\/it\/wp-content\/uploads\/2026\/06\/hero_irama_ansa.jpg\"\/><\/p>\n<p>\n\t\t\t         Approfondimento<br \/>\n\t\t\t         Irama compie 30 anni, le frasi pi\u00f9 belle delle sue canzoni\n\t\t\t      <\/p>\n<p>\t\t\t<\/a><\/p>\n<p>\t            TAG:<\/p>\n","protected":false},"excerpt":{"rendered":"Lacrime negli occhi e gioia nel cuore. Dopo tanti mesi di attesa, Irama ha conquistato San Siro con&hellip;\n","protected":false},"author":3,"featured_media":535209,"comment_status":"","ping_status":"","sticky":false,"template":"","format":"standard","meta":{"footnotes":"","_share_on_mastodon":"0"},"categories":[1443],"tags":[2943,203,204,55270,1537,90,89,1538,1539],"class_list":["post-535208","post","type-post","status-publish","format-standard","has-post-thumbnail","category-musica","tag-concerti","tag-entertainment","tag-intrattenimento","tag-irama","tag-it","tag-italia","tag-italy","tag-music","tag-musica"],"share_on_mastodon":{"url":"https:\/\/pubeurope.com\/@it\/116736091562012077","error":""},"_links":{"self":[{"href":"https:\/\/www.europesays.com\/it\/wp-json\/wp\/v2\/posts\/535208","targetHints":{"allow":["GET"]}}],"collection":[{"href":"https:\/\/www.europesays.com\/it\/wp-json\/wp\/v2\/posts"}],"about":[{"href":"https:\/\/www.europesays.com\/it\/wp-json\/wp\/v2\/types\/post"}],"author":[{"embeddable":true,"href":"https:\/\/www.europesays.com\/it\/wp-json\/wp\/v2\/users\/3"}],"replies":[{"embeddable":true,"href":"https:\/\/www.europesays.com\/it\/wp-json\/wp\/v2\/comments?post=535208"}],"version-history":[{"count":0,"href":"https:\/\/www.europesays.com\/it\/wp-json\/wp\/v2\/posts\/535208\/revisions"}],"wp:featuredmedia":[{"embeddable":true,"href":"https:\/\/www.europesays.com\/it\/wp-json\/wp\/v2\/media\/535209"}],"wp:attachment":[{"href":"https:\/\/www.europesays.com\/it\/wp-json\/wp\/v2\/media?parent=535208"}],"wp:term":[{"taxonomy":"category","embeddable":true,"href":"https:\/\/www.europesays.com\/it\/wp-json\/wp\/v2\/categories?post=535208"},{"taxonomy":"post_tag","embeddable":true,"href":"https:\/\/www.europesays.com\/it\/wp-json\/wp\/v2\/tags?post=535208"}],"curies":[{"name":"wp","href":"https:\/\/api.w.org\/{rel}","templated":true}]}}