{"id":535228,"date":"2026-06-12T08:18:17","date_gmt":"2026-06-12T08:18:17","guid":{"rendered":"https:\/\/www.europesays.com\/it\/535228\/"},"modified":"2026-06-12T08:18:17","modified_gmt":"2026-06-12T08:18:17","slug":"esami-ok-ora-sinner-riparte-il-programma-verso-wimbledon","status":"publish","type":"post","link":"https:\/\/www.europesays.com\/it\/535228\/","title":{"rendered":"Esami ok, ora Sinner riparte: il programma verso Wimbledon"},"content":{"rendered":"<p>                                Dopo lo stop al Roland Garros, il numero 1 torna in campo a Montecarlo tra allenamenti e palestra per preparare il torneo sull&#8217;erba londinese<\/p>\n<p>            <a class=\"image is-50x50\" href=\"https:\/\/www.gazzetta.it\/redazione\/federica-cocchi\/\" rel=\"nofollow noopener\" target=\"_blank\"><br \/>\n                <img decoding=\"async\" class=\"is-rounded\" src=\"https:\/\/www.europesays.com\/it\/wp-content\/uploads\/2026\/04\/federica-cocchi-avatar.png\" alt=\"Federica Cocchi\"\/><br \/>\n            <\/a><\/p>\n<p>Giornalista<\/p>\n<p>                    12 giugno &#8211; 09:05  &#8211; MILANO<\/p>\n<p class=\"paragraph\" spellcheck=\"true\">Vacanze, fatte.\u00a0<a href=\"https:\/\/www.gazzetta.it\/salute\/storie\/11-06-2026\/sinner-al-san-raffaele-l-esperto-spiega-quali-esami-ha-fatto\/gli-esami-di-sinner-risponde-il-dottor-musumeci.shtml\" rel=\"nofollow noopener\" target=\"_blank\">Controlli medici, fatti<\/a>. Non resta dunque che tornare a lavorare per la conferma del titolo a Wimbledon. Jannik Sinner ha ricominciato, finalmente, a colpire palline. Il numero 1 al mondo, che in questi giorni si \u00e8 visto scorrazzare sulla Vespa rossa in compagnia della fidanzata Laila Hasanovic in perfetto stile Dolce Vita versione monegasca, si sta preparando al  Country Club. Insieme a lui coach Simone Vagnozzi e Umberto Ferrara, il preparatore atletico che lo ha accompagnato anche nel secondo giorno di controlli al San Raffaele di Milano e che adesso adatter\u00e0 gli allenamenti ai risultati avuti dal check up.  I piani restano quelli annunciati dal team durante gli Internazionali d\u2019Italia. A Roma Darren Cahill, che si unir\u00e0 al gruppo tra qualche giorno, aveva anticipato che l\u2019agenda del numero 1 al mondo non prevedeva tornei prima di Wimbledon e che al massimo ci sarebbe stato spazio per una esibizione. Niente Halle, quindi, dove Sinner ha vinto nel 2024 battendo in finale l\u2019amico Hurkacz (ora uscito dalla Top 100) e dove lo scorso anno aveva incassato la sconfitta al secondo turno contro Sascha Bublik per poi andare alla conquista di Church Road.\u00a0<\/p>\n<p>    Show\u2014 \u00a0<\/p>\n<p class=\"paragraph is-inline\" spellcheck=\"true\">L\u2019esibizione \u00e8 stata confermata ieri dagli organizzatori del   Giorgio Armani Tennis Classic a cui <a href=\"https:\/\/www.gazzetta.it\/Tennis\/ATP\/11-06-2026\/sinner-esibizione-a-londra-prima-di-wimbledon.shtml\" rel=\"nofollow noopener\" target=\"_blank\">Jannik parteciper\u00e0 dal 23 al 27 giugno<\/a>, pochi giorni prima del via di Wimbledon. Jannik ha in programma di partire per la capitale britannica alla fine della prossima settimana e l\u00ec il team lavorer\u00e0 a pieno regime. Il torneo, legato anche a un progetto benefico,  si gioca a Hurlingham, esclusivo club londinese nella zona di Fulham, non lontano dall\u2019All England Club. Nikhil Waugh, il direttore dell\u2019evento, ha commentato con entusiasmo, e come dargli torto, la presenza del numero 1 al mondo nella rosa dei partecipanti: &#8220;Per la nostra 32a edizione, siamo felici di dare il benvenuto a Jannik Sinner che si aggiunge a un parco giocatori eccezionale&#8221;. L\u2019altoatesino  non sar\u00e0 n\u00e9 l\u2019unico Top 10, n\u00e9 l\u2019unico italiano a partecipare. Anche Flavio Cobolli far\u00e0 parte della festa, grazie all\u2019\u00e9lite appena raggiunta e soprattutto alla finale del Roland Garros che l\u2019ha visto protagonista domenica scorsa impreziosendone il curriculum. In campo anche un terzo italiano, Luciano Darderi, che dopo l\u2019operazione alle tonsille far\u00e0 le prove generali sull\u2019erba.  A completare il gruppo di giocatori Casper Ruud (n.14), Karen Khachanov (n.15), Learner Tien (n.19) e Cameron Norrie (n.29), semifinalista a Wimbledon nel 2022 e unico britannico in campo.\u00a0<\/p>\n<p>    Desiderio\u2014 \u00a0<\/p>\n<p class=\"paragraph is-inline\" spellcheck=\"true\">Insomma, manca una decina di giorni prima di rivedere all\u2019opera Jannik Sinner, e sembra un\u2019eternit\u00e0 per i suoi adepti. Dopo la scorpacciata di vittorie e record fatta tra marzo, con la doppietta Indian Wells-Miami e maggio, con la tripletta incredibile sul rosso Montecarlo-Madrid-Roma,  il suo corpo ha chiesto il conto e lui \u00e8 rimasto fermo per quasi dieci giorni, niente racchetta, appena un po\u2019 di palestra per non perdere tono. Un periodo adeguato per smaltire la rabbia dell\u2019uscita di scena e ricaricarsi, tornando ad avere un certo languorino di tennis: &#8220;Ho bisogno davvero di una pausa, di recuperare completamente, anche mentalmente &#8211; aveva detto al Roland Garros -. Ho giocato davvero tanto negli ultimi due mesi e mezzo, da Indian Wells in poi, con tanti momenti belli&#8221;. Che gli sono valsi anche la menzione della rivista Time tra i 100 sportivi pi\u00f9 influenti, nella categoria Icons insieme a Alcaraz, LeBron James e Leo Messi: &#8220;A maggio &#8211; \u00e8 la motivazione del Time &#8211; Sinner \u00e8 diventato il primo italiano a vincere gli Internazionali d\u2019Italia dopo 50 anni e il secondo giocatore, dopo Novak Djokovic, a conquistare tutti e nove i tornei Masters 1000&#8221;.<\/p>\n<p class=\"is-copyright\">\u00a9 RIPRODUZIONE RISERVATA<\/p>\n","protected":false},"excerpt":{"rendered":"Dopo lo stop al Roland Garros, il numero 1 torna in campo a Montecarlo tra allenamenti e palestra&hellip;\n","protected":false},"author":3,"featured_media":534480,"comment_status":"","ping_status":"","sticky":false,"template":"","format":"standard","meta":{"footnotes":"","_share_on_mastodon":"0"},"categories":[1457],"tags":[6211,2201,921,554,8076,1278,14983,12856,1426,3650,3412,33538,33539,644,42640,1537,90,1599,89,1269,1717,11317,707,15117,1354,295281,1312,6843,897,32851,14175,987,366,245,244,3339,1273,8904,3413,1995,6663,2958,33540,1274,295282],"class_list":["post-535228","post","type-post","status-publish","format-standard","has-post-thumbnail","category-tennis","tag-allenamenti","tag-appena","tag-campo","tag-club","tag-controlli","tag-davvero","tag-erba","tag-esibizione","tag-finale","tag-garros","tag-giocatori","tag-indian","tag-indian-wells","tag-internazionali","tag-internazionali-italia","tag-it","tag-italia","tag-italiano","tag-italy","tag-jannik","tag-jannik-sinner","tag-londinese","tag-maggio","tag-montecarlo","tag-ne","tag-ne-unico","tag-numero","tag-palestra","tag-programma","tag-roland","tag-roland-garros","tag-roma","tag-sinner","tag-sport","tag-sports","tag-team","tag-tennis","tag-time","tag-top","tag-tornei","tag-torneo","tag-unico","tag-wells","tag-wimbledon","tag-wimbledon-jannik"],"share_on_mastodon":{"url":"https:\/\/pubeurope.com\/@it\/116736158587149976","error":""},"_links":{"self":[{"href":"https:\/\/www.europesays.com\/it\/wp-json\/wp\/v2\/posts\/535228","targetHints":{"allow":["GET"]}}],"collection":[{"href":"https:\/\/www.europesays.com\/it\/wp-json\/wp\/v2\/posts"}],"about":[{"href":"https:\/\/www.europesays.com\/it\/wp-json\/wp\/v2\/types\/post"}],"author":[{"embeddable":true,"href":"https:\/\/www.europesays.com\/it\/wp-json\/wp\/v2\/users\/3"}],"replies":[{"embeddable":true,"href":"https:\/\/www.europesays.com\/it\/wp-json\/wp\/v2\/comments?post=535228"}],"version-history":[{"count":0,"href":"https:\/\/www.europesays.com\/it\/wp-json\/wp\/v2\/posts\/535228\/revisions"}],"wp:featuredmedia":[{"embeddable":true,"href":"https:\/\/www.europesays.com\/it\/wp-json\/wp\/v2\/media\/534480"}],"wp:attachment":[{"href":"https:\/\/www.europesays.com\/it\/wp-json\/wp\/v2\/media?parent=535228"}],"wp:term":[{"taxonomy":"category","embeddable":true,"href":"https:\/\/www.europesays.com\/it\/wp-json\/wp\/v2\/categories?post=535228"},{"taxonomy":"post_tag","embeddable":true,"href":"https:\/\/www.europesays.com\/it\/wp-json\/wp\/v2\/tags?post=535228"}],"curies":[{"name":"wp","href":"https:\/\/api.w.org\/{rel}","templated":true}]}}