{"id":535536,"date":"2026-06-12T12:27:15","date_gmt":"2026-06-12T12:27:15","guid":{"rendered":"https:\/\/www.europesays.com\/it\/535536\/"},"modified":"2026-06-12T12:27:15","modified_gmt":"2026-06-12T12:27:15","slug":"samira-lui-fuga-damore-a-capri-col-fidanzato-luigi-punzo","status":"publish","type":"post","link":"https:\/\/www.europesays.com\/it\/535536\/","title":{"rendered":"Samira Lui, fuga d&#8217;amore a Capri col fidanzato Luigi Punzo"},"content":{"rendered":"<p>                                La 28enne, tornata su Instagram dopo un periodo di assenza forzata, ha condiviso alcuni momenti della vacanza col fidanzato e gli amici<\/p>\n<p>                    12 giugno &#8211; 12:06  &#8211; MILANO<\/p>\n<p class=\"paragraph\" spellcheck=\"true\">La data dell&#8217;atteso matrimonio non \u00e8 stata ancora fissata, ma la storia d&#8217;amore tra <b>Samira Lui <\/b>e <b>Luigi Punzo<\/b> prosegue a gonfie vele. Per la prima vacanza dell&#8217;anno, <a href=\"https:\/\/www.gazzetta.it\/gossip\/29-10-2025\/samira-lui-sposera-luigi-punzo-gerry-scotti-testimone-della-sposa.shtml?intcmp=hyperlink-articolo-gazit\" target=\"_blank\" rel=\"nofollow noopener\">la coppia<\/a> ha scelto l&#8217;isola di Capri: l\u00ec i due hanno trascorso qualche giorno di relax tra mare, buon cibo e giri in barca insieme agli amici, <b>documentando il tutto su Instagram<\/b>.<\/p>\n<p>        Samira Lui, fuga d&#8217;amore a Capri con Luigi Punzo\u2014 \u00a0<\/p>\n<p class=\"paragraph\" spellcheck=\"true\">Dopo <b>le tante foto pubblicate da Samira su Instagram<\/b>, accuratamente selezionate tra le tante scattate insieme al fidanzato in quei giorni di vacanza, sono arrivate anche quelle dei paparazzi, pubblicate dal magazine Chi nell&#8217;ultimo numero in edicola.\u00a0<\/p>\n<p class=\"paragraph\" spellcheck=\"true\">&#8220;La showgirl de La Ruota della Fortuna accende l\u2019estate caprese con il fidanzato tra baci social, look sofisticati e un briciolo di mistero&#8221;, scrive il magazine diretto da Massimo Borgnis a corredo di alcune foto in cui <b>Samira e Luigi appaiono pi\u00f9 affiatati e innamorati che mai<\/b> a oltre sette anni dal primo incontro, un vero e proprio colpo di fulmine scattato a Formentera.<\/p>\n<p class=\"paragraph\" spellcheck=\"true\">La <a href=\"https:\/\/www.gazzetta.it\/oroscopo\/14-07-2025\/la-ruota-della-fortuna-con-gerry-scotti-dal-14-luglio-su-canale-5.shtml?intcmp=hyperlink-articolo-gazit\" target=\"_blank\" rel=\"nofollow noopener\">regina dell&#8217;access prime time di Canale 5<\/a>, in onda al fianco di Gerry Scotti fino al 28 giugno prossimo con <b>La Ruota della Fortuna<\/b>, non ha ancora svelato pubblicamente se la data del fatidico s\u00ec \u00e8 stata gi\u00e0 fissata e, soprattutto, se la proposta di matrimonio c&#8217;\u00e8 stata. Si parla ormai da mesi del <b>matrimonio tra Samira e l&#8217;ex modello e imprenditore<\/b> con cui condivide la vita da pi\u00f9 di sette anni: era stata lei, in un&#8217;intervista, ad ammettere di <a href=\"https:\/\/www.gazzetta.it\/gossip\/04-10-2025\/samira-lui-sogna-il-matrimonio-con-luigi-punzo-le-sue-parole.shtml?intcmp=hyperlink-articolo-gazit\" target=\"_blank\" rel=\"nofollow noopener\">sognare di convolare a nozze<\/a>: &#8220;Io sono una di quelle che aspetta la proposta di matrimonio: non voglio farla io. Anche se in realt\u00e0 i messaggi subliminali li mando: appena sui social vedo un video con degli anelli, dico subito: ah che bello questo! Per\u00f2 lui non capisce&#8221;.<\/p>\n<p><a class=\"is-partner-link\" href=\"https:\/\/abbonamenti.gazzetta.it\/de-promo-mondiali\/?pwcmp=cta&amp;forceBrowser=true\" rel=\"nofollow noopener\" target=\"_blank\">Gazzetta Mondiale: ogni notte un\u2019edizione straordinaria esclusiva. Non perdertela, abbonati a 1\u20ac\/mese!<\/a><\/p>\n<p class=\"paragraph\" spellcheck=\"true\">La <b>proposta di matrimonio non \u00e8 ancora arrivata<\/b> e sembra proprio che, nonostante l<a href=\"https:\/\/www.gazzetta.it\/gossip\/storie\/02-02-2026\/samira-lui-e-chirurgia-estetica-le-rivelazioni-e-i-ritocchi-fatti\/samira-lui-e-chirurgia-estetica.shtml?intcmp=hyperlink-articolo-gazit\" target=\"_blank\" rel=\"nofollow noopener\">e dichiarazioni pubbliche della 28enne<\/a>, la coppia non abbia molto fretta di sposarsi, come migliaia di coppia in Italia che scelgono di convivere e trascorrere la vita insieme senza metterlo nero su bianco. Al momento <b>Samira \u00e8 pi\u00f9 concentrata che mai sul lavoro<\/b>, tra l&#8217;impegno su Canale 5 e le compagne pubblicitarie che ha ripreso a fare da quando <b>\u00e8 tornata su Instagram lo scorso febbraio<\/b> dopo un periodo di lontananza forzata a causa delle difficolt\u00e0 nel <a href=\"https:\/\/www.gazzetta.it\/gossip\/storie\/05-02-2026\/samira-lui-torna-su-instagram-dopo-l-attacco-hacker-cos-era-successo\/ritorno-sui-social.shtml?intcmp=hyperlink-articolo-gazit\" target=\"_blank\" rel=\"nofollow noopener\">recuperare l&#8217;accesso al profilo hackerato<\/a>.<\/p>\n<p class=\"is-above-copyright is-mr-r-10\" spellcheck=\"true\">La Gazzetta dello Sport<\/p>\n<p class=\"is-copyright\">\u00a9 RIPRODUZIONE RISERVATA<\/p>\n","protected":false},"excerpt":{"rendered":"La 28enne, tornata su Instagram dopo un periodo di assenza forzata, ha condiviso alcuni momenti della vacanza col&hellip;\n","protected":false},"author":3,"featured_media":535537,"comment_status":"","ping_status":"","sticky":false,"template":"","format":"standard","meta":{"footnotes":"","_share_on_mastodon":"0"},"categories":[1451],"tags":[1266,87,295403,2773,7581,1621,1620,2235,7881,203,5226,28016,2611,155416,228,2242,27491,230,204,1537,90,89,10096,22836,8866,1398,20173,114487,32360,2100],"class_list":["post-535536","post","type-post","status-publish","format-standard","has-post-thumbnail","category-celebrita","tag-amici","tag-amore","tag-amore-capri","tag-canale","tag-capri","tag-celebrita","tag-celebrities","tag-coppia","tag-data","tag-entertainment","tag-fidanzato","tag-fissata","tag-fortuna","tag-forzata","tag-foto","tag-fuga","tag-fuga-amore","tag-instagram","tag-intrattenimento","tag-it","tag-italia","tag-italy","tag-luigi","tag-luigi-punzo","tag-matrimonio","tag-proposta","tag-proposta-matrimonio","tag-punzo","tag-samira","tag-vacanza"],"share_on_mastodon":{"url":"https:\/\/pubeurope.com\/@it\/116737136882561509","error":""},"_links":{"self":[{"href":"https:\/\/www.europesays.com\/it\/wp-json\/wp\/v2\/posts\/535536","targetHints":{"allow":["GET"]}}],"collection":[{"href":"https:\/\/www.europesays.com\/it\/wp-json\/wp\/v2\/posts"}],"about":[{"href":"https:\/\/www.europesays.com\/it\/wp-json\/wp\/v2\/types\/post"}],"author":[{"embeddable":true,"href":"https:\/\/www.europesays.com\/it\/wp-json\/wp\/v2\/users\/3"}],"replies":[{"embeddable":true,"href":"https:\/\/www.europesays.com\/it\/wp-json\/wp\/v2\/comments?post=535536"}],"version-history":[{"count":0,"href":"https:\/\/www.europesays.com\/it\/wp-json\/wp\/v2\/posts\/535536\/revisions"}],"wp:featuredmedia":[{"embeddable":true,"href":"https:\/\/www.europesays.com\/it\/wp-json\/wp\/v2\/media\/535537"}],"wp:attachment":[{"href":"https:\/\/www.europesays.com\/it\/wp-json\/wp\/v2\/media?parent=535536"}],"wp:term":[{"taxonomy":"category","embeddable":true,"href":"https:\/\/www.europesays.com\/it\/wp-json\/wp\/v2\/categories?post=535536"},{"taxonomy":"post_tag","embeddable":true,"href":"https:\/\/www.europesays.com\/it\/wp-json\/wp\/v2\/tags?post=535536"}],"curies":[{"name":"wp","href":"https:\/\/api.w.org\/{rel}","templated":true}]}}