{"id":535957,"date":"2026-06-12T18:19:23","date_gmt":"2026-06-12T18:19:23","guid":{"rendered":"https:\/\/www.europesays.com\/it\/535957\/"},"modified":"2026-06-12T18:19:23","modified_gmt":"2026-06-12T18:19:23","slug":"pino-strabioli-the-unknown-mi-ha-fatto-conoscere-ai-giovani-ho-sempre-avuto-un-lato-comico-farei-volentieri-lol","status":"publish","type":"post","link":"https:\/\/www.europesays.com\/it\/535957\/","title":{"rendered":"Pino Strabioli: &#8220;The Unknown mi ha fatto conoscere ai giovani. Ho sempre avuto un lato comico. Farei volentieri Lol&#8221;"},"content":{"rendered":"<p>\u00c8 stato la rivelazione di <a href=\"https:\/\/www.today.it\/tv\/the-unknown-rai2.html\" rel=\"nofollow noopener\" target=\"_blank\">\u201cThe Unknown\u201d, l\u2019adventure-game che Rai 2<\/a> ha tirato fuori dal cassetto ad otre un anno dalle registrazioni. Pur non vincendo, Pino Strabioli si gode la rinnovata popolarit\u00e0, che gli ha consentito tra l\u2019altro di essere scoperto da giovani e giovanissimi. \u201cQuesta esperienza mi ha fatto conoscere ai ragazzi &#8211; racconta il conduttore a Today \u2013 le persone mi riconoscono, mi fermano per strada anche se non ricollegano il nome. Il programma sta funzionando su RaiPlay e questo \u00e8 utile per essere intercettati da quella fascia d\u2019et\u00e0\u201d.<\/p>\n<p>Eliminato prima della finalissima, a Strabioli sono bastate quattro puntate rivelarsi come sorpresa assoluta di un programma a met\u00e0 tra \u201cPechino Express\u201d e \u201cMoney Road\u201d, ma che col passare delle settimane ha saputo costruirsi una sua identit\u00e0 e autenticit\u00e0.<\/p>\n<p>\u201cI primi contatti ci furono nel febbraio 2025, dopo il Festival di Sanremo, con le riprese che partirono attorno a marzo\u201d, rivela Strabioli. \u201cEffettuai dei colloqui da remoto, non ci furono incontri dal vivo per un provino. La mia prima reazione fu gelida, pensai che fossero dei pazzi, ero convinto di non essere adatto al programma. Cercai di capire il pi\u00f9 possibile il meccanismo, ma furono bravissimi a mantenere l\u2019assoluto mistero. Da casa poteva apparire tutto studiato, invece no. Ci fornirono pochissime informazioni e furono bravi a convincerci\u201d.<\/p>\n<p><strong>Non ti comunicarono nemmeno i nomi dei compagni di viaggio?<\/strong><\/p>\n<p>\u201cNulla di nulla. Due giorni prima della partenza lessi alcune indiscrezioni sul web. Stop. Ci misero in una casetta per quarantott\u2019ore, ognuno isolato nella sua camera. Poi ci bendarono e ci fecero salire su questo van, come si \u00e8 visto nella prima puntata. In macchina sentivo le ginocchia degli altri concorrenti seduti accanto a me. Mi domandavo se fossero di uomini o di donne. Quando ci scoprirono gli occhi ebbi solo la conferma della Manzini, di cui avevo letto il nome in qualche anticipazione. Il resto fu una sorpresa\u201d.<\/p>\n<p><strong>Come si svolsero le registrazioni?<\/strong><\/p>\n<p>\u201cUna puntata si girava in tre giorni. Seguiva una giornata di riposo chiusi in una stanza, senza telefonini e televisione. Complessivamente le riprese sono durate venti giorni, circa quindici nel mio caso\u201d.<\/p>\n<p><strong>Il tuo approccio fu un po\u2019 traumatico.<\/strong><\/p>\n<p>\u201cSi \u00e8 visto. Sono partito in un modo abbastanza confuso. Poi sono entrato nel gioco. In questo mi ha molto aiutato il teatro: ti immergi in una dimensione che non conosci e ti lasci andare. Ho deciso di mostrarmi per quello che sono, senza fare finta. Non ho recitato e mi sono divertito tantissimo. Sono curioso per natura. Osservare un\u2019umanit\u00e0 cos\u00ec varia con cui dovevo convivere \u00e8 stato educativo\u201d.<\/p>\n<p><strong>In che senso?<\/strong><\/p>\n<p>\u201cLa convivenza la conoscevo da un altro punto di vista, non per gioco. Ci siamo ritrovati a stare in sei in una stanzetta, a camminare tantissimo. Molte scene sono state tagliate per motivi di tempo. Ma devo riconoscere che il montaggio \u00e8 stato perfetto, non \u00e8 stato censurato niente. Attorno a noi si muovevano tantissime persone, c\u2019era un apparato tecnico pazzesco. Sono rimasto sconvolto dal lavoro della macchina produttiva\u201d.<\/p>\n<p><strong>Il programma \u00e8 stato tenuto in magazzino per oltre un anno.<\/strong><\/p>\n<p>\u201cQuesto letargo alla fine non ci ha fatto male. Rivedermi dopo un anno \u00e8 stato positivo. Ho maturato il giusto distacco e mi sono riguardato come se fossi un altro. Mi sono persino giudicato simpatico. Sono riuscito ad azzerare tutti i timori che avevo e ho riso di me stesso\u201d.<\/p>\n<p><strong>Mantenere il riserbo per tutto questo tempo, per\u00f2, sar\u00e0 stato complicato.<\/strong><\/p>\n<p>\u201cGuarda, era gi\u00e0 uscito tutto ed essendo stato eliminato prima dell\u2019epilogo non potevo sapere chi avesse vinto. Non \u00e8 stato un problema da quel punto di vista\u201d.<\/p>\n<p><strong>Grazie a \u201cThe Unknown\u201d il pubblico ha potuto scoprire il tuo lato comico.<\/strong><\/p>\n<p>\u201cChi mi ha visto in teatro sa che possiedo un taglio ironico. Al contrario, chi mi ha seguito solo in tv lo scopre adesso, anche se a dire il vero io nasco come comico. In \u2018T\u2019amo Tv\u2019, mio primo programma su Tmc con Fabio Fazio, facevo cose carine. Parlavo umbro, ero divertente. Cos\u00ec come ad \u2018Uno Mattina\u2019. In seguito ho mollato quel percorso. Recuperarlo non mi dispiacerebbe. Una trasmissione come \u2018Lol\u2019 la farei!\u201d.<\/p>\n<p><strong>E \u201cPechino Express\u201d?<\/strong><\/p>\n<p>\u201cNo, non ce la farei fisicamente. Potrei partire in coppia con Sabrina Knaflitz, con cui sono in scena, ci avevamo pensato. Ma non reggerei, onestamente\u201d.<\/p>\n<p><strong>Qualcuno ti vedrebbe bene al \u201cGrande Fratello\u201d.<\/strong><\/p>\n<p>\u201cQualcuno su X lo auspica, io lo escludo. Non per snobismo, ma stare fermo nel quotidiano non mi interessa. In \u2018The Unknown\u2019 si andava alla scoperta di una regione splendida come la Calabria. Ho ammirato posti incantevoli. Anzi, intendo tornarci in vacanza. Le convivenze coatte lunghe dei mesi non fanno per me\u201d.<\/p>\n<p><strong>Sei diventato un meme. Un piacere o un fastidio?<\/strong><\/p>\n<p>\u201cMi ha divertito molto. A parte qualche frecciatina idiota di chi mi consigliava la pensione, il clima che si \u00e8 creato attorno a me mi \u00e8 piaciuto. Mi sono goduto l\u2019esperienza, liberandomi dei miei limiti\u201d.<\/p>\n<p><strong>Auspichi la realizzazione di una seconda edizione?<\/strong><\/p>\n<p>\u201cSarebbe un grande peccato se la Rai non ripetesse l\u2019esperienza. \u2018The Unknown\u2019 ha gli ingredienti del reality che fa uscire i caratteri delle persone che sono in continuo movimento. A questo aggiungici i panorami meravigliosi, le gare che si possono svolgere a qualsiasi et\u00e0. E pure l\u2019idea di mescolare famosi e non in continuazione \u00e8 stata una bella trovata\u201d.<\/p>\n<p><strong>Qualche correzione in corsa forse sarebbe necessaria.<\/strong><\/p>\n<p>\u201cSi potrebbe andare alla scoperta di altri luoghi, questo s\u00ec. In ogni caso, la Rai ha dimostrato di poter attrarre i giovani. I risultati ottenuti sono stati buoni e c\u2019\u00e8 un linguaggio che andrebbe coltivato\u201d.<\/p>\n<p><strong>Costanza Caracciolo sui social \u00e8 stata tutt\u2019altro che diplomatica: \u201cProgramma stupendo, completamente sottovalutato dalla rete che ci ha trasmessi! Peccato\u201d. Concorda?<\/strong><\/p>\n<p>\u201cNon c\u2019\u00e8 stata una promozione massiccia. E\u2019 passata l\u2019idea di un esperimento e possiamo affermare che ha funzionato. Per questo andrebbe replicato. La televisione deve essere una palestra e andrebbe valorizzato il lavoro di autori, tecnici e produttori validissimi. Io provengo da una tv artigianale, semplice, povera, fatta in studio. Vederli all\u2019opera mi ha affascinato, \u00e8 stato un viaggio nel viaggio\u201d.<\/p>\n<p><strong>Speri che questa parentesi possa aprirti nuove porte all\u2019interno della Rai?<\/strong><\/p>\n<p>\u201cSono lucido e cosciente, a me va benissimo cos\u00ec. Le cose passano, la gente dimentica. Non so quale sar\u00e0 il mio futuro in Rai, sono in attesa, ma \u00e8 un\u2019attesa che non mi disturba, non mi agita. Per adesso so che l\u20198 luglio condurr\u00f2 su Rai 3 la serata finale del Premio Strega con Gloria Campaner. Non ho ansie da prestazione. Ho i miei impegni teatrali, sto nella mia dimensione consapevole delle mie qualit\u00e0 graffianti\u201d.<\/p>\n<p>  &#13;<br \/>\n&#13;<br \/>\n  &lt;!?php if ( SF_DOMAIN == &#8216;citynews-bruxellestoday&#8217; || SF_DOMAIN == &#8216;citynews-cagliaritoday&#8217; || SF_DOMAIN == &#8216;citynews-sassaritoday&#8217; || SF_DOMAIN == &#8216;citynews-tarantotoday&#8217; || SF_DOMAIN == &#8216;citynews-viterbotoday&#8217; || SF_DOMAIN == &#8216;citynews-ferraratoday&#8217; ): ?&gt;&#13;<br \/>\n    &#13;<br \/>\n  &lt;!?php endif; ?&gt;&#13;<br \/>\n  &#13;<br \/>\n&#13;<br \/>\n        &#13;<br \/>\n        &#13;<\/p>\n","protected":false},"excerpt":{"rendered":"\u00c8 stato la rivelazione di \u201cThe Unknown\u201d, l\u2019adventure-game che Rai 2 ha tirato fuori dal cassetto ad otre&hellip;\n","protected":false},"author":3,"featured_media":535958,"comment_status":"","ping_status":"","sticky":false,"template":"","format":"standard","meta":{"footnotes":"","_share_on_mastodon":"0"},"categories":[1451],"tags":[1621,1620,203,1282,204,1537,90,89,287492,32095,270387],"class_list":["post-535957","post","type-post","status-publish","format-standard","has-post-thumbnail","category-celebrita","tag-celebrita","tag-celebrities","tag-entertainment","tag-intervista","tag-intrattenimento","tag-it","tag-italia","tag-italy","tag-pino-strabioli","tag-rai-2","tag-the-unknown"],"share_on_mastodon":{"url":"https:\/\/pubeurope.com\/@it\/116738521241997244","error":""},"_links":{"self":[{"href":"https:\/\/www.europesays.com\/it\/wp-json\/wp\/v2\/posts\/535957","targetHints":{"allow":["GET"]}}],"collection":[{"href":"https:\/\/www.europesays.com\/it\/wp-json\/wp\/v2\/posts"}],"about":[{"href":"https:\/\/www.europesays.com\/it\/wp-json\/wp\/v2\/types\/post"}],"author":[{"embeddable":true,"href":"https:\/\/www.europesays.com\/it\/wp-json\/wp\/v2\/users\/3"}],"replies":[{"embeddable":true,"href":"https:\/\/www.europesays.com\/it\/wp-json\/wp\/v2\/comments?post=535957"}],"version-history":[{"count":0,"href":"https:\/\/www.europesays.com\/it\/wp-json\/wp\/v2\/posts\/535957\/revisions"}],"wp:featuredmedia":[{"embeddable":true,"href":"https:\/\/www.europesays.com\/it\/wp-json\/wp\/v2\/media\/535958"}],"wp:attachment":[{"href":"https:\/\/www.europesays.com\/it\/wp-json\/wp\/v2\/media?parent=535957"}],"wp:term":[{"taxonomy":"category","embeddable":true,"href":"https:\/\/www.europesays.com\/it\/wp-json\/wp\/v2\/categories?post=535957"},{"taxonomy":"post_tag","embeddable":true,"href":"https:\/\/www.europesays.com\/it\/wp-json\/wp\/v2\/tags?post=535957"}],"curies":[{"name":"wp","href":"https:\/\/api.w.org\/{rel}","templated":true}]}}