{"id":536000,"date":"2026-06-12T18:52:23","date_gmt":"2026-06-12T18:52:23","guid":{"rendered":"https:\/\/www.europesays.com\/it\/536000\/"},"modified":"2026-06-12T18:52:23","modified_gmt":"2026-06-12T18:52:23","slug":"ibrahimovic-show-non-lavoro-gratis-sono-molto-caro-messi-o-ronaldo-dico-zlatan","status":"publish","type":"post","link":"https:\/\/www.europesays.com\/it\/536000\/","title":{"rendered":"Ibrahimovic show: \u00abNon lavoro gratis, sono molto caro. Messi o Ronaldo? Dico Zlatan\u00bb"},"content":{"rendered":"<p>    di<br \/>\n    Salvatore Riggio<\/p>\n<p class=\"summary-art is-line-h-12\">Lo svedese pronto al ruolo di commentatore nella squadra di Fox Sports per i Mondiali<\/p>\n<p class=\"chapter-paragraph\">\u00c8 pronto al debutto, nella squadra di Fox Sports, per commentare i Mondiali 2026, ma <b>Zlatan Ibrahimovic<\/b> fa gi\u00e0 discutere. Ospite del \u00abJimmy Kimmel Live di Jimmy Kimmel\u00bb, ha fatto subito uno show nel suo stile, ma stavolta rischia di fare arrabbiare nuovamente i tifosi del Milan, alle prese con il caos societario. \u00abMi sento bene. \u00c8 un qualcosa di nuovo di fronte alle telecamere. Ma non posso essere giudicato, non \u00e8 il mio lavoro abituale. Non posso fare niente di sbagliato. <b>Verr\u00f2 pagato? Un sacco, un sacco. Non lavoro gratis. Non sono caro: sono molto caro<\/b>\u00bb, ha detto.<\/p>\n<p class=\"chapter-paragraph\">Insomma, sfrontato come sempre: \u00abSar\u00f2 il Charles Barkley del team? S\u00ec, so chi \u00e8, ma io nella mia carriera ho vinto, lui non ha vinto \u2013 ha continuato Ibrahimovic \u2013. Ma ovviamente non voglio essere irrispettoso. Nei due-tre giorni abbiamo fatto qualche prova. Io sono l\u2019unico che non ha un copione da seguire. Sono qui per essere me stesso. <b>Vogliono Zlatan, gli dar\u00f2 Zlatan.<\/b> Quando gli altri faranno le loro analisi penso che agli spettatori americani verr\u00e0 sonno, io sono qua per svegliarli! Sono una persona senza filtri. Quello che dico, quello che sento. Giusto o sbagliato che sia, \u00e8 la mia opinione. Che piaccia o meno sta a te. Per\u00f2 s\u00ec, con gli amici sar\u00e0 un po\u2019 pi\u00f9 dura. Ma sono qui per giudicarli alla mia maniera\u00bb.    &#13;<br \/>\n&#13;<br \/>\n&#13;<br \/>\n&#13;<br \/>\n&#13;<br \/>\n&#13;<br \/>\n&#13;<br \/>\n&#13;<br \/>\n&#13;<br \/>\n&#13;<br \/>\n&#13;<br \/>\n&#13;<br \/>\n&#13;<br \/>\n&#13;<br \/>\n&#13;<br \/>\n&#13;<br \/>\n&#13;<br \/>\n&#13;<br \/>\n&#13;<br \/>\n&#13;<br \/>\n&#13;<br \/>\n&#13;<br \/>\n&#13;<br \/>\n&#13;<br \/>\n&#13;<br \/>\n&#13;<br \/>\n&#13;<br \/>\n&#13;<br \/>\n&#13;<br \/>\n&#13;<br \/>\n&#13;<br \/>\n&#13;<br \/>\n&#13;<br \/>\n&#13;<br \/>\n&#13;<br \/>\n&#13;<br \/>\n&#13;<br \/>\n&#13;<br \/>\n&#13;<br \/>\n&#13;<br \/>\n&#13;<br \/>\n&#13;<br \/>\n&#13;<br \/>\n&#13;<br \/>\n&#13;<br \/>\n&#13;<br \/>\n&#13;<br \/>\n&#13;<br \/>\n&#13;<br \/>\n&#13;<br \/>\n&#13;<br \/>\n&#13;<br \/>\n&#13;\n<\/p>\n<p class=\"chapter-paragraph\">Infine, Ibrahimovic ha raccontato le differenze tra i tifosi americani e quelli europei: \u00abRicordo che quando giocavo qui con i Galaxy, quando perdevamo uscivo dallo stadio e vedevo tifosi che ridevano, mangiando tacos, che ti aspettavano vicino la macchina, tutto soft. In Europa se perdi una partita i tifosi non ti aspettano vicino alla macchina, ti aspettano a casa. E di sicuro non con un taco in mano. \u00c8 una cosa totalmente differente \u2013 ha concluso Ibrahimovic \u2013. <b>Mi ricordo che quando ero al Psg, andando in trasferta a Marsiglia, ci tiravano i coltelli in campo.<\/b> Abbiamo segnato, e di solito per esultare si va verso la bandierina, quindi vicino ai tifosi. E ho visto che ci hanno lanciato un coltello. Ho detto ai miei compagni che per il prossimo gol avremmo esultato a centrocampo. Volevo uscirne vivo, niente pi\u00f9 esultanze vicino alla bandierina. <b>Messi o Cristiano Ronaldo? Dico Zlatan<\/b>\u00bb.<\/p>\n<p>APPROFONDISCI CON IL PODCAST<\/p>\n<p class=\"is-last-update\" datetime=\"2026-06-12T18:27:20+02:00\">12 giugno 2026 ( modifica il 12 giugno 2026 | 18:27)<\/p>\n<p class=\"is-copyright\">\n            \u00a9 RIPRODUZIONE RISERVATA\n        <\/p>\n","protected":false},"excerpt":{"rendered":"di Salvatore Riggio Lo svedese pronto al ruolo di commentatore nella squadra di Fox Sports per i Mondiali&hellip;\n","protected":false},"author":3,"featured_media":536001,"comment_status":"","ping_status":"","sticky":false,"template":"","format":"standard","meta":{"footnotes":"","_share_on_mastodon":"0"},"categories":[176],"tags":[2017,24224,4787,4723,3876,295625,12451,265143,14020,295626,46518,1537,90,89,14848,79539,79538,4044,59,4422,6092,1917,1922,1956,295627,295628,41958,245,244,6035,102560],"class_list":["post-536000","post","type-post","status-publish","format-standard","has-post-thumbnail","category-sport","tag-americani","tag-aspettano","tag-bandierina","tag-caro","tag-dico","tag-dico-zlatan","tag-fox","tag-fox-sports","tag-gratis","tag-gratis-caro","tag-ibrahimovic","tag-it","tag-italia","tag-italy","tag-jimmy","tag-jimmy-kimmel","tag-kimmel","tag-macchina","tag-messi","tag-mondiali","tag-posso","tag-pronto","tag-ricordo","tag-ronaldo","tag-ronaldo-dico","tag-ronaldo-dico-zlatan","tag-sacco","tag-sport","tag-sports","tag-tifosi","tag-zlatan"],"share_on_mastodon":{"url":"https:\/\/pubeurope.com\/@it\/116738650724220033","error":""},"_links":{"self":[{"href":"https:\/\/www.europesays.com\/it\/wp-json\/wp\/v2\/posts\/536000","targetHints":{"allow":["GET"]}}],"collection":[{"href":"https:\/\/www.europesays.com\/it\/wp-json\/wp\/v2\/posts"}],"about":[{"href":"https:\/\/www.europesays.com\/it\/wp-json\/wp\/v2\/types\/post"}],"author":[{"embeddable":true,"href":"https:\/\/www.europesays.com\/it\/wp-json\/wp\/v2\/users\/3"}],"replies":[{"embeddable":true,"href":"https:\/\/www.europesays.com\/it\/wp-json\/wp\/v2\/comments?post=536000"}],"version-history":[{"count":0,"href":"https:\/\/www.europesays.com\/it\/wp-json\/wp\/v2\/posts\/536000\/revisions"}],"wp:featuredmedia":[{"embeddable":true,"href":"https:\/\/www.europesays.com\/it\/wp-json\/wp\/v2\/media\/536001"}],"wp:attachment":[{"href":"https:\/\/www.europesays.com\/it\/wp-json\/wp\/v2\/media?parent=536000"}],"wp:term":[{"taxonomy":"category","embeddable":true,"href":"https:\/\/www.europesays.com\/it\/wp-json\/wp\/v2\/categories?post=536000"},{"taxonomy":"post_tag","embeddable":true,"href":"https:\/\/www.europesays.com\/it\/wp-json\/wp\/v2\/tags?post=536000"}],"curies":[{"name":"wp","href":"https:\/\/api.w.org\/{rel}","templated":true}]}}