{"id":536085,"date":"2026-06-12T20:06:22","date_gmt":"2026-06-12T20:06:22","guid":{"rendered":"https:\/\/www.europesays.com\/it\/536085\/"},"modified":"2026-06-12T20:06:22","modified_gmt":"2026-06-12T20:06:22","slug":"inter-occhio-agli-esuberi-come-e-quanto-puo-aumentare-il-budget-di-mercato","status":"publish","type":"post","link":"https:\/\/www.europesays.com\/it\/536085\/","title":{"rendered":"Inter, occhio agli esuberi: come (e quanto) pu\u00f2 aumentare il budget di mercato"},"content":{"rendered":"<p>                                Da qualche giovane che potrebbe voler cercare altrove pi\u00f9 minuti e continuit\u00e0 a chi gi\u00e0 aveva lasciato Milano l&#8217;estate scorsa. E da Frattesi in poi, ecco come il club nerazzurro pu\u00f2 finanziare una parte di mercato estivo<\/p>\n<p class=\"paragraph\" spellcheck=\"true\">C&#8217;\u00e8 il budget di Oaktree ma c&#8217;\u00e8 anche un&#8217;altra quota di liquidit\u00e0. Chiamiamolo pure un extra budget che l&#8217;Inter \u00e8 pronta a mettere da parte e poi di nuovo sul tavolo per finanziare una parte della sua campagna acquisti. Come? Inevitabilmente con le cessioni. E in tal senso la lista dei possibili partenti inizia da Davide Frattesi e finisce con i baby come Ebenezer Akinsanmiro che verr\u00e0 riscattato dal Pisa. Esuberi che diventano potenziali risorse. Nessuna cessione eccellente, ma qualora agli uffici di Viale della Liberazione dovessero bussare dei club con le proposte giuste per determinati elementi, allora l&#8217;Inter sar\u00e0 pronta a valutare qualsiasi situazione in uscita.\u00a0<\/p>\n<p>    frattesi e i &#8220;vecchi nuovi&#8221;\u2014 \u00a0<\/p>\n<p class=\"paragraph is-inline\" spellcheck=\"true\">Partiamo dal primo nome che \u00e8 quello di Frattesi. Il Nottingham Forest \u00e8 tornato alla carica per il centrocampista ma l\u2019Inter ancora non ha ricevuto una proposta formale. Quella giusta sarebbe da 30 milioni, o gi\u00f9 di l\u00ec; sicuramente non meno di 25 fissi. Poi ci sono le situazioni legate al futuro di due acquisti dell&#8217;estate scorsa: Andy Diouf e Luis Henrique. Orecchie aperte, antenne dritte. Anche perch\u00e9 \u00e8 difficile che il 2003 e il 2001 la prossima stagione possano scalare le gerarchie e diventare titolari di un&#8217;Inter che a centrocampo gi\u00e0 naviga nell&#8217;abbondanza e cerca ancora il colpo (alla Curtis Jones, per esempio) per rinforzarsi in maniera definitiva l\u00ec in mezzo. Quindi \u00e8 chiaro che se da parte dei due ragazzi dovesse aumentare la voglia di giocare di pi\u00f9 e si dovesse palesare qualche club in grado di garantirgli pi\u00f9 minuti, continuit\u00e0 e centralit\u00e0 all&#8217;interno di un progetto, le riflessioni sarebbero immediate. Occhio per\u00f2 al costo. Il primo \u00e8 arrivato un anno fa per 20 milioni, il secondo \u00e8 costato sui 22.\u00a0<\/p>\n<p><a class=\"is-partner-link\" href=\"https:\/\/abbonamenti.gazzetta.it\/de-promo-mondiali\/?pwcmp=cta&amp;forceBrowser=true\" rel=\"nofollow noopener\" target=\"_blank\">Gazzetta Mondiale: ogni notte un\u2019edizione straordinaria esclusiva. Non perdertela, abbonati a 1\u20ac\/mese!<\/a><\/p>\n<p>        <img decoding=\"async\" loading=\"lazy\" alt=\"ISTANBUL, TURKEY - APRIL 5: Kristjan Asllani of Besiktas runs with the ball during the Trendyol Super Lig match between Fenerbahce SK and Besiktas JK at Ulker Sukru Saracoglu Stadium on April 5, 2026 in Istanbul, Turkey. (Photo by Ahmad Mora\/Getty Images)\" src=\"https:\/\/dimages2.gazzettaobjects.it\/files\/image_527_789_h\/uploads\/2026\/06\/12\/6a2c35921caf9.jpeg\" data-full-src=\"https:\/\/www.europesays.com\/it\/wp-content\/uploads\/2026\/06\/6a2c35921caf9.jpeg\"\/><\/p>\n<p>    asllani e pavard da piazzare\u2014 \u00a0<\/p>\n<p class=\"paragraph is-inline\" spellcheck=\"true\">Un altro elemento gi\u00e0 presente in rosa ma che vorrebbe un ruolo pi\u00f9 di primo piano \u00e8 Carlos Augusto. Il suo contratto scade nel 2028 ma la questione rinnovo non si smuove. Calma piatta. E che qualche vento estero possa portarselo via non \u00e8 affatto escluso. Vedremo. Infine, ci sono questioni pi\u00f9 lontane ma soltanto in apparenza. Kristjan Asllani \u00e8 la prima. Il centrocampista albanese ha giocato l&#8217;ultima stagione al Besiktas. Il prestito era di un anno e la formula del trasferimento si chiudeva con un diritto di riscatto che per i turchi \u00e8 fissato sugli 11 milioni. Un po&#8217; la situazione di Akisanmiro con il Pisa; ma in questo caso i toscani hanno gi\u00e0 provveduto a informare l&#8217;Inter che riscatteranno il ventunenne per 7 milioni. Tornando ad Asllani, su questo fronte \u00e8 ancora tutto in ballo ma un tesoretto di quel genere farebbe comunque comodo a un club che aspetta di incassare anche i 20 milioni della clausola di Denzel Dumfries, prossimo esterno destro del Real Madrid, e i 4 di Sebastiano Esposito riscattato automaticamente dal Cagliari in virt\u00f9 della salvezza dei sardi (che, nel caso in cui dovessero rivendere il giocatore a pi\u00f9 di 4 milioni, dovrebbero un ulteriore 40% ai nerazzurri per una futura cessione). Ma allo stesso tempo l&#8217;Inter ha gi\u00e0 speso 15 milioni per riscattare Manuel Akanji dal Manchester City e 23 per ricomprare Aleksandar Stankovic dal Bruges (anche se qui alla voce spesa possiamo far comparire &#8220;soltanto&#8221; 13 milioni, ovvero la differenza tra quanto pagato ora dai nerazzurri e i 10 milioni sborsati dal club belga per prendere il centrocampista sempre dall&#8217;Inter un anno fa). Chiudendo il cerchio degli esuberi, c&#8217;\u00e8 infine Benjamin Pavard, di ritorno dal prestito secco al Marsiglia. Un giocatore sicuramente da piazzare perch\u00e9 non pi\u00f9 &#8211; e non da ora &#8211; nel progetto tecnico interista. A quanto? Non meno di 10-12 milioni.<\/p>\n<p class=\"is-copyright\">\u00a9 RIPRODUZIONE RISERVATA<\/p>\n","protected":false},"excerpt":{"rendered":"Da qualche giovane che potrebbe voler cercare altrove pi\u00f9 minuti e continuit\u00e0 a chi gi\u00e0 aveva lasciato Milano&hellip;\n","protected":false},"author":3,"featured_media":536086,"comment_status":"","ping_status":"","sticky":false,"template":"","format":"standard","meta":{"footnotes":"","_share_on_mastodon":"0"},"categories":[1452],"tags":[5881,19463,295728,2111,9746,721,3153,70653,571,554,4415,3879,51170,1533,30950,5688,27888,1740,15049,564,8920,350,265836,1537,90,89,1914,1412,3479,295729,609,17298,43539,3124,6840,2851,13810,7302,10332,4519,10333,1739,245,244],"class_list":["post-536085","post","type-post","status-publish","format-standard","has-post-thumbnail","category-calcio","tag-acquisti","tag-asllani","tag-asllani-pavard","tag-aumentare","tag-budget","tag-calcio","tag-centrocampista","tag-centrocampista-inter","tag-cessione","tag-club","tag-continuita","tag-dovesse","tag-dovessero","tag-estate","tag-estate-scorsa","tag-esuberi","tag-finanziare","tag-football","tag-frattesi","tag-giocatore","tag-infine","tag-inter","tag-inter-pronta","tag-it","tag-italia","tag-italy","tag-li","tag-mercato","tag-minuti","tag-minuti-continuita","tag-nerazzurri","tag-pavard","tag-piazzare","tag-pisa","tag-prestito","tag-progetto","tag-pronta","tag-riscattato","tag-risorse","tag-scorsa","tag-sicuramente","tag-soccer","tag-sport","tag-sports"],"share_on_mastodon":{"url":"","error":"Validation failed: Text character limit of 500 exceeded"},"_links":{"self":[{"href":"https:\/\/www.europesays.com\/it\/wp-json\/wp\/v2\/posts\/536085","targetHints":{"allow":["GET"]}}],"collection":[{"href":"https:\/\/www.europesays.com\/it\/wp-json\/wp\/v2\/posts"}],"about":[{"href":"https:\/\/www.europesays.com\/it\/wp-json\/wp\/v2\/types\/post"}],"author":[{"embeddable":true,"href":"https:\/\/www.europesays.com\/it\/wp-json\/wp\/v2\/users\/3"}],"replies":[{"embeddable":true,"href":"https:\/\/www.europesays.com\/it\/wp-json\/wp\/v2\/comments?post=536085"}],"version-history":[{"count":0,"href":"https:\/\/www.europesays.com\/it\/wp-json\/wp\/v2\/posts\/536085\/revisions"}],"wp:featuredmedia":[{"embeddable":true,"href":"https:\/\/www.europesays.com\/it\/wp-json\/wp\/v2\/media\/536086"}],"wp:attachment":[{"href":"https:\/\/www.europesays.com\/it\/wp-json\/wp\/v2\/media?parent=536085"}],"wp:term":[{"taxonomy":"category","embeddable":true,"href":"https:\/\/www.europesays.com\/it\/wp-json\/wp\/v2\/categories?post=536085"},{"taxonomy":"post_tag","embeddable":true,"href":"https:\/\/www.europesays.com\/it\/wp-json\/wp\/v2\/tags?post=536085"}],"curies":[{"name":"wp","href":"https:\/\/api.w.org\/{rel}","templated":true}]}}