{"id":536141,"date":"2026-06-12T21:01:15","date_gmt":"2026-06-12T21:01:15","guid":{"rendered":"https:\/\/www.europesays.com\/it\/536141\/"},"modified":"2026-06-12T21:01:15","modified_gmt":"2026-06-12T21:01:15","slug":"tour-feminin-des-pyrenees-alzini-batte-venturelli-in-volata-nella-prima-tappa-le-net-completa-il-podio","status":"publish","type":"post","link":"https:\/\/www.europesays.com\/it\/536141\/","title":{"rendered":"TOUR F\u00c9MININ DES PYR\u00c9N\u00c9ES. ALZINI BATTE VENTURELLI IN VOLATA NELLA PRIMA TAPPA: LE NET COMPLETA IL PODIO"},"content":{"rendered":"<p>            <a class=\"category\" href=\"https:\/\/www.tuttobiciweb.it\/articles\/category\/DONNE\" itemprop=\"about\" rel=\"nofollow noopener\" target=\"_blank\">DONNE<\/a> | 12\/06\/2026 | 15:45<br \/>\n            <a class=\"author\" href=\"https:\/\/www.tuttobiciweb.it\/articles\/author\/Luca%20Galimberti\" rel=\"nofollow noopener\" target=\"_blank\">di Luca Galimberti<\/a><\/p>\n<p class=\"MsoNormal\" style=\"text-align: justify;\">Doppietta italiana nella prima tappa del Tour F\u00e9minin des Pyr\u00e9n\u00e9es: al termine dei 118 chilometri della Saint Jean de Luz\/Mourenx, la vittoria \u00e8 andata a <strong>Martina Alzini,<\/strong> 29enne della Cofidis, che in volata <strong>ha regolato Federica Venturelli della UAE Team ADQ.<\/strong> Terza la campionessa di Francia \u00a0Marie Le Net in maglia FDJ United Suez e in quarta la sua compagna FDJ United \u2013 SUEZ.\n            <\/p>\n<p class=\"MsoNormal\" style=\"text-align: justify;\">L\u2019affermazione di oggi, la quarta in carriera su strada, consente ad Alzini di indossare anche la maglia di leader della corsa con cui ripartir\u00e0 domani da Arrens-Marsous per la seconda tappa.\n            <\/p>\n<p class=\"MsoNormal\" style=\"text-align: justify;\"><strong>LE PAROLE DI MARTINA ALZIN<\/strong>I\u00a0\u00abOggi mi sono veramente divertita in bici e sono veramente contenta di aver vinto. Con le mie compagne abbiamo studiato bene la tappa e ho sentito il supporto e la fiducia delle mie compagne: anche quando nell\u2019ultimo chilometro la velocit\u00e0 e la bagarre sono aumentate sono rimasta tranquilla, anche quando ho visto le ragazze della FDJ passarmi. Ho preso la ruota di Federica e sono rimasta coperta perch\u00e9 l\u2019arrivo non era poi cos\u00ec vicino per iniziare la volata. \u00a0Poi sono uscita e tutto \u00e8 andato per il meglio\u00bb ha detto la vincitrice\u00a0<\/p>\n<p class=\"MsoNormal\" style=\"text-align: justify;\">ORDINE D&#8217;ARRIVO<\/p>\n<p class=\"MsoNormal\" style=\"text-align: justify;\">1  Alzini Martina Cofidis Women Team 03:09:01<\/p>\n<p class=\"MsoNormal\" style=\"text-align: justify;\">2  Venturelli Federica UAE Team ADQ ,,<\/p>\n<p class=\"MsoNormal\" style=\"text-align: justify;\">3  Le Net Marie FDJ United &#8211; SUEZ ,,<\/p>\n<p class=\"MsoNormal\" style=\"text-align: justify;\">4  Koch Franziska FDJ United &#8211; SUEZ ,,<\/p>\n<p class=\"MsoNormal\" style=\"text-align: justify;\">5  Burlov\u00e1 Krist\u00fdna Cofidis Women Team ,,<\/p>\n<p class=\"MsoNormal\" style=\"text-align: justify;\">6  Alonso Sandra Eneicat &#8211; Be Call ,,<\/p>\n<p class=\"MsoNormal\" style=\"text-align: justify;\">7  Gegu Justine Mayenne Monbana My Pie ,,<\/p>\n<p class=\"MsoNormal\" style=\"text-align: justify;\">8  Jansen Eline VolkerWessels Cycling Team ,,<\/p>\n<p class=\"MsoNormal\" style=\"text-align: justify;\">9  Soto Catalina Anais Laboral Kutxa &#8211; Fundaci\u00f3n Euskadi ,,<\/p>\n<p class=\"MsoNormal\" style=\"text-align: justify;\">10  R\u00e5nes Bye Camilla Minimax Cycling Team ,,<\/p>\n<p>Copyright &amp;copy TBW<\/p>\n","protected":false},"excerpt":{"rendered":"DONNE | 12\/06\/2026 | 15:45 di Luca Galimberti Doppietta italiana nella prima tappa del Tour F\u00e9minin des Pyr\u00e9n\u00e9es:&hellip;\n","protected":false},"author":3,"featured_media":536142,"comment_status":"","ping_status":"","sticky":false,"template":"","format":"standard","meta":{"footnotes":"","_share_on_mastodon":"0"},"categories":[1456],"tags":[1824,1825,1537,90,89,245,244,38487,292009,295751],"class_list":["post-536141","post","type-post","status-publish","format-standard","has-post-thumbnail","category-ciclismo","tag-ciclismo","tag-cycling","tag-it","tag-italia","tag-italy","tag-sport","tag-sports","tag-tappa-1","tag-tour-feminin-des-pyrenees-2026","tag-vittoria-martina-alzini"],"share_on_mastodon":{"url":"https:\/\/pubeurope.com\/@it\/116739157851249458","error":""},"_links":{"self":[{"href":"https:\/\/www.europesays.com\/it\/wp-json\/wp\/v2\/posts\/536141","targetHints":{"allow":["GET"]}}],"collection":[{"href":"https:\/\/www.europesays.com\/it\/wp-json\/wp\/v2\/posts"}],"about":[{"href":"https:\/\/www.europesays.com\/it\/wp-json\/wp\/v2\/types\/post"}],"author":[{"embeddable":true,"href":"https:\/\/www.europesays.com\/it\/wp-json\/wp\/v2\/users\/3"}],"replies":[{"embeddable":true,"href":"https:\/\/www.europesays.com\/it\/wp-json\/wp\/v2\/comments?post=536141"}],"version-history":[{"count":0,"href":"https:\/\/www.europesays.com\/it\/wp-json\/wp\/v2\/posts\/536141\/revisions"}],"wp:featuredmedia":[{"embeddable":true,"href":"https:\/\/www.europesays.com\/it\/wp-json\/wp\/v2\/media\/536142"}],"wp:attachment":[{"href":"https:\/\/www.europesays.com\/it\/wp-json\/wp\/v2\/media?parent=536141"}],"wp:term":[{"taxonomy":"category","embeddable":true,"href":"https:\/\/www.europesays.com\/it\/wp-json\/wp\/v2\/categories?post=536141"},{"taxonomy":"post_tag","embeddable":true,"href":"https:\/\/www.europesays.com\/it\/wp-json\/wp\/v2\/tags?post=536141"}],"curies":[{"name":"wp","href":"https:\/\/api.w.org\/{rel}","templated":true}]}}