{"id":536198,"date":"2026-06-12T21:51:17","date_gmt":"2026-06-12T21:51:17","guid":{"rendered":"https:\/\/www.europesays.com\/it\/536198\/"},"modified":"2026-06-12T21:51:17","modified_gmt":"2026-06-12T21:51:17","slug":"minigolf-il-gsp-vergiate-sul-tetto-ditalia-i-sette-atleti-che-hanno-conquistato-lo-scudetto-2026","status":"publish","type":"post","link":"https:\/\/www.europesays.com\/it\/536198\/","title":{"rendered":"Minigolf, il Gsp Vergiate sul tetto d&#8217;Italia: i sette atleti che hanno conquistato lo scudetto 2026"},"content":{"rendered":"<p>\t\t\t\t\t\t\t\t\t\t\t\t\t\t\t\t\t\t\t\t\t\t\t\t\t\t\t\t\t<img decoding=\"async\" loading=\"lazy\" fetchpriority=\"low\" width=\"610\" height=\"431\" src=\"https:\/\/www.europesays.com\/it\/wp-content\/uploads\/2026\/06\/generico-01-jun-2026-2112532.610x431.jpg\" alt=\"Generico 01 Jun 2026\"\/>\t\t\t\t\t\t\t\t\t\t\t\t\t\t\t\t\t\t\t<\/p>\n<p>Il trionfo ottenuto ai <strong>Campionati Italiani Assoluti a Squadre 2026<\/strong> sul percorso veneto di Montegrotto Terme continua a far festeggiare <strong>il Gruppo Sportivo Dilettantistico Minigolf Vergiate<\/strong>. La conquista dello <strong>scudetto nazionale<\/strong>, arrivata al termine di un fine settimana di gare intense e combattute contro le agguerrite compagini del Mcl Novi Ligure e del Mc Cusano Milanino (campione tra le donne), porta la firma di una formazione solida, capace di alternare esperienza e regolarit\u00e0 sui campi da gioco.<\/p>\n<p>Dietro al titolo di Campioni d\u2019Italia conquistato dalla societ\u00e0 del Varesotto c\u2019\u00e8 il lavoro sinergico di sette atleti, che hanno saputo gestire la pressione e la concorrenza dei migliori interpreti della disciplina a livello nazionale.<\/p>\n<p>La squadra che ha cucito sul petto il tricolore 2026 \u00e8 composta da <strong>Valerio Marcoaldi, Roberto Garbui, Luca Gavazzi, Rudi Giroldini, Alexander Lang, Ivan Baruscotti e Gianfranco Tedeschi.<\/strong><\/p>\n<p>Questo gruppo di sportivi ha permesso al club di Vergiate di scalare il gradino pi\u00f9 alto del podio, confermando la tradizione e la competitivit\u00e0 del movimento del minigolf della provincia di Varese nei contesti agonistici pi\u00f9 importanti del Paese.<\/p>\n","protected":false},"excerpt":{"rendered":"Il trionfo ottenuto ai Campionati Italiani Assoluti a Squadre 2026 sul percorso veneto di Montegrotto Terme continua a&hellip;\n","protected":false},"author":3,"featured_media":536199,"comment_status":"","ping_status":"","sticky":false,"template":"","format":"standard","meta":{"footnotes":"","_share_on_mastodon":"0"},"categories":[1475],"tags":[1933,1537,90,89,53054,295756,245,244,188],"class_list":["post-536198","post","type-post","status-publish","format-standard","has-post-thumbnail","category-golf","tag-golf","tag-it","tag-italia","tag-italy","tag-minigolf","tag-minigolf-vergiate","tag-sport","tag-sports","tag-tempo-libero"],"share_on_mastodon":{"url":"https:\/\/pubeurope.com\/@it\/116739355194695717","error":""},"_links":{"self":[{"href":"https:\/\/www.europesays.com\/it\/wp-json\/wp\/v2\/posts\/536198","targetHints":{"allow":["GET"]}}],"collection":[{"href":"https:\/\/www.europesays.com\/it\/wp-json\/wp\/v2\/posts"}],"about":[{"href":"https:\/\/www.europesays.com\/it\/wp-json\/wp\/v2\/types\/post"}],"author":[{"embeddable":true,"href":"https:\/\/www.europesays.com\/it\/wp-json\/wp\/v2\/users\/3"}],"replies":[{"embeddable":true,"href":"https:\/\/www.europesays.com\/it\/wp-json\/wp\/v2\/comments?post=536198"}],"version-history":[{"count":0,"href":"https:\/\/www.europesays.com\/it\/wp-json\/wp\/v2\/posts\/536198\/revisions"}],"wp:featuredmedia":[{"embeddable":true,"href":"https:\/\/www.europesays.com\/it\/wp-json\/wp\/v2\/media\/536199"}],"wp:attachment":[{"href":"https:\/\/www.europesays.com\/it\/wp-json\/wp\/v2\/media?parent=536198"}],"wp:term":[{"taxonomy":"category","embeddable":true,"href":"https:\/\/www.europesays.com\/it\/wp-json\/wp\/v2\/categories?post=536198"},{"taxonomy":"post_tag","embeddable":true,"href":"https:\/\/www.europesays.com\/it\/wp-json\/wp\/v2\/tags?post=536198"}],"curies":[{"name":"wp","href":"https:\/\/api.w.org\/{rel}","templated":true}]}}