{"id":536389,"date":"2026-06-13T00:46:34","date_gmt":"2026-06-13T00:46:34","guid":{"rendered":"https:\/\/www.europesays.com\/it\/536389\/"},"modified":"2026-06-13T00:46:34","modified_gmt":"2026-06-13T00:46:34","slug":"amami-dinnermusic-conquista-il-secondo-posto-ai-dance-music-awards","status":"publish","type":"post","link":"https:\/\/www.europesays.com\/it\/536389\/","title":{"rendered":"&#8216;Amami Dinner&#038;Music&#8217; conquista il secondo posto ai Dance Music Awards"},"content":{"rendered":"<p class=\"sottotitolo\">Riconferma importante per l&#8217;evento umbro, che per il secondo anno consecutivo si proietta nell\u2019\u00e9lite del clubbing italiano<\/p>\n<p>\u00a0<\/p>\n<p>\t\t\t\t\t\t\t\t<a href=\"https:\/\/www.spoletonline.com\/adv-1572-INGIEnergia\" target=\"_blank\" rel=\"nofollow noopener\"><br \/>\n                                    <img decoding=\"async\" class=\"desk\" title=\"INGI Energia\" alt=\"INGI Energia\" src=\"https:\/\/www.europesays.com\/it\/wp-content\/uploads\/2026\/06\/1572_BannerINGI670x100.jpg\"\/><br \/>\n                                    <img decoding=\"async\" class=\"phone\" title=\"INGI Energia\" alt=\"INGI Energia\" src=\"https:\/\/www.europesays.com\/it\/wp-content\/uploads\/2026\/06\/1572_phone_BannerINGI670x100.jpg\"\/><\/a><\/p>\n<p>\t\t\t\t\t\t\t\t<a href=\"https:\/\/www.spoletonline.com\/adv-1544-IstitutoOmnicomprensivoStataleCerreto-Sellano\" target=\"_blank\" rel=\"nofollow noopener\"><br \/>\n                                    <img decoding=\"async\" class=\"desk\" title=\"Istituto Omnicomprensivo Statale Cerreto - Sellano\" alt=\"Istituto Omnicomprensivo Statale Cerreto - Sellano\" src=\"https:\/\/www.europesays.com\/it\/wp-content\/uploads\/2026\/02\/1544_BannerItasspoletonline.jpg\"\/><br \/>\n                                    <img decoding=\"async\" class=\"phone\" title=\"Istituto Omnicomprensivo Statale Cerreto - Sellano\" alt=\"Istituto Omnicomprensivo Statale Cerreto - Sellano\" src=\"https:\/\/www.europesays.com\/it\/wp-content\/uploads\/2026\/02\/1544_phone_BannerItasspoletonline.jpg\"\/><\/a><\/p>\n<p class=\"p1\">Si conferma ad alti livelli il format \u201cAmami Dinner&amp;Music\u201d. L\u2019evento spoletino ha infatti conquistato il secondo posto ai \u201cDance Music Awards\u201d: un risultato di prestigio, che bissa lo straordinario successo gi\u00e0 ottenuto lo scorso anno e consacra Spoleto ai vertici dell\u2019intrattenimento nazionale.<\/p>\n<p>&#13;<\/p>\n<p class=\"p1\">\u201cMantenere una posizione cos\u00ec alta per due anni di fila, competendo con i giganti del divertimento della penisola &#8211; dichiarano gli organizzatori dell\u2019iniziativa &#8211; \u00e8 la prova del nove del valore assoluto di un progetto cresciuto nel tempo grazie a intuizione, qualit\u00e0 e passione. Siamo pervasi da una gioia indescrivibile e da un orgoglio immenso: confermarsi sul podio italiano \u00e8 la testimonianza che la strada intrapresa non solo \u00e8 quella giusta, ma \u00e8 ormai solida. Ma la vera forza di Amami non risiede mai in una sola persona, bens\u00ec in una straordinaria macchina collettiva. Per questo motivo, vogliamo dedicare questo premio a tutti coloro che, con il proprio impegno e la propria dedizione, hanno reso possibile questo miracolo\u201d.<\/p>\n<p>&#13;<\/p>\n<p class=\"p1\">Il ringraziamento viene cos\u00ec idealmente condiviso con i gestori delle location, che hanno creduto nel progetto offrendo cornici perfette; con i catering, capaci di deliziare il pubblico unendo l\u2019alta cucina allo spettacolo; e con l\u2019anima pulsante della festa, ovvero i DJ, i vocalist e i videomaker, che hanno saputo tradurre le emozioni in musica e immagini indimenticabili. \u201cUn ringraziamento speciale e un ringraziamento dal profondo &#8211; aggiungono &#8211; va inoltre a tutte le maestranze coinvolte (dai tecnici delle luci ai montatori, al personale di sicurezza, fino al personale di sala) professionisti instancabili che garantiscono la perfetta riuscita di ogni serata, operando spesso nell&#8217;ombra ma risultando sempre determinanti\u201d.<\/p>\n<p class=\"categoria\" style=\"color: black; text-align: center\">Fai una donazione a Spoletonline per aiutare il nostro progetto<\/p>\n<p><\/p>\n","protected":false},"excerpt":{"rendered":"Riconferma importante per l&#8217;evento umbro, che per il secondo anno consecutivo si proietta nell\u2019\u00e9lite del clubbing italiano \u00a0&hellip;\n","protected":false},"author":3,"featured_media":536390,"comment_status":"","ping_status":"","sticky":false,"template":"","format":"standard","meta":{"footnotes":"","_share_on_mastodon":"0"},"categories":[1443],"tags":[52278,34042,52270,203,52273,52275,52282,52274,4820,204,1537,90,89,1538,1539,52279,7,52272,52281,4056,980,9601,52276,52269,52277,52280,28253,52271],"class_list":["post-536389","post","type-post","status-publish","format-standard","has-post-thumbnail","category-musica","tag-arte-a-spoleto","tag-cascia","tag-cronaca-di-spoleto","tag-entertainment","tag-festival-dei-due-mondi","tag-francis-menotti","tag-galleria-civica-d","tag-giancarlo-menotti","tag-giornale","tag-intrattenimento","tag-it","tag-italia","tag-italy","tag-music","tag-musica","tag-musica-a-spoleto","tag-news","tag-norcia","tag-notizie-di-spoleto","tag-perugia","tag-quotidiano","tag-spoleto","tag-spoleto-festival","tag-spoleto-online","tag-teatro-a-spoleto","tag-teatro-lirico-sperimentale-di-spoleto","tag-umbria","tag-valnerina"],"share_on_mastodon":{"url":"https:\/\/pubeurope.com\/@it\/116740042891356299","error":""},"_links":{"self":[{"href":"https:\/\/www.europesays.com\/it\/wp-json\/wp\/v2\/posts\/536389","targetHints":{"allow":["GET"]}}],"collection":[{"href":"https:\/\/www.europesays.com\/it\/wp-json\/wp\/v2\/posts"}],"about":[{"href":"https:\/\/www.europesays.com\/it\/wp-json\/wp\/v2\/types\/post"}],"author":[{"embeddable":true,"href":"https:\/\/www.europesays.com\/it\/wp-json\/wp\/v2\/users\/3"}],"replies":[{"embeddable":true,"href":"https:\/\/www.europesays.com\/it\/wp-json\/wp\/v2\/comments?post=536389"}],"version-history":[{"count":0,"href":"https:\/\/www.europesays.com\/it\/wp-json\/wp\/v2\/posts\/536389\/revisions"}],"wp:featuredmedia":[{"embeddable":true,"href":"https:\/\/www.europesays.com\/it\/wp-json\/wp\/v2\/media\/536390"}],"wp:attachment":[{"href":"https:\/\/www.europesays.com\/it\/wp-json\/wp\/v2\/media?parent=536389"}],"wp:term":[{"taxonomy":"category","embeddable":true,"href":"https:\/\/www.europesays.com\/it\/wp-json\/wp\/v2\/categories?post=536389"},{"taxonomy":"post_tag","embeddable":true,"href":"https:\/\/www.europesays.com\/it\/wp-json\/wp\/v2\/tags?post=536389"}],"curies":[{"name":"wp","href":"https:\/\/api.w.org\/{rel}","templated":true}]}}