{"id":536442,"date":"2026-06-13T01:37:28","date_gmt":"2026-06-13T01:37:28","guid":{"rendered":"https:\/\/www.europesays.com\/it\/536442\/"},"modified":"2026-06-13T01:37:28","modified_gmt":"2026-06-13T01:37:28","slug":"feste-gratis-studi-architetti-16-18-giugno","status":"publish","type":"post","link":"https:\/\/www.europesays.com\/it\/536442\/","title":{"rendered":"Feste gratis studi architetti | 16-18 giugno"},"content":{"rendered":"<p>&#13;<br \/>\n      &#13;<br \/>\n&#13;<br \/>\n     &#13;<br \/>\n        &#13;<\/p>\n<p>Dal 16 al 18 giugno a Milan arriva la nuova edizione di \u2018ArchitectsParty\u2019, la festa diffusa negli studi di architettura ideata dall&#8217;agenzia Towant. Per tre giorni alcuni tra i pi\u00f9 grandi studi di architettura della citt\u00e0 aprono le loro porte per far incontrare professionisti, creativi e pubblico con una serie di eventi gratuiti ospitati direttamente in loco: un\u2019opportunit\u00e0 per raccontare da vicino i processi creativi e favorire nuove sinergie tra i protagonisti del settore. Dopo la tappa milanese l&#8217;iniziativa proseguir\u00e0 poi a Londra.<\/p>\n<p>Gli studi di architettura coinvolti e il tema della nuova edizione<\/p>\n<p>Tra gli studi coinvolti: alErta design, Alp Architecture, J+S, Prospettiva Bms, Stefano Boeri, Studio Am e tanti altri. Il tema della nuova edizione \u00e8 dedicato alle connessioni, che diventano il filo conduttore di un progetto che mira a costruire nuove relazioni tra architettura e citt\u00e0. L\u2019obiettivo \u00e8 attivare un dialogo concreto tra gli studi e i luoghi pi\u00f9 contemporanei del tessuto urbano, creando connessioni tra progettisti, spazi e comunit\u00e0. Elemento distintivo dell\u2019edizione 2026 sar\u00e0 proprio il coinvolgimento attivo della citt\u00e0. Ogni studio partecipante sar\u00e0 invitato a individuare un luogo affine alla propria identit\u00e0, uno spazio nuovo, non convenzionale con cui attivare una collaborazione, o una partnership, in occasione del proprio party.\u00a0<\/p>\n<p>Tra i design partner di questo primo appuntamento figurano alcuni grandi brand del settore del design come Arketip, Ceramica Sant&#8217;Agostino, Cesana, FerreroLegno, Mafi, Masiero e Nerosicilia. E&#8217; possibile scoprire il calendario completo degli appuntamenti sul sito dedicato.<\/p>\n<p> &#13;<br \/>\n       &#13;<br \/>\n&#13;<br \/>\n&#13;<br \/>\n  &#13;<br \/>\n  &#13;<br \/>\n&#13;<br \/>\n  &lt;!?php if ( SF_DOMAIN == &#8216;citynews-bruxellestoday&#8217; || SF_DOMAIN == &#8216;citynews-cagliaritoday&#8217; || SF_DOMAIN == &#8216;citynews-sassaritoday&#8217; || SF_DOMAIN == &#8216;citynews-tarantotoday&#8217; || SF_DOMAIN == &#8216;citynews-viterbotoday&#8217; || SF_DOMAIN == &#8216;citynews-ferraratoday&#8217; ): ?&gt;&#13;<br \/>\n    &#13;<br \/>\n  &lt;!?php endif; ?&gt;&#13;<br \/>\n  &#13;<br \/>\n&#13;<br \/>\n        &#13;<br \/>\n        &#13;<br \/>\n               &#13;<br \/>\n      &#13;<br \/>\n      &#13;<br \/>\n                  &#13;<br \/>\n   &#13;<br \/>\n&#13;<br \/>\n &#13;<br \/>\n      &#13;<br \/>\n&#13;<br \/>\n      &#13;<\/p>\n","protected":false},"excerpt":{"rendered":"&#13; &#13; &#13; &#13; &#13; Dal 16 al 18 giugno a Milan arriva la nuova edizione di \u2018ArchitectsParty\u2019,&hellip;\n","protected":false},"author":3,"featured_media":536443,"comment_status":"","ping_status":"","sticky":false,"template":"","format":"standard","meta":{"footnotes":"","_share_on_mastodon":"0"},"categories":[1446],"tags":[1615,1613,1614,1611,1610,7965,1612,203,626,295847,204,1537,90,89],"class_list":["post-536442","post","type-post","status-publish","format-standard","has-post-thumbnail","category-arte-e-design","tag-arte","tag-arte-e-design","tag-arteedesign","tag-arts","tag-arts-and-design","tag-boeri","tag-design","tag-entertainment","tag-eventi","tag-festa-architetti","tag-intrattenimento","tag-it","tag-italia","tag-italy"],"share_on_mastodon":{"url":"https:\/\/pubeurope.com\/@it\/116740243233915304","error":""},"_links":{"self":[{"href":"https:\/\/www.europesays.com\/it\/wp-json\/wp\/v2\/posts\/536442","targetHints":{"allow":["GET"]}}],"collection":[{"href":"https:\/\/www.europesays.com\/it\/wp-json\/wp\/v2\/posts"}],"about":[{"href":"https:\/\/www.europesays.com\/it\/wp-json\/wp\/v2\/types\/post"}],"author":[{"embeddable":true,"href":"https:\/\/www.europesays.com\/it\/wp-json\/wp\/v2\/users\/3"}],"replies":[{"embeddable":true,"href":"https:\/\/www.europesays.com\/it\/wp-json\/wp\/v2\/comments?post=536442"}],"version-history":[{"count":0,"href":"https:\/\/www.europesays.com\/it\/wp-json\/wp\/v2\/posts\/536442\/revisions"}],"wp:featuredmedia":[{"embeddable":true,"href":"https:\/\/www.europesays.com\/it\/wp-json\/wp\/v2\/media\/536443"}],"wp:attachment":[{"href":"https:\/\/www.europesays.com\/it\/wp-json\/wp\/v2\/media?parent=536442"}],"wp:term":[{"taxonomy":"category","embeddable":true,"href":"https:\/\/www.europesays.com\/it\/wp-json\/wp\/v2\/categories?post=536442"},{"taxonomy":"post_tag","embeddable":true,"href":"https:\/\/www.europesays.com\/it\/wp-json\/wp\/v2\/tags?post=536442"}],"curies":[{"name":"wp","href":"https:\/\/api.w.org\/{rel}","templated":true}]}}