{"id":536602,"date":"2026-06-13T04:17:19","date_gmt":"2026-06-13T04:17:19","guid":{"rendered":"https:\/\/www.europesays.com\/it\/536602\/"},"modified":"2026-06-13T04:17:19","modified_gmt":"2026-06-13T04:17:19","slug":"palestra-come-lookman-perche-linter-rischia-di-entrare-in-una-nuova-telenovela-dopo-un-anno","status":"publish","type":"post","link":"https:\/\/www.europesays.com\/it\/536602\/","title":{"rendered":"Palestra come Lookman? Perch\u00e9 l&#8217;Inter rischia di entrare in una nuova telenovela dopo un anno"},"content":{"rendered":"<p>Lookman, un anno fa, ha smosso mari e monti per provare ad andare all&#8217;Inter. Alla fine non c&#8217;\u00e8 riuscito, ma la sua volont\u00e0 \u00e8 stata chiara fin dall&#8217;inizio, supportata poi da azioni che a Bergamo non hanno preso bene.<\/p>\n<p>Nel caso di Palestra \u00e8 diverso: l&#8217;esterno della Nazionale non \u00e8 mai uscito allo scoperto pubblicamente e tutto indica che manterr\u00e0 un comportamento diverso rispetto a quello del collega.<\/p>\n<p>Ci\u00f2 non significa che Marco non speri nel salto, ovviamente. All&#8217;inizio di giugno, dal ritiro della Nazionale, affermava candidamente che &#8220;mi sono sempre sentito pronto per giocare in un grande club&#8221;.<\/p>\n<p>L&#8217;Atalanta lo \u00e8 diventato nel corso degli anni, ma nel 2026\/27 disputer\u00e0 la Conference League. A differenza dell&#8217;Inter, che ha vinto lo Scudetto, giocher\u00e0 in Champions e rappresenta un sogno per molti. Anche per lui, cos\u00ec come lo era per Lookman. Il finale sar\u00e0 diverso?<\/p>\n","protected":false},"excerpt":{"rendered":"Lookman, un anno fa, ha smosso mari e monti per provare ad andare all&#8217;Inter. Alla fine non c&#8217;\u00e8&hellip;\n","protected":false},"author":3,"featured_media":536603,"comment_status":"","ping_status":"","sticky":false,"template":"","format":"standard","meta":{"footnotes":"","_share_on_mastodon":"0"},"categories":[1452],"tags":[569,721,353,1740,350,1537,90,89,151785,251,1739,245,244,355],"class_list":["post-536602","post","type-post","status-publish","format-standard","has-post-thumbnail","category-calcio","tag-atalanta","tag-calcio","tag-calciomercato","tag-football","tag-inter","tag-it","tag-italia","tag-italy","tag-m-palestra","tag-serie-a","tag-soccer","tag-sport","tag-sports","tag-transfers"],"share_on_mastodon":{"url":"https:\/\/pubeurope.com\/@it\/116740872447861597","error":""},"_links":{"self":[{"href":"https:\/\/www.europesays.com\/it\/wp-json\/wp\/v2\/posts\/536602","targetHints":{"allow":["GET"]}}],"collection":[{"href":"https:\/\/www.europesays.com\/it\/wp-json\/wp\/v2\/posts"}],"about":[{"href":"https:\/\/www.europesays.com\/it\/wp-json\/wp\/v2\/types\/post"}],"author":[{"embeddable":true,"href":"https:\/\/www.europesays.com\/it\/wp-json\/wp\/v2\/users\/3"}],"replies":[{"embeddable":true,"href":"https:\/\/www.europesays.com\/it\/wp-json\/wp\/v2\/comments?post=536602"}],"version-history":[{"count":0,"href":"https:\/\/www.europesays.com\/it\/wp-json\/wp\/v2\/posts\/536602\/revisions"}],"wp:featuredmedia":[{"embeddable":true,"href":"https:\/\/www.europesays.com\/it\/wp-json\/wp\/v2\/media\/536603"}],"wp:attachment":[{"href":"https:\/\/www.europesays.com\/it\/wp-json\/wp\/v2\/media?parent=536602"}],"wp:term":[{"taxonomy":"category","embeddable":true,"href":"https:\/\/www.europesays.com\/it\/wp-json\/wp\/v2\/categories?post=536602"},{"taxonomy":"post_tag","embeddable":true,"href":"https:\/\/www.europesays.com\/it\/wp-json\/wp\/v2\/tags?post=536602"}],"curies":[{"name":"wp","href":"https:\/\/api.w.org\/{rel}","templated":true}]}}