{"id":536652,"date":"2026-06-13T05:11:19","date_gmt":"2026-06-13T05:11:19","guid":{"rendered":"https:\/\/www.europesays.com\/it\/536652\/"},"modified":"2026-06-13T05:11:19","modified_gmt":"2026-06-13T05:11:19","slug":"lazio-mercato-a-rischio-saldo-zero-il-club-prova-ad-evitarlo","status":"publish","type":"post","link":"https:\/\/www.europesays.com\/it\/536652\/","title":{"rendered":"Lazio, mercato a rischio saldo zero, il club prova ad evitarlo"},"content":{"rendered":"<p>                                I biancocelesti hanno sforato, di poco, il limite dello 0,7 del costo del lavoro allargato. Pu\u00f2 essere colmato con accantonamenti e crediti. Romagnoli va all\u2019Al Sadd<\/p>\n<p>            <a class=\"image is-50x50\" href=\"https:\/\/www.gazzetta.it\/redazione\/stefano-cieri\/\" rel=\"nofollow noopener\" target=\"_blank\"><br \/>\n                <img decoding=\"async\" class=\"is-rounded\" src=\"https:\/\/www.europesays.com\/it\/wp-content\/uploads\/2025\/12\/omino.png\" alt=\"Stefano Cieri\"\/><br \/>\n            <\/a><\/p>\n<p>Giornalista<\/p>\n<p>                    13 giugno &#8211; 00:58  &#8211; ROMA<\/p>\n<p class=\"paragraph\" spellcheck=\"true\">Mercato a saldo zero, ma con buone probabilit\u00e0 che diventi libero nel giro di pochi giorni, prima del verdetto finale dalla Commissione incaricata di verificare i conti dei club professionistici (la cosiddetta nuova Covisoc).  \u00c8 la situazione della Lazio, che ieri sera ha emesso un comunicato ufficiale per far luce sulla sua situazione. Nella nota il club fa sapere &#8220;di aver ricevuto  la comunicazione della Commissione indipendente incaricata della verifica dell\u2019indice del costo del lavoro allargato. Dalle risultanze trasmesse emerge che la societ\u00e0 potr\u00e0 procedere alle operazioni di tesseramento dei calciatori nel rispetto di quanto previsto dall\u2019art. 90, comma 4, lettera A delle Noif&#8221;. Una fattispecie normativa che significa che, ad oggi, il club di Lotito potrebbe (a partire dal 1\u00b0 luglio) effettuare soltanto operazioni in entrata che siano compensate da uscite di pari valore. In altri termini potrebbe investire per gli acquisti soltanto quanto incasser\u00e0 dalle cessioni.<\/p>\n<p>        La possibile svolta\u2014 \u00a0<\/p>\n<p class=\"paragraph\" spellcheck=\"true\">Lo sforamento del limite dello 0,7 del costo del lavoro allargato (il totale delle spese non deve superare il 70 % di quanto il club incassa) \u00e8 per\u00f2 davvero minimo. E la Lazio ha ancora qualche giorno di tempo per sistemare le cose. I conti fotografati dalla commissione sono cristallizzati allo scorso 31 marzo, non possono quindi essere modificati. Ma la normativa prevede che le differenze possano essere sanate attraverso l\u2019utilizzo di accantonamenti e crediti esigibili. Che il club romano conta di poter impiegare. C\u2019\u00e8 dunque un moderato ottimismo che questo primo stop, una sorta di cartellino giallo (un anno fa fu rosso, con il mercato bloccato) possa essere revocato quando ci sar\u00e0 la decisione finale della Commissione. Se cos\u00ec fosse la Lazio potrebbe fare un mercato libero, senza vincoli, come gi\u00e0 accaduto nella scorsa sessione invernale.\u00a0<\/p>\n<p><a class=\"is-partner-link\" href=\"https:\/\/abbonamenti.gazzetta.it\/de-promo-mondiali\/?pwcmp=cta&amp;forceBrowser=true\" rel=\"nofollow noopener\" target=\"_blank\">Gazzetta Mondiale: ogni notte un\u2019edizione straordinaria esclusiva. Non perdertela, abbonati a 1\u20ac\/mese!<\/a><\/p>\n<p>        Romagnoli saluta\u2014 \u00a0<\/p>\n<p class=\"paragraph\" spellcheck=\"true\">Intanto, in attesa di sapere se potr\u00e0 operare in entrata a saldo zero oppure liberamente, la Lazio si concentra sulle operazioni in uscita. Per la  cessione di Romagnoli all\u2019Al Sadd manca solo l\u2019annuncio ufficiale, atteso nelle prossime ore.  Al club romano frutter\u00e0  3,5 milioni, mentre il difensore firmer\u00e0 con i qatarioti un triennale da 6 milioni l\u2019anno. Un altro introito (2,7 milioni di euro) arriver\u00e0   grazie alla cessione dell\u2019ex laziale Muriqi dal Maiorca al Fenerbahce (la societ\u00e0 di Lotito vantava una percentuale sulla eventuale plusvalenza fatta dal club spagnolo).<\/p>\n<p class=\"is-copyright\">\u00a9 RIPRODUZIONE RISERVATA<\/p>\n","protected":false},"excerpt":{"rendered":"I biancocelesti hanno sforato, di poco, il limite dello 0,7 del costo del lavoro allargato. Pu\u00f2 essere colmato&hellip;\n","protected":false},"author":3,"featured_media":536653,"comment_status":"","ping_status":"","sticky":false,"template":"","format":"standard","meta":{"footnotes":"","_share_on_mastodon":"0"},"categories":[1452],"tags":[155630,295909,43527,721,571,554,295910,2320,1411,6016,139427,30588,4974,1426,295911,1740,174614,1537,90,89,5188,1491,3233,295912,295913,1412,892,26909,62797,160638,1739,245,244,7778],"class_list":["post-536652","post","type-post","status-publish","format-standard","has-post-thumbnail","category-calcio","tag-accantonamenti","tag-accantonamenti-crediti","tag-allargato","tag-calcio","tag-cessione","tag-club","tag-club-romano","tag-commissione","tag-conti","tag-costo","tag-costo-allargato","tag-crediti","tag-entrata","tag-finale","tag-finale-commissione","tag-football","tag-incaricata","tag-it","tag-italia","tag-italy","tag-lazio","tag-libero","tag-limite","tag-limite-costo","tag-limite-costo-allargato","tag-mercato","tag-operazioni","tag-romagnoli","tag-saldo","tag-saldo-zero","tag-soccer","tag-sport","tag-sports","tag-zero"],"share_on_mastodon":{"url":"https:\/\/pubeurope.com\/@it\/116741085379330279","error":""},"_links":{"self":[{"href":"https:\/\/www.europesays.com\/it\/wp-json\/wp\/v2\/posts\/536652","targetHints":{"allow":["GET"]}}],"collection":[{"href":"https:\/\/www.europesays.com\/it\/wp-json\/wp\/v2\/posts"}],"about":[{"href":"https:\/\/www.europesays.com\/it\/wp-json\/wp\/v2\/types\/post"}],"author":[{"embeddable":true,"href":"https:\/\/www.europesays.com\/it\/wp-json\/wp\/v2\/users\/3"}],"replies":[{"embeddable":true,"href":"https:\/\/www.europesays.com\/it\/wp-json\/wp\/v2\/comments?post=536652"}],"version-history":[{"count":0,"href":"https:\/\/www.europesays.com\/it\/wp-json\/wp\/v2\/posts\/536652\/revisions"}],"wp:featuredmedia":[{"embeddable":true,"href":"https:\/\/www.europesays.com\/it\/wp-json\/wp\/v2\/media\/536653"}],"wp:attachment":[{"href":"https:\/\/www.europesays.com\/it\/wp-json\/wp\/v2\/media?parent=536652"}],"wp:term":[{"taxonomy":"category","embeddable":true,"href":"https:\/\/www.europesays.com\/it\/wp-json\/wp\/v2\/categories?post=536652"},{"taxonomy":"post_tag","embeddable":true,"href":"https:\/\/www.europesays.com\/it\/wp-json\/wp\/v2\/tags?post=536652"}],"curies":[{"name":"wp","href":"https:\/\/api.w.org\/{rel}","templated":true}]}}