{"id":536763,"date":"2026-06-13T07:00:15","date_gmt":"2026-06-13T07:00:15","guid":{"rendered":"https:\/\/www.europesays.com\/it\/536763\/"},"modified":"2026-06-13T07:00:15","modified_gmt":"2026-06-13T07:00:15","slug":"israele-gwyneth-paltrow-testimonial-per-i-grattaceli-di-lusso-a-nord-di-tel-aviv-insulti-allattrice-premio-oscar","status":"publish","type":"post","link":"https:\/\/www.europesays.com\/it\/536763\/","title":{"rendered":"Israele, Gwyneth Paltrow testimonial per i grattaceli di lusso a nord di Tel Aviv: insulti all&#8217;attrice premio Oscar"},"content":{"rendered":"<p>    di<br \/>\n    Davide Frattini<\/p>\n<p class=\"summary-art is-line-h-12\">La vincitrice di un premio Oscar \u00e8 stata attaccata sui social media dagli attivisti perch\u00e9 fa la pubblicit\u00e0 di un gruppo immobiliare israeliano mentre Tel Aviv bombarda il Libano e distrugge Gaza. In Italia la petizione contro Nevo<\/p>\n<p class=\"chapter-paragraph\">DAL NOSTRO CORRISPONDENTE<br \/>GERUSALEMME &#8211; Due palazzi di 51 piani, oltre 600 appartamenti a nord di Tel Aviv, qui la costa sul Mediterraneo sale come i prezzi al metro quadro. Il gruppo israeliano dietro l<b>\u2019operazione immobiliare ha scelto come testimonial l\u2019attrice\/imprenditrice Gwyneth Paltrow.<\/b> Che nello spot in onda sulle tv locali risponde alla domanda dell\u2019autista \u2014 \u00abNew York?\u00bb \u2014 con \u00abNo, Herzilya\u00bb, cittadina (tra le pi\u00f9 costose in Israele) dove sorgeranno i grattacieli.\u00a0<\/p>\n<p class=\"chapter-paragraph\">La vincitrice di un premio Oscar \u00e8 stata attaccata sui social media dagli attivisti che hanno messo in evidenza<b> il contrasto tra il lusso ostentato del progetto e le condizioni nel sud del Libano sotto i bombardamenti o quelle dei due milioni di palestinesi a Gaza nelle tendopoli<\/b>, ammassati in met\u00e0 del territorio dove prima abitavano. <b>Paltrow viene accusata di \u00absostenere il genocidio\u00bb e alla campagna contro di lei partecipano anche account gestiti dalla macchina di propaganda digitale iraniana<\/b>. In un commento, il Guardian fa notare che la societ\u00e0 Melisron, dietro al progetto, possiede anche propriet\u00e0 nella colonia di Maale Adumim.    &#13;<br \/>\n&#13;<br \/>\n&#13;<br \/>\n&#13;<br \/>\n&#13;<br \/>\n&#13;<br \/>\n&#13;<br \/>\n&#13;<br \/>\n&#13;<br \/>\n&#13;<br \/>\n&#13;<br \/>\n&#13;<br \/>\n&#13;<br \/>\n&#13;<br \/>\n&#13;<br \/>\n&#13;<br \/>\n&#13;<br \/>\n&#13;<br \/>\n&#13;<br \/>\n&#13;<br \/>\n&#13;<br \/>\n&#13;<br \/>\n&#13;<br \/>\n&#13;<br \/>\n&#13;<br \/>\n&#13;<br \/>\n&#13;<br \/>\n&#13;<br \/>\n&#13;<br \/>\n&#13;<br \/>\n&#13;<br \/>\n&#13;<br \/>\n&#13;<br \/>\n&#13;<br \/>\n&#13;<br \/>\n&#13;<br \/>\n&#13;<br \/>\n&#13;<br \/>\n&#13;<br \/>\n&#13;<br \/>\n&#13;<br \/>\n&#13;<br \/>\n&#13;<br \/>\n&#13;<br \/>\n&#13;<br \/>\n&#13;<br \/>\n&#13;<br \/>\n&#13;<br \/>\n&#13;<br \/>\n&#13;<br \/>\n&#13;<br \/>\n&#13;<br \/>\n&#13;\n<\/p>\n<p>APPROFONDISCI CON IL PODCAST<\/p>\n<p class=\"chapter-paragraph\">Nel 2014 l\u2019attrice Scarlett Johansson era stata criticata per essere diventata il volto del gruppo israeliano che produce le macchinette per prepararsi la soda in casa: la fabbrica era a Mishor Adumim, zona industriale in Cisgiordania collegata proprio al grande insediamento. Allora Johansson aveva spiegato di essere \u00abda sempre favorevole alla cooperazione economica e all\u2019interazione sociale tra una democratica Israele e la Palestina\u00bb. La SodaStream impiegava soprattutto lavoratori palestinesi.<\/p>\n<p class=\"chapter-paragraph\"><b>In Italia continua a raccogliere adesioni l\u2019appello per cancellare la partecipazione dello scrittore Eshkol Nevo <\/b>al festival letterario \u00abIl libro possibile\u00bb, previsto a luglio tra Polignano a Mare e Vieste. Assieme agli amministratori locali, agli esponenti politici e del mondo culturale, lo hanno sottoscritto don Michele Stragapede, parroco di Terlizzi, e padre Franco Moscone, arcivescovo di Manfredonia-Vieste-San Giovanni Rotondo.<\/p>\n<p class=\"is-last-update\" datetime=\"2026-06-13T08:35:39+02:00\">13 giugno 2026 ( modifica il 13 giugno 2026 | 08:35)<\/p>\n<p class=\"is-copyright\">\n            \u00a9 RIPRODUZIONE RISERVATA\n        <\/p>\n","protected":false},"excerpt":{"rendered":"di Davide Frattini La vincitrice di un premio Oscar \u00e8 stata attaccata sui social media dagli attivisti perch\u00e9&hellip;\n","protected":false},"author":3,"featured_media":536764,"comment_status":"","ping_status":"","sticky":false,"template":"","format":"standard","meta":{"footnotes":"","_share_on_mastodon":"0"},"categories":[1451],"tags":[47787,25006,295981,295982,10488,7738,872,1621,1620,203,73,15079,14218,4813,204,72,760,1537,90,89,29009,1208,12552,529,651,15065,776,19578,904,905],"class_list":["post-536763","post","type-post","status-publish","format-standard","has-post-thumbnail","category-celebrita","tag-adumim","tag-attaccata","tag-attaccata-social","tag-attaccata-social-media","tag-attivisti","tag-attrice","tag-aviv","tag-celebrita","tag-celebrities","tag-entertainment","tag-gaza","tag-gwyneth","tag-gwyneth-paltrow","tag-immobiliare","tag-intrattenimento","tag-israele","tag-israeliano","tag-it","tag-italia","tag-italy","tag-johansson","tag-libano","tag-locali","tag-lusso","tag-oscar","tag-paltrow","tag-premio","tag-premio-oscar","tag-tel","tag-tel-aviv"],"share_on_mastodon":{"url":"https:\/\/pubeurope.com\/@it\/116741513383551888","error":""},"_links":{"self":[{"href":"https:\/\/www.europesays.com\/it\/wp-json\/wp\/v2\/posts\/536763","targetHints":{"allow":["GET"]}}],"collection":[{"href":"https:\/\/www.europesays.com\/it\/wp-json\/wp\/v2\/posts"}],"about":[{"href":"https:\/\/www.europesays.com\/it\/wp-json\/wp\/v2\/types\/post"}],"author":[{"embeddable":true,"href":"https:\/\/www.europesays.com\/it\/wp-json\/wp\/v2\/users\/3"}],"replies":[{"embeddable":true,"href":"https:\/\/www.europesays.com\/it\/wp-json\/wp\/v2\/comments?post=536763"}],"version-history":[{"count":0,"href":"https:\/\/www.europesays.com\/it\/wp-json\/wp\/v2\/posts\/536763\/revisions"}],"wp:featuredmedia":[{"embeddable":true,"href":"https:\/\/www.europesays.com\/it\/wp-json\/wp\/v2\/media\/536764"}],"wp:attachment":[{"href":"https:\/\/www.europesays.com\/it\/wp-json\/wp\/v2\/media?parent=536763"}],"wp:term":[{"taxonomy":"category","embeddable":true,"href":"https:\/\/www.europesays.com\/it\/wp-json\/wp\/v2\/categories?post=536763"},{"taxonomy":"post_tag","embeddable":true,"href":"https:\/\/www.europesays.com\/it\/wp-json\/wp\/v2\/tags?post=536763"}],"curies":[{"name":"wp","href":"https:\/\/api.w.org\/{rel}","templated":true}]}}