{"id":536981,"date":"2026-06-13T10:01:15","date_gmt":"2026-06-13T10:01:15","guid":{"rendered":"https:\/\/www.europesays.com\/it\/536981\/"},"modified":"2026-06-13T10:01:15","modified_gmt":"2026-06-13T10:01:15","slug":"la-savino-del-bene-volley-accoglie-chidera-blessing-eze","status":"publish","type":"post","link":"https:\/\/www.europesays.com\/it\/536981\/","title":{"rendered":"La Savino Del Bene Volley accoglie Chidera Blessing Eze"},"content":{"rendered":"<p align=\"JUSTIFY\">La Savino Del Bene Volley \u00e8 lieta di annunciare l\u2019arrivo di Chidera Blessing Eze, palleggiatrice che nella prossima stagione entrer\u00e0 a far parte del roster a disposizione di coach Marco Gaspari.<\/p>\n<p align=\"JUSTIFY\">L\u2019atleta classe 2003 approda a Scandicci dopo l\u2019esperienza maturata con la maglia del Volley Bergamo 1991, societ\u00e0 con la quale ha disputato il campionato di Serie A1 nella stagione 2025-2026.<\/p>\n<p align=\"JUSTIFY\">Nel corso dell\u2019ultima annata Eze \u00e8 scesa in campo in 29 gare di campionato, realizzando 94 punti complessivi, 19 muri vincenti e 24 ace. La palleggiatrice ha inoltre preso parte alla Coppa Italia, collezionando una presenza e mettendo a referto 5 punti, con 1 muro vincente e 1 ace.<\/p>\n<p align=\"JUSTIFY\">Chidera Blessing Eze ha cos\u00ec commentato il suo arrivo in Toscana:<\/p>\n<p align=\"JUSTIFY\">\u201cHo sempre avuto delle bellissime sensazioni sulla Savino Del Bene Volley, tutti mi hanno parlato molto bene del club e del posto, quindi sono molto emozionata di arrivare in questa squadra, spero di vivere un bell\u2019anno. Arrivare a Scandicci rappresenta un grande passo in avanti nella mia carriera. Ovviamente non sar\u00e0 semplice, per\u00f2 sono davvero molto fiduciosa perch\u00e9 sin da subito ho notato una grandissima organizzazione e la presenza di tante persone pronte ad aiutarmi, quindi mi sento sicura di questa scelta.\u201d<\/p>\n<p><b>LA CARRIERA DI CHIDERA BLESSING EZE<\/b><\/p>\n<p align=\"JUSTIFY\">Nata a Lagos (Nigeria) il 2 settembre 2003, Chidera Blessing Eze \u00e8 una palleggiatrice nigeriana naturalizzata italiana.\u00a0Eze ha mosso i primi passi nel volley italiano con la Pool Piave, formazione con la quale ha disputato il campionato di Serie B1.<\/p>\n<p align=\"JUSTIFY\">Terminata nel 2020 l\u2019esperienza con la societ\u00e0 di San Don\u00e0 di Piave, nella stagione 2021-2022 \u00e8 approdata in Serie A2 con il Vicenza, facendo il proprio esordio nella seconda categoria nazionale. <\/p>\n<p align=\"JUSTIFY\">Lasciato il Veneto, Eze si \u00e8 trasferita a Talmassons nell\u2019annata 2022-2023 e con il club friulano ha proseguito il proprio percorso di maturazione. <\/p>\n<p align=\"JUSTIFY\">Nell\u2019estate del 2023 \u00e8 stata convocata dalla nazionale italiana Under21, con la quale ha conquistato la medaglia d\u2019argento al Campionato Mondiale di categoria. <\/p>\n<p align=\"JUSTIFY\">L\u2019annata 2023-2024 ha segnato un altro importante passo avanti nella carriera di Eze, con la palleggiatrice che ha conquistato con Talmassons una storica promozione in Serie A1.<\/p>\n<p align=\"JUSTIFY\">Nell\u2019estate 2024 ha vestito la maglia della nazionale Under22, vincendo la medaglia d\u2019oro al Campionato Europeo e ottenendo inoltre il riconoscimento individuale come miglior palleggiatrice della manifestazione. <\/p>\n<p align=\"JUSTIFY\">Nella stagione 2024-2025 Eze \u00e8 rimasta a Talmassons, facendo cos\u00ec il suo debutto nella massima serie italiana.<\/p>\n<p align=\"JUSTIFY\">Le prestazioni offerte nelle competizioni giovanili e nei campionati nazionali le sono valse, nel 2025, le prime convocazioni nella nazionale maggiore. Con la selezione azzurra, Eze ha poi conquistato la medaglia d\u2019oro ai XXXII Giochi Mondiali Universitari<\/p>\n<p align=\"JUSTIFY\">Dopo l\u2019esperienza maturata con il Talmassons, nella stagione 2025-2026 Eze \u00e8 approdata al Volley Bergamo 1991, societ\u00e0 con la quale ha continuato il proprio percorso di crescita in Serie A1.<\/p>\n<p align=\"JUSTIFY\">Nell\u2019annata sportiva 2026-2027 Chidera Blessing Eze entra a far parte del roster della Savino Del Bene Volley di coach Marco Gaspari.<\/p>\n","protected":false},"excerpt":{"rendered":"La Savino Del Bene Volley \u00e8 lieta di annunciare l\u2019arrivo di Chidera Blessing Eze, palleggiatrice che nella prossima&hellip;\n","protected":false},"author":3,"featured_media":536982,"comment_status":"","ping_status":"","sticky":false,"template":"","format":"standard","meta":{"footnotes":"","_share_on_mastodon":"0"},"categories":[1474],"tags":[167279,1262,1687,296086,1856,296087,259633,82413,1944,1537,90,89,2348,2347,130277,31172,79592,31176,18406,245,244,1869],"class_list":["post-536981","post","type-post","status-publish","format-standard","has-post-thumbnail","category-volley","tag-alzatrice","tag-arrivo","tag-bergamo","tag-blessing","tag-campionato","tag-chidera","tag-chidera-blessing-eze","tag-eze","tag-femminile","tag-it","tag-italia","tag-italy","tag-nazionale","tag-pallavolo","tag-palleggiatrice","tag-savino-del-bene","tag-savino-del-bene-scandicci","tag-savino-del-bene-volley","tag-serie-a1","tag-sport","tag-sports","tag-volley"],"share_on_mastodon":{"url":"https:\/\/pubeurope.com\/@it\/116742225003733036","error":""},"_links":{"self":[{"href":"https:\/\/www.europesays.com\/it\/wp-json\/wp\/v2\/posts\/536981","targetHints":{"allow":["GET"]}}],"collection":[{"href":"https:\/\/www.europesays.com\/it\/wp-json\/wp\/v2\/posts"}],"about":[{"href":"https:\/\/www.europesays.com\/it\/wp-json\/wp\/v2\/types\/post"}],"author":[{"embeddable":true,"href":"https:\/\/www.europesays.com\/it\/wp-json\/wp\/v2\/users\/3"}],"replies":[{"embeddable":true,"href":"https:\/\/www.europesays.com\/it\/wp-json\/wp\/v2\/comments?post=536981"}],"version-history":[{"count":0,"href":"https:\/\/www.europesays.com\/it\/wp-json\/wp\/v2\/posts\/536981\/revisions"}],"wp:featuredmedia":[{"embeddable":true,"href":"https:\/\/www.europesays.com\/it\/wp-json\/wp\/v2\/media\/536982"}],"wp:attachment":[{"href":"https:\/\/www.europesays.com\/it\/wp-json\/wp\/v2\/media?parent=536981"}],"wp:term":[{"taxonomy":"category","embeddable":true,"href":"https:\/\/www.europesays.com\/it\/wp-json\/wp\/v2\/categories?post=536981"},{"taxonomy":"post_tag","embeddable":true,"href":"https:\/\/www.europesays.com\/it\/wp-json\/wp\/v2\/tags?post=536981"}],"curies":[{"name":"wp","href":"https:\/\/api.w.org\/{rel}","templated":true}]}}