{"id":536985,"date":"2026-06-13T10:07:11","date_gmt":"2026-06-13T10:07:11","guid":{"rendered":"https:\/\/www.europesays.com\/it\/536985\/"},"modified":"2026-06-13T10:07:11","modified_gmt":"2026-06-13T10:07:11","slug":"la-nazionale-a-cantu-una-prima-storica","status":"publish","type":"post","link":"https:\/\/www.europesays.com\/it\/536985\/","title":{"rendered":"La Nazionale a Cant\u00f9. Una prima storica"},"content":{"rendered":"\n<p>La Nazionale maggiore di pallacanestro a Cant\u00f9. Per la prima volta. Punto. Basterebbe e avanzerebbe. Non fosse che, in novant\u2019anni di vita e varie epoche di successi, la maglia azzurra mai una volta \u00e8 passata da questa parti. Che fosse Parini o Pianella. Ci arriver\u00e0 \u2013 anno 2027 \u2013 nella nuova Arena.<\/p>\n<p>All\u2019ufficialit\u00e0 della notizia manca solo il timbro federale, ma dubbi non ce ne sono pi\u00f9. L domanda formale \u00e8 stata inviata. Pi\u00f9 che altro serve capire in quale finestra delle pause del campionato: febbraio \u2013 per\u00f2 assai improbabile visto i tempi strettissimi e troppo vicini all\u2019overture \u2013 giugno o novembre , strade entrambe percorribili.<\/p>\n<p>Sul piatto, la dirigenza dell\u2019Acqua S.Bernardo ha messo due motivazioni pi\u00f9 valide: il novantesimo di fondazione, appunto, e l\u2019apertura della nuova casa. S\u2019\u00e8 speso in prima persona Andrea Mauri, con tutto il suo bagaglio di cariche che fanno sponda da una parte all\u2019altra: consigliere della societ\u00e0, amministratore delegato di Cant\u00f9 Next e di Cant\u00f9 Arena. Insomma, fa damone sia che si tratti della parte sportiva sia di quella infrastrutturale.<\/p>\n<p>  Via libera <\/p>\n<p>Il presidente federale Gianni Petrucci, che spesso in questi anni si \u00e8 interessato al progetto privato di costruzione del palazzo, ha dato il via libera, anche perch\u00e9 occasioni cos\u00ec capitano ben poche volte e premiare gli sforzi, la gloria e la tradizione di un club che ha fatto storia \u2013 e che ha dato tanto alla Nazionale \u2013 costituirebbe il giusto riconoscimento.<\/p>\n<p>Prepariamoci, dunque, a un evento di gala, con il probabile coinvolgimento di chi ha lasciato un segno in maglia azzurra: da Carlo Recalcati a Fabrizio Della Fiori e da Pier Luigi Marzorati ad Antonello Riva, giusto per fare dei nomi, senza dimenticare Tonino Frigerio, Beppe Bosa e tanti altri. <\/p>\n<p>Con l\u2019Antunel da Rovagnate che, ancora oggi, \u00e8 il recordman di punti con la Nazionale sia livello assoluto sia in partita secca. Con il Pierlo che ha disputato quattro Olimpiadi ed \u00e8 salito sul podio (secondo) a quella di Mosca 1980. Con il Carletto, non dimentichiamoci, che ha conquistato, dopo i fasti da giocatore, da allenatore l\u2019argento olimpico ad Atene 2004. Con Ciccio che di Olimpiadi ne ha disputate due (Montreal 1976 e Mosca quattro anni dopo) e quindi anche lui s\u2019\u00e8 messo una medaglia al collo. Marzorati e Riva, dal canto loro, erano anche nella squadra dell\u2019oro all\u2019Europeo di Francia del 1983.<\/p>\n<p>  Fascino e richiamo <\/p>\n<p>L\u2019Italbasket ha spesso avuto nella sua storia grande fascino e costituito un richiamo per i tanti appassionati. Portarla in una delle culle del movimento rappresenta\u2018 un ulteriore momento di crescita per il gruppo che sta plasmando il coach Luca Banchi. Niente di pi\u00f9 facile, tra l\u2019altro, che all\u2019opera si possa vedere Gabriele Procida, il ventiquattrenne di Lipomo cresciuto nella magnifica cantera del Progetto Giovani Cant\u00f9 e attualmente al Real Madrid.<\/p>\n<p>Un motivo in pi\u00f9 per aspettare la Nazionale e i suoi protagonisti. Una volta tanto \u2013 anzi la prima \u2013 sotto casa. Dopo una lunga attesa durata novant\u2019anni.<\/p>\n","protected":false},"excerpt":{"rendered":"La Nazionale maggiore di pallacanestro a Cant\u00f9. Per la prima volta. Punto. Basterebbe e avanzerebbe. Non fosse che,&hellip;\n","protected":false},"author":3,"featured_media":536986,"comment_status":"","ping_status":"","sticky":false,"template":"","format":"standard","meta":{"footnotes":"","_share_on_mastodon":"0"},"categories":[1453],"tags":[296089,296090,1756,1757,16297,65766,1537,90,89,69194,296091,296088,11377,245,244],"class_list":["post-536985","post","type-post","status-publish","format-standard","has-post-thumbnail","category-basket","tag-andrea-mauri","tag-antonello-riva","tag-basket","tag-basketball","tag-gabriele-procida","tag-gianni-petrucci","tag-it","tag-italia","tag-italy","tag-luca-banchi","tag-pier-luigi-marzorati","tag-pierlo","tag-real","tag-sport","tag-sports"],"share_on_mastodon":{"url":"https:\/\/pubeurope.com\/@it\/116742248740024732","error":""},"_links":{"self":[{"href":"https:\/\/www.europesays.com\/it\/wp-json\/wp\/v2\/posts\/536985","targetHints":{"allow":["GET"]}}],"collection":[{"href":"https:\/\/www.europesays.com\/it\/wp-json\/wp\/v2\/posts"}],"about":[{"href":"https:\/\/www.europesays.com\/it\/wp-json\/wp\/v2\/types\/post"}],"author":[{"embeddable":true,"href":"https:\/\/www.europesays.com\/it\/wp-json\/wp\/v2\/users\/3"}],"replies":[{"embeddable":true,"href":"https:\/\/www.europesays.com\/it\/wp-json\/wp\/v2\/comments?post=536985"}],"version-history":[{"count":0,"href":"https:\/\/www.europesays.com\/it\/wp-json\/wp\/v2\/posts\/536985\/revisions"}],"wp:featuredmedia":[{"embeddable":true,"href":"https:\/\/www.europesays.com\/it\/wp-json\/wp\/v2\/media\/536986"}],"wp:attachment":[{"href":"https:\/\/www.europesays.com\/it\/wp-json\/wp\/v2\/media?parent=536985"}],"wp:term":[{"taxonomy":"category","embeddable":true,"href":"https:\/\/www.europesays.com\/it\/wp-json\/wp\/v2\/categories?post=536985"},{"taxonomy":"post_tag","embeddable":true,"href":"https:\/\/www.europesays.com\/it\/wp-json\/wp\/v2\/tags?post=536985"}],"curies":[{"name":"wp","href":"https:\/\/api.w.org\/{rel}","templated":true}]}}