{"id":537017,"date":"2026-06-13T10:35:14","date_gmt":"2026-06-13T10:35:14","guid":{"rendered":"https:\/\/www.europesays.com\/it\/537017\/"},"modified":"2026-06-13T10:35:14","modified_gmt":"2026-06-13T10:35:14","slug":"vinicius-si-il-brasile-puo-vincere-ancelotti-si-fida-e-mi-da-liberta","status":"publish","type":"post","link":"https:\/\/www.europesays.com\/it\/537017\/","title":{"rendered":"Vinicius: &#8220;S\u00ec, il Brasile pu\u00f2 vincere. Ancelotti si fida e mi d\u00e0 libert\u00e0&#8221;"},"content":{"rendered":"<p>                                La stella del Real: &#8220;Vivo un momento magico. Gioco male nella Sele\u00e7ao? Punti di vista&#8230;&#8221;<\/p>\n<p class=\"paragraph\" spellcheck=\"true\">Tutti l\u2019aspettano, lui non si nasconde. Vinicius Junior ha preceduto Carlo Ancelotti nell\u2019attesissima e frequentatissima conferenza stampa di presentazione di Brasile-Marocco, prima grande sfida di questo Mondiale. I campioni d\u2019Africa (pur sub iudice) 4 anni fa in Qatar sono arrivati alle semifinali e rappresentano un test assai probante per il Brasile.\u00a0<\/p>\n<p class=\"paragraph\" spellcheck=\"true\"><b>Attorno a voi c\u2019\u00e8 grande fiducia, ed enorme pressione.\u00a0<\/b><\/p>\n<p class=\"paragraph\" spellcheck=\"true\">&#8220;Si, \u00e8 normale. Io per\u00f2 non ho dubbi, \u00e8 chiaro che possiamo fare la storia, ci siamo preparati a lungo per arrivare qui, spero che il popolo brasiliano ci appoggi, noi abbiamo il grande desiderio di provare a renderlo felice&#8221;.\u00a0<\/p>\n<p class=\"paragraph\" spellcheck=\"true\">&#8220;Si, l\u2019aspettativa \u00e8 enorme e io capisco che la gente voglia vederci tornare a casa con la coppa. Nelle qualificazioni siamo partiti male ed \u00e8 ovvio che la cosa abbia minato la fiducia dei tifosi, so che per tanti non siamo favoriti per la vittoria, per\u00f2 ora partiamo tutti da zero e io, come i miei compagni, sono convinto che possiamo fare un bel Mondiale e magari dare quella gioia che tutto il popolo brasiliano attende da tempo. Abbiamo su di noi una grande pressione perch\u00e9 siamo il Paese che ha vinto pi\u00f9 volte, ma stiamo formando un grande gruppo, con gente che ha una gran voglia di cambiare la storia calcistica di questo Paese&#8221;.\u00a0<\/p>\n<p class=\"paragraph\" spellcheck=\"true\">&#8220;Spero che possa rientrare al pi\u00f9 presto e dare il suo contributo come tutti gli altri. Io sono cresciuto guardando le sue mosse, copiando il suo stile. \u00c8 stata una figura fondamentale nella mia vita di giovane calciatore. Il calcio ha bisogno di lui, e noi lo stesso, spero che si rimetta rapidamente, mi sembra che tutto proceda per il meglio&#8221;.\u00a0<\/p>\n<p class=\"paragraph\" spellcheck=\"true\"><b>Lei in nazionale ha segnato solo 9 gol in 49 partite, si dice che perch\u00e9 il Brasile pensi in grande i suoi numeri devono migliorare.\u00a0<\/b><\/p>\n<p class=\"paragraph\" spellcheck=\"true\">&#8220;Io penso sia un problema di quantit\u00e0: al Real Madrid giochiamo ogni 3 giorni, se faccio male in due partite ho subito l\u2019opportunit\u00e0 di rifarmi. Se sbaglio due incontri con la nazionale quelli dopo arrivano dopo diversi mesi e l\u2019immagine negativa resta l\u00ec molto pi\u00f9 a lungo. Io cerco sempre di dare il massimo, e per questo spero che il Mondiale appena cominciato per me sia meglio dell\u2019ultimo. Il Mister \u00e8 convinto che io far\u00f2 una grande coppa, e la cosa mi da grande fiducia e forza&#8221;.\u00a0<\/p>\n<p class=\"paragraph\" spellcheck=\"true\"><b>Sente che questa Coppa pu\u00f2 cambiare la sua carriera di calciatore?\u00a0<\/b><\/p>\n<p class=\"paragraph\" spellcheck=\"true\">&#8220;Diciamo che arriva in un momento magico per me, sono all\u2019apice della mia carriera a livello fisico e tecnico, ho appena chiuso un\u2019ottima stagione dal punto di vista personale e la cosa mi ha aiutato ad arrivare bene fin qui. Ho giocato con costanza, anche se le cose col Madrid non sono andate come volevamo. Ora sono in nazionale, dove ripeto, percepisco da parte di Ancelotti  grande libert\u00e0 e una sincera fiducia nei miei confronti: lui \u00e8 sicuro che posso fare in nazionale ci\u00f2 che faccio per il Real Madrid. Io gli credo e voglio provare a scrivere la storia del Paese e della nazionale, dobbiamo fare di tutto per vincere&#8221;.\u00a0<\/p>\n<p class=\"paragraph\" spellcheck=\"true\"><b>Cosa dice ai madridisti sul rinnovo? Le resta solo un anno di contratto.\u00a0<\/b><\/p>\n<p class=\"paragraph\" spellcheck=\"true\">&#8220;Che sono con la nazionale e parlo solo della nazionale. Quando torner\u00f2 a Madrid penser\u00f2 al Real e alla prossima stagione&#8221;.\u00a0<\/p>\n<p class=\"paragraph\" spellcheck=\"true\"><b>In questo Mondiale ha un ruolo molto diverso rispetto a quello che aveva nel 2022, l\u00ec era all\u2019inizio del suo percorso col Brasile, oggi \u00e8 uno dei protagonisti della Sele\u00e7ao, tanto che \u00e8 qui in conferenza in questa vigilia tanto attesa. Cosa significa per lei questo ruolo?\u00a0<\/b><\/p>\n<p class=\"paragraph\" spellcheck=\"true\">&#8220;Per me \u00e8 super importante e speciale poter rappresentare tutta la mia famiglia e il Paese intero. \u00c8 un sogno essere qui a lottare per questa Coppa del Mondo, \u00e8 il frutto di tanti anni di lavoro quotidiano, giorno per giorno, allenamento dopo allenamento. Ed \u00e8 una grande opportunit\u00e0 per dimostrare a tutto il mondo che possiamo tornare a essere campioni. Io sono sicuro che in questo Mondiale faremo cose buone: siamo solidi in difesa e pronti al contropiede come ci chiede Ancelotti, che ha portato con s\u00e9 nella nostra nazionale tutta la sua grande esperienza e il suo bagaglio impressionante di titoli&#8221;.\u00a0<\/p>\n<p class=\"paragraph\" spellcheck=\"true\"><b>Iniziate contro il Marocco, ed \u00e8 per tutti una sfida assai equilibrata. Il livello della squadra africana \u00e8 cresciuto tanto, e non \u00e8 lontano da quello del Brasile. Ritiene che questa sia la Coppa pi\u00f9 difficile della storia per la forza media delle squadre?\u00a0<\/b><\/p>\n<p><a class=\"is-partner-link\" href=\"https:\/\/abbonamenti.gazzetta.it\/de-promo-mondiali\/?pwcmp=cta&amp;forceBrowser=true\" rel=\"nofollow noopener\" target=\"_blank\">Gazzetta Mondiale: ogni notte un\u2019edizione straordinaria esclusiva. Non perdertela, abbonati a 1\u20ac\/mese!<\/a><\/p>\n<p class=\"paragraph\" spellcheck=\"true\">&#8220;Non lo so. Di certo c\u2019\u00e8 il fatto che il Marocco \u00e8 migliorato molto negli ultimi anni, basta pensare all\u2019ultimo Mondiale chiuso tra le prime quattro e poi all\u2019ultima Coppa d\u2019Africa vinta. Ha grandi giocatori: io a Madrid vedo Brahim Diaz tutti i giorni, e Hakimi ha vinto le ultime due Champions, non c\u2019\u00e8 molto da aggiungere. A livello generale  c\u2019\u00e8 stata una crescita media dei valori in tutto il mondo, ora sono tutti competitivi. Per questa nostra prima sfida al Mondiale mi aspetto un grande partita, e il Brasile \u00e8 senza dubbio preparato per provare a prendersi i 3 punti. I primi, perch\u00e9 vogliamo restare qui in America il pi\u00f9 a lungo possibile&#8221;.<\/p>\n<p class=\"is-copyright\">\u00a9 RIPRODUZIONE RISERVATA<\/p>\n","protected":false},"excerpt":{"rendered":"La stella del Real: &#8220;Vivo un momento magico. Gioco male nella Sele\u00e7ao? Punti di vista&#8230;&#8221; Tutti l\u2019aspettano, lui&hellip;\n","protected":false},"author":3,"featured_media":537018,"comment_status":"","ping_status":"","sticky":false,"template":"","format":"standard","meta":{"footnotes":"","_share_on_mastodon":"0"},"categories":[1452],"tags":[3623,1548,28271,2201,36,3734,4433,2281,721,2554,2037,1902,2206,877,3184,26944,4297,122,3071,2276,767,3881,3593,1740,4965,1537,90,89,1914,6110,5382,63340,7157,296100,793,1353,5357,3457,4283,977,296101,896,10360,2172,1292,11377,28270,1434,138,3461,1739,3462,245,244,1567],"class_list":["post-537017","post","type-post","status-publish","format-standard","has-post-thumbnail","category-calcio","tag-africa","tag-allenamento","tag-ancelotti","tag-appena","tag-arrivare","tag-brasile","tag-brasiliano","tag-calciatore","tag-calcio","tag-cambiare","tag-campioni","tag-carriera","tag-chiuso","tag-conferenza","tag-contropiede","tag-convinto","tag-coppa","tag-cose","tag-cresciuto","tag-dare","tag-difesa","tag-enorme","tag-fiducia","tag-football","tag-gente","tag-it","tag-italia","tag-italy","tag-li","tag-livello","tag-madrid","tag-magico","tag-marocco","tag-marocco-sfida","tag-media","tag-mondiale","tag-neymar","tag-opportunita","tag-partite","tag-popolo","tag-popolo-brasiliano","tag-possiamo","tag-pressione","tag-provare","tag-punti","tag-real","tag-real-madrid","tag-resta","tag-ruolo","tag-sfida","tag-soccer","tag-spero","tag-sport","tag-sports","tag-storia"],"share_on_mastodon":{"url":"","error":"Validation failed: Text character limit of 500 exceeded"},"_links":{"self":[{"href":"https:\/\/www.europesays.com\/it\/wp-json\/wp\/v2\/posts\/537017","targetHints":{"allow":["GET"]}}],"collection":[{"href":"https:\/\/www.europesays.com\/it\/wp-json\/wp\/v2\/posts"}],"about":[{"href":"https:\/\/www.europesays.com\/it\/wp-json\/wp\/v2\/types\/post"}],"author":[{"embeddable":true,"href":"https:\/\/www.europesays.com\/it\/wp-json\/wp\/v2\/users\/3"}],"replies":[{"embeddable":true,"href":"https:\/\/www.europesays.com\/it\/wp-json\/wp\/v2\/comments?post=537017"}],"version-history":[{"count":0,"href":"https:\/\/www.europesays.com\/it\/wp-json\/wp\/v2\/posts\/537017\/revisions"}],"wp:featuredmedia":[{"embeddable":true,"href":"https:\/\/www.europesays.com\/it\/wp-json\/wp\/v2\/media\/537018"}],"wp:attachment":[{"href":"https:\/\/www.europesays.com\/it\/wp-json\/wp\/v2\/media?parent=537017"}],"wp:term":[{"taxonomy":"category","embeddable":true,"href":"https:\/\/www.europesays.com\/it\/wp-json\/wp\/v2\/categories?post=537017"},{"taxonomy":"post_tag","embeddable":true,"href":"https:\/\/www.europesays.com\/it\/wp-json\/wp\/v2\/tags?post=537017"}],"curies":[{"name":"wp","href":"https:\/\/api.w.org\/{rel}","templated":true}]}}