{"id":537023,"date":"2026-06-13T10:40:26","date_gmt":"2026-06-13T10:40:26","guid":{"rendered":"https:\/\/www.europesays.com\/it\/537023\/"},"modified":"2026-06-13T10:40:26","modified_gmt":"2026-06-13T10:40:26","slug":"cremonini-alla-music-park-arena-maxi-schermi-ed-effetti-speciali-in-scaletta-25-anni-di-successi","status":"publish","type":"post","link":"https:\/\/www.europesays.com\/it\/537023\/","title":{"rendered":"Cremonini alla Music Park Arena. Maxi-schermi ed effetti speciali. In scaletta 25 anni di successi"},"content":{"rendered":"<p>Imola, 13 giugno 2026 \u2013 <strong>Quattro anni dopo<\/strong>. Come accade per un Mondiale di calcio o per un\u2019Olimpiade, il conto alla rovescia \u00e8 finito. Sono passati 1.442 giorni dal primo, e finora unico, concerto di <strong>Cesare Cremonini<\/strong> all\u2019<strong>Autodromo<\/strong>. Era il 2 luglio 2022 quando oltre 70mila persone invasero il paddock. Pochi mesi dopo, nel dicembre dello stesso anno, il cantautore bolognese ricevette in Municipio il Grifo, la massima onorificenza cittadina. In quell\u2019occasione lanci\u00f2 una promessa destinata a diventare realt\u00e0: &#8220;Torner\u00f2 sicuramente. Non so ancora in che anno, ma \u00e8 iniziato un legame: un percorso con Imola e con l\u2019Autodromo&#8221;.<\/p>\n<p>Approfondisci:<\/p>\n<p><a href=\"https:\/\/www.ilrestodelcarlino.it\/editoriale\/cremonini-imola-cuore-popolo-b4q22833\" class=\"ArticleEmbed_article__embed__content__Jzqnz\" rel=\"nofollow noopener\" target=\"_blank\">Cremonini a Imola: il cuore di un popolo che si ritrova<\/a> <\/p>\n<p>Quella promessa si concretizzer\u00e0 questa sera davanti a 75mila spettatori. Cremonini inaugurer\u00e0 infatti la nuova <strong>Music Park Arena<\/strong>, l\u2019area verde realizzata tra il parco delle Acque Minerali e l\u2019impianto sportivo per ospitare i grandi concerti, superando definitivamente la collocazione del vecchio paddock in cemento.<\/p>\n<p> <img alt=\"Cremonini alla Music Park Arena. Maxi-schermi ed effetti speciali. In scaletta 25 anni di successi\" loading=\"lazy\" width=\"762\" height=\"429\" decoding=\"async\" data-nimg=\"1\" style=\"color:transparent\"  src=\"https:\/\/www.europesays.com\/it\/wp-content\/uploads\/2026\/06\/xaeyod2.jpeg\"\/> <\/p>\n<p>Per l\u2019occasione <strong>\u00e8 stato allestito uno spettacolo di dimensioni monumentali<\/strong>. Il palco si sviluppa attraverso una passerella lunga oltre cento metri che si spinge nel cuore del pubblico, mentre quattro torri alte 22 metri dominano l\u2019intera arena. Su ciascuna struttura trovano posto grandi schermi circolari che, insieme alle superfici video del palco principale, danno vita a un impianto visivo di oltre 500 metri quadrati complessivi. L\u2019obiettivo \u00e8 consentire a ogni spettatore, anche nelle zone pi\u00f9 lontane, di vivere lo spettacolo con la stessa intensit\u00e0. Particolare attenzione \u00e8 stata dedicata anche all\u2019aspetto sonoro. L\u2019impianto audio \u00e8 stato progettato per garantire una qualit\u00e0 uniforme in tutta l\u2019area, con sistemi di diffusione installati sia sul palco sia sulle torri distribuite lungo il parterre. A Imola, dove gli spazi sono particolarmente estesi, sono state aggiunte ulteriori strutture dedicate per raggiungere in maniera omogenea ogni settore dell\u2019arena. Le luci saranno uno degli elementi centrali dello show.<\/p>\n<p>Approfondisci:<\/p>\n<p><a href=\"https:\/\/www.ilrestodelcarlino.it\/imola\/cultura\/cremonini-show-viabilita-strade-chiuse-sosta-zona-rossa-m8ym4en6\" class=\"ArticleEmbed_article__embed__content__Jzqnz\" rel=\"nofollow noopener\" target=\"_blank\">Cremonini-show viabilit\u00e0, strade chiuse e aree di sosta: il circuito diventa zona rossa<img alt=\"Cremonini-show viabilit\u00e0, strade chiuse e aree di sosta: il circuito diventa zona rossa\" loading=\"lazy\" width=\"140\" height=\"78\" decoding=\"async\" data-nimg=\"1\" style=\"color:transparent\"  src=\"https:\/\/www.europesays.com\/it\/wp-content\/uploads\/2026\/06\/ecco-come-appariva-ieri-la-zona-del-live-di-domani-a-sinistra-a-destra-cesare-cremonini.webp\"\/><\/a> <\/p>\n<p>Pi\u00f9 di 800 punti luminosi a tecnologia Led trasformeranno continuamente l\u2019aspetto della scena, accompagnando le canzoni e sottolineandone le atmosfere. <strong>Un sofisticato sistema di regia digitale coordiner\u00e0 immagini, musica ed effetti speciali, lasciando comunque spazio all\u2019intervento dal vivo per rendere unica ogni esibizione<\/strong>. Il concerto dovrebbe durare circa due ore e mezza e proporre un viaggio attraverso un quarto di secolo di successi. In scaletta sono attesi brani delle origini come Latin Lover, 50 Special e Marmellata #25 (&#8220;Da quando Senna non corre pi\u00f9\u2026&#8221; cantata di fronte al Tamburello regaler\u00e0 emozioni forti), insieme a hit pi\u00f9 recenti come La ragazza del futuro, Ora che non ho pi\u00f9 te e Alaska Baby. Non dovrebbero mancare Buon viaggio, Logico, Poetica, Nessuno vuole essere Robin e Un giorno migliore, oltre a San Luca, che potrebbe riservare la sorpresa della presenza sul palco di Luca Carboni. Atteso anche un omaggio ai Queen con Tie Your Mother Down.<\/p>\n","protected":false},"excerpt":{"rendered":"Imola, 13 giugno 2026 \u2013 Quattro anni dopo. Come accade per un Mondiale di calcio o per un\u2019Olimpiade,&hellip;\n","protected":false},"author":3,"featured_media":537024,"comment_status":"","ping_status":"","sticky":false,"template":"","format":"standard","meta":{"footnotes":"","_share_on_mastodon":"0"},"categories":[1443],"tags":[5295,11235,2096,203,204,1537,90,89,183404,1538,1539,2953,7600,72528,1838],"class_list":["post-537023","post","type-post","status-publish","format-standard","has-post-thumbnail","category-musica","tag-arena","tag-cremonini","tag-effetti","tag-entertainment","tag-intrattenimento","tag-it","tag-italia","tag-italy","tag-maxischermi","tag-music","tag-musica","tag-park","tag-scaletta","tag-speciali","tag-successi"],"share_on_mastodon":{"url":"https:\/\/pubeurope.com\/@it\/116742379219800904","error":""},"_links":{"self":[{"href":"https:\/\/www.europesays.com\/it\/wp-json\/wp\/v2\/posts\/537023","targetHints":{"allow":["GET"]}}],"collection":[{"href":"https:\/\/www.europesays.com\/it\/wp-json\/wp\/v2\/posts"}],"about":[{"href":"https:\/\/www.europesays.com\/it\/wp-json\/wp\/v2\/types\/post"}],"author":[{"embeddable":true,"href":"https:\/\/www.europesays.com\/it\/wp-json\/wp\/v2\/users\/3"}],"replies":[{"embeddable":true,"href":"https:\/\/www.europesays.com\/it\/wp-json\/wp\/v2\/comments?post=537023"}],"version-history":[{"count":0,"href":"https:\/\/www.europesays.com\/it\/wp-json\/wp\/v2\/posts\/537023\/revisions"}],"wp:featuredmedia":[{"embeddable":true,"href":"https:\/\/www.europesays.com\/it\/wp-json\/wp\/v2\/media\/537024"}],"wp:attachment":[{"href":"https:\/\/www.europesays.com\/it\/wp-json\/wp\/v2\/media?parent=537023"}],"wp:term":[{"taxonomy":"category","embeddable":true,"href":"https:\/\/www.europesays.com\/it\/wp-json\/wp\/v2\/categories?post=537023"},{"taxonomy":"post_tag","embeddable":true,"href":"https:\/\/www.europesays.com\/it\/wp-json\/wp\/v2\/tags?post=537023"}],"curies":[{"name":"wp","href":"https:\/\/api.w.org\/{rel}","templated":true}]}}