{"id":537295,"date":"2026-06-13T14:24:14","date_gmt":"2026-06-13T14:24:14","guid":{"rendered":"https:\/\/www.europesays.com\/it\/537295\/"},"modified":"2026-06-13T14:24:14","modified_gmt":"2026-06-13T14:24:14","slug":"avs-e-5s-volano-a-napoli-dalluomo-di-hannoun","status":"publish","type":"post","link":"https:\/\/www.europesays.com\/it\/537295\/","title":{"rendered":"Avs e 5S volano a Napoli dall\u2019uomo di Hannoun"},"content":{"rendered":"<p>Il nome di Mohammad Hannoun, in carcere dal 27 dicembre in custodia cautelare per l&#8217;inchiesta della Procura di Genova sui finanziamenti ad Hamas in Italia, ieri \u00e8 risuonata anche per le vie di Napoli. \u00abConferenza internazionale Palestina\u00bb, si legge sul portale di \u00abHumanity in Focus\u00bb, associazione \u00abculturale e umanitaria palestinese con sede in Italia\u00bb fondata da Ossama Al Jaber, figlio di uno dei fondatori della Abspp, associazione di Hannoun oggi al centro delle indagini genovesi con l&#8217;accusa di aver raccolto milioni di euro con la scusa della beneficenza. Soldi che sarebbero per\u00f2 finiti nelle tasche dei terroristi. E se il padre di Al Jaber era vicino ad Hannoun, il figlio non pu\u00f2 certo essere da meno, e infatti in foto lo vediamo ritratto in macchina con Mahmoud Hannoun, che oggi, in assenza del padre, tiene le fila delle piazze pro Pal e dell&#8217;associazione Api, anch&#8217;essa fondata dal sessantenne giordano. Insomma, un giro vicinissimo ad Hannoun quello di \u00abHumanity in Focus\u00bb, il cui leader Al Jaber ha preso pi\u00f9 volte parte a iniziative di Hannoun ed era lui ad accoglierlo quando da <a data-autogenerated=\"yes\" data-datalayer-click-event-target=\"internal\" href=\"https:\/\/www.ilgiornale.it\/luoghi\/milano-144656.html\" rel=\"nofollow noopener\" target=\"_blank\">Milano<\/a> si recava a Napoli. Li abbiamo visti abbracciati in Piazza Garibaldi, nel cuore del capoluogo partenopeo, ma anche sui carri di Roma e Milano.<\/p>\n<p>Una vicinanza manifestata anche tramite le varie prese di posizione del gruppo che si \u00e8 battuto a pi\u00f9 riprese per chiedere la scarcerazione degli indagati oggi in cella. Ma, ci\u00f2 nonostante, volti della politica italiana hanno preso parte a questa iniziativa: tra i relatori figurano Giuseppe De Cristofaro, senatore di AVS, Danilo Della Valle, europarlamentare del Movimento 5 Stelle e Ciro Buonajuto, consigliere regionale della Campania e presidente della Prima Commissione con delega alla Sicurezza. Politica locale, nazionale ed europea, tutti esponenti dell&#8217;opposizione, nello stesso contesto di Maria Elena Delia, portavoce della Flotilla in Italia, Thiago Avila, recentemente arrestato in Israele per i suoi rapporti opachi con Hamas e con l&#8217;Iran, tanto da essere stato insignito da un premio presso l&#8217;ambasciata del regime in Brasile e da aver partecipato al funerale dell&#8217;allora leader di Hezbollah, Hassan Nasrallah.<\/p>\n<p>Presente anche Saif Abukeshek, inserito il 19 maggio nella blacklist del Dipartimento del Tesoro degli Stati Uniti che, in conformit\u00e0 con l&#8217;autorit\u00e0 antiterrorismo \u00abha intrapreso azioni contro quattro individui associati alla flottiglia filo-Hamas organizzata<\/p>\n<p>dalla Conferenza popolare dei palestinesi all&#8217;estero (PCPA)\u00bb.<\/p>\n<p>E tra loro c&#8217;\u00e8 proprio Abukeshek. \u00abSaremo a Terni per un presidio nazionale davanti al carcere, in solidariet\u00e0 con i prigionieri palestinesi e per esigere l&#8217;immediata liberazione di Mohammad Hannoun\u00bb, scriveva il gruppo di Al Jaber a marzo, mentre a dicembre era in piazza per schierarsi con Mohamad Shahin, l&#8217;imam di Torino della moschea di Via Saluzzo ritenuto un esponente della Fratellanza Musulmana e un pericolo per la sicurezza nazionale da parte del Viminale, che ne aveva chiesto l&#8217;espulsione.\n<\/p>\n<p> Il braccio napoletano di Hannoun si \u00e8 mosso con il suo leader, Ossama detto Ciro, che ha visto passare per il suo circolo anche l&#8217;ex grillino Alessandro Di Battista. Lo stesso Al Jaber che da una delle piazze ha gridato: \u00abLa Palestina sar\u00e0 libera e Israele finir\u00e0 nella spazzatura della storia\u00bb. E ora, al posto di Hannoun, ci sono esponenti della sinistra italiana.<\/p>\n","protected":false},"excerpt":{"rendered":"Il nome di Mohammad Hannoun, in carcere dal 27 dicembre in custodia cautelare per l&#8217;inchiesta della Procura di&hellip;\n","protected":false},"author":3,"featured_media":537296,"comment_status":"","ping_status":"","sticky":false,"template":"","format":"standard","meta":{"footnotes":"","_share_on_mastodon":"0"},"categories":[79],"tags":[263360,14,93,94,75,1537,90,89,7,15,54430,11,84,91,12,85,92],"class_list":["post-537295","post","type-post","status-publish","format-standard","has-post-thumbnail","category-italia","tag-alleanza-verdi-sinistra-avs","tag-cronaca","tag-cronaca-italiana","tag-cronacaitaliana","tag-hamas","tag-it","tag-italia","tag-italy","tag-news","tag-notizie","tag-pro-pal","tag-ultime-notizie","tag-ultime-notizie-e-news-di-oggi","tag-ultime-notizie-italia","tag-ultimenotizie","tag-ultimenotizieenewsdioggi","tag-ultimenotizieitalia"],"share_on_mastodon":{"url":"https:\/\/pubeurope.com\/@it\/116743259232626903","error":""},"_links":{"self":[{"href":"https:\/\/www.europesays.com\/it\/wp-json\/wp\/v2\/posts\/537295","targetHints":{"allow":["GET"]}}],"collection":[{"href":"https:\/\/www.europesays.com\/it\/wp-json\/wp\/v2\/posts"}],"about":[{"href":"https:\/\/www.europesays.com\/it\/wp-json\/wp\/v2\/types\/post"}],"author":[{"embeddable":true,"href":"https:\/\/www.europesays.com\/it\/wp-json\/wp\/v2\/users\/3"}],"replies":[{"embeddable":true,"href":"https:\/\/www.europesays.com\/it\/wp-json\/wp\/v2\/comments?post=537295"}],"version-history":[{"count":0,"href":"https:\/\/www.europesays.com\/it\/wp-json\/wp\/v2\/posts\/537295\/revisions"}],"wp:featuredmedia":[{"embeddable":true,"href":"https:\/\/www.europesays.com\/it\/wp-json\/wp\/v2\/media\/537296"}],"wp:attachment":[{"href":"https:\/\/www.europesays.com\/it\/wp-json\/wp\/v2\/media?parent=537295"}],"wp:term":[{"taxonomy":"category","embeddable":true,"href":"https:\/\/www.europesays.com\/it\/wp-json\/wp\/v2\/categories?post=537295"},{"taxonomy":"post_tag","embeddable":true,"href":"https:\/\/www.europesays.com\/it\/wp-json\/wp\/v2\/tags?post=537295"}],"curies":[{"name":"wp","href":"https:\/\/api.w.org\/{rel}","templated":true}]}}