{"id":537502,"date":"2026-06-13T17:25:19","date_gmt":"2026-06-13T17:25:19","guid":{"rendered":"https:\/\/www.europesays.com\/it\/537502\/"},"modified":"2026-06-13T17:25:19","modified_gmt":"2026-06-13T17:25:19","slug":"nek-fa-cantare-il-pubblico-del-bissuola-con-un-viaggio-tra-le-hit-della-sua-carriera","status":"publish","type":"post","link":"https:\/\/www.europesays.com\/it\/537502\/","title":{"rendered":"Nek fa cantare il pubblico del Bissuola con un viaggio tra le hit della sua carriera"},"content":{"rendered":"<p>L&#8217;energia di Nek ha conquistato il pubblico del parco Bissuola nel concerto di venerd\u00ec 12 giugno, andato sold out. Duemilacinquecento persone hanno accompagnato l&#8217;esibizione\u00a0dall&#8217;inizio alla fine,\u00a0cantando\u00a0assieme all&#8217;artista i brani pi\u00f9 celebri della sua carriera. La tappa di Mestre fa parte di un lungo tour che ha attraversato prima i teatri italiani ed europei e poi ha raggiunto i palchi all&#8217;aperto, sempre in trio: Nek al basso e voce, Emiliano Fantuzzi alla\u00a0chitarra e\u00a0Luciano Galloni alla\u00a0batteria.<\/p>\n<p><a href=\"https:\/\/whatsapp.com\/channel\/0029VaDSWgR1Hsq4uWb1mS0I\" target=\"_blank\" rel=\"nofollow noopener\"><strong>Clicca qui per iscriverti al canale WhatsApp di VeneziaToday<\/strong><\/a><\/p>\n<p>Lo show \u00e8 una garanzia e conferma le doti musicali\u00a0che contraddistinguono Filippo Neviani e lo hanno reso uno dei performer pi\u00f9 amati d\u2019Italia.\u00a0Dall&#8217;apertura con Almeno stavolta fino alle hit di sempre come In te, Laura non c&#8217;\u00e8, Cuori in tempesta, Lascia che io sia, Nek ha ripercorso tutti i pi\u00f9 grandi successi della sua carriera. Brani come Se io non avessi te, Fatti avanti amore e molti altri sono diventati inni per generazioni diverse e hanno coinvolto il pubblico in un mix di adrenalina e nostalgia. In scaletta anche la cover di Se telefonando, diventata presenza stabile dei concerti.\u00a0<\/p>\n<p>Gli spettatori si sono alzati in piedi gi\u00e0 a met\u00e0 serata, andando sotto il palco per cantare e ballare pi\u00f9 vicino alla band. Tra una canzone e l&#8217;altra Nek ha riservato spazio a momenti di riflessione: \u00abSono grato tutti i giorni per quello che ho, soprattutto in questo periodo in cui tanta gente soffre per ci\u00f2 che accade nel mondo\u00bb ha detto, ringraziando i fan del pubblico mestrino.<\/p>\n<p>La rassegna Bissuola Live, organizzata dal settore cultura del Comune di Venezia, si \u00e8 aperta mercoled\u00ec 10 giugno con il concerto di Noemi e prosegue ora con altre due date: Arisa sabato 13 e Francesco Gabbani luned\u00ec 15 giugno.<\/p>\n<p>  &#13;<br \/>\n&#13;<br \/>\n  &lt;!?php if ( SF_DOMAIN == &#8216;citynews-bruxellestoday&#8217; || SF_DOMAIN == &#8216;citynews-cagliaritoday&#8217; || SF_DOMAIN == &#8216;citynews-sassaritoday&#8217; || SF_DOMAIN == &#8216;citynews-tarantotoday&#8217; || SF_DOMAIN == &#8216;citynews-viterbotoday&#8217; || SF_DOMAIN == &#8216;citynews-ferraratoday&#8217; ): ?&gt;&#13;<br \/>\n    &#13;<br \/>\n  &lt;!?php endif; ?&gt;&#13;<br \/>\n  &#13;<br \/>\n&#13;<br \/>\n        &#13;<br \/>\n        &#13;<\/p>\n","protected":false},"excerpt":{"rendered":"L&#8217;energia di Nek ha conquistato il pubblico del parco Bissuola nel concerto di venerd\u00ec 12 giugno, andato sold&hellip;\n","protected":false},"author":3,"featured_media":537503,"comment_status":"","ping_status":"","sticky":false,"template":"","format":"standard","meta":{"footnotes":"","_share_on_mastodon":"0"},"categories":[1443],"tags":[245489,2943,203,204,1537,90,89,1538,1539,15033],"class_list":["post-537502","post","type-post","status-publish","format-standard","has-post-thumbnail","category-musica","tag-bissuola-live","tag-concerti","tag-entertainment","tag-intrattenimento","tag-it","tag-italia","tag-italy","tag-music","tag-musica","tag-nek"],"share_on_mastodon":{"url":"https:\/\/pubeurope.com\/@it\/116743970927842973","error":""},"_links":{"self":[{"href":"https:\/\/www.europesays.com\/it\/wp-json\/wp\/v2\/posts\/537502","targetHints":{"allow":["GET"]}}],"collection":[{"href":"https:\/\/www.europesays.com\/it\/wp-json\/wp\/v2\/posts"}],"about":[{"href":"https:\/\/www.europesays.com\/it\/wp-json\/wp\/v2\/types\/post"}],"author":[{"embeddable":true,"href":"https:\/\/www.europesays.com\/it\/wp-json\/wp\/v2\/users\/3"}],"replies":[{"embeddable":true,"href":"https:\/\/www.europesays.com\/it\/wp-json\/wp\/v2\/comments?post=537502"}],"version-history":[{"count":0,"href":"https:\/\/www.europesays.com\/it\/wp-json\/wp\/v2\/posts\/537502\/revisions"}],"wp:featuredmedia":[{"embeddable":true,"href":"https:\/\/www.europesays.com\/it\/wp-json\/wp\/v2\/media\/537503"}],"wp:attachment":[{"href":"https:\/\/www.europesays.com\/it\/wp-json\/wp\/v2\/media?parent=537502"}],"wp:term":[{"taxonomy":"category","embeddable":true,"href":"https:\/\/www.europesays.com\/it\/wp-json\/wp\/v2\/categories?post=537502"},{"taxonomy":"post_tag","embeddable":true,"href":"https:\/\/www.europesays.com\/it\/wp-json\/wp\/v2\/tags?post=537502"}],"curies":[{"name":"wp","href":"https:\/\/api.w.org\/{rel}","templated":true}]}}