{"id":537582,"date":"2026-06-13T18:41:11","date_gmt":"2026-06-13T18:41:11","guid":{"rendered":"https:\/\/www.europesays.com\/it\/537582\/"},"modified":"2026-06-13T18:41:11","modified_gmt":"2026-06-13T18:41:11","slug":"juve-vlahovic-non-e-finita-spalletti-vuole-trattenerlo-dusan-aspetta-carnevali-a-torino","status":"publish","type":"post","link":"https:\/\/www.europesays.com\/it\/537582\/","title":{"rendered":"Juve-Vlahovic, non \u00e8 finita. Spalletti vuole trattenerlo, Dusan aspetta Carnevali a Torino"},"content":{"rendered":"<p>                                Fine settimana inconsueto per l&#8217;attaccante serbo: niente mare, \u00e8 ancora in citt\u00e0 e si allena aspettando il nuovo ad<\/p>\n<p class=\"paragraph\" spellcheck=\"true\">Un fine settimana insolito a\u2026 Torino: lontano dal mare, in palestra ad allenarsi e con un occhio sul telefono. Dusan Vlahovic ha tutt\u2019altro che abbandonato le speranze di proseguire il suo percorso alla Juventus, fiducioso che il cambio di guardia al vertice della dirigenza possa rimetterlo in pista per una nuova parentesi in bianconero. Il confronto fra il suo pap\u00e0, Milos, e Comolli si era arenato senza possibilit\u00e0 di riparlare del rinnovo. Con l\u2019arrivo di Carnevali si \u00e8 riaperto un margine importante, specie perch\u00e9 a fare da sponda per la permanenza del calciatore c\u2019\u00e8 Spalletti.\u00a0<\/p>\n<p>        SITUAZIONE\u2014 \u00a0<\/p>\n<p class=\"paragraph\" spellcheck=\"true\">Al netto delle questioni economiche da approfondire, Dusan vorrebbe rimanere a Torino: si definisce \u201cjuventino\u201d, un aspetto che lo allontana da altri club italiani storicamente concorrenti della Signora e che ne accredita il desiderio di vincere qualche trofeo in bianconero. Spalletti gioca con un centravanti alla Vlahovic e il mercato per adesso offre poco: <a href=\"https:\/\/www.gazzetta.it\/Calcio\/Calciomercato\/Juventus\/13-06-2026\/juve-vlahovic-comolli-carnevali-spalletti.shtml?intcmp=hyperlink-articolo-gazit\" rel=\"nofollow noopener\" target=\"_blank\">trattenere il serbo significherebbe risparmiare sulla cifra da sborsare per un cartellino<\/a>, in pi\u00f9 il giocatore apre alla possibilit\u00e0 di firmare un contratto breve di uno-due anni. I vantaggi non sono solo per la Juve, considerato che la girandola dei centravanti in Europa \u00e8 destinata a partire alla fine del Mondiale e quindi il serbo rischia di rimanere senza squadra per diverse settimane: dal 30 giugno \u00e8 libero.\u00a0<\/p>\n<p><a class=\"is-partner-link\" href=\"https:\/\/abbonamenti.gazzetta.it\/de-promo-mondiali\/?pwcmp=cta&amp;forceBrowser=true\" rel=\"nofollow noopener\" target=\"_blank\">Gazzetta Mondiale: ogni notte un\u2019edizione straordinaria esclusiva. Non perdertela, abbonati a 1\u20ac\/mese!<\/a><\/p>\n<p>        POSIZIONI\u2014 \u00a0<\/p>\n<p class=\"paragraph\" spellcheck=\"true\">Un week end di met\u00e0 giugno, con la stagione finita e il contratto verso la scadenza, sarebbe stato consueto al mare. Invece, Vlahovic spera nella chiamata della Juve a partire dall\u2019insediamento di Carnevali, che \u00e8 atteso alla Continassa per inizio settimana. Possibile che il nuovo ad affronti il tema gi\u00e0 dal primo <a href=\"https:\/\/www.gazzetta.it\/Calcio\/Calciomercato\/Juventus\/13-06-2026\/carnevali-spalletti-incontro-mercato-juve.shtml?intcmp=hyperlink-articolo-gazit\" rel=\"nofollow noopener\" target=\"_blank\">incontro con Spalletti in questo fine settimana<\/a>, anche perch\u00e9 il tecnico lo ritiene uno degli argomenti chiave per programmare al meglio la stagione. La richiesta di Vlahovic per restare alla Juve \u00e8 di 8 milioni a stagione, cio\u00e8 lo stipendio base che il 9 ha percepito in questi anni: gli sono arrivate proposte pi\u00f9 ricche, ma per adesso la sua priorit\u00e0 continua a essere la Juve. Il club, attraverso Comolli, ha tenuto fin qui la posizione sui 5 milioni all\u2019anno, volendo tenere come riferimento massimo l\u2019ingaggio riconosciuto a Yildiz (6). Una parte variabile legata ad alcuni bonus di rendimento individuale e di squadra potrebbe avvicinare le parti, nel caso ci fosse la volont\u00e0 di proseguire insieme.<\/p>\n<p class=\"is-copyright\">\u00a9 RIPRODUZIONE RISERVATA<\/p>\n","protected":false},"excerpt":{"rendered":"Fine settimana inconsueto per l&#8217;attaccante serbo: niente mare, \u00e8 ancora in citt\u00e0 e si allena aspettando il nuovo&hellip;\n","protected":false},"author":3,"featured_media":537583,"comment_status":"","ping_status":"","sticky":false,"template":"","format":"standard","meta":{"footnotes":"","_share_on_mastodon":"0"},"categories":[1452],"tags":[34442,296397,10575,721,6963,12837,554,10572,6693,8002,846,1740,1148,1537,90,89,565,2050,3530,7901,38134,25799,12154,989,1739,24806,245,244,1857,577,1641,578],"class_list":["post-537582","post","type-post","status-publish","format-standard","has-post-thumbnail","category-calcio","tag-abbandonato","tag-abbandonato-speranze","tag-bianconero","tag-calcio","tag-carnevali","tag-centravanti","tag-club","tag-comolli","tag-contratto","tag-dusan","tag-finita","tag-football","tag-giugno","tag-it","tag-italia","tag-italy","tag-juve","tag-mare","tag-partire","tag-possibilita","tag-proseguire","tag-rimanere","tag-serbo","tag-settimana","tag-soccer","tag-spalletti","tag-sport","tag-sports","tag-squadra","tag-stagione","tag-torino","tag-vlahovic"],"share_on_mastodon":{"url":"https:\/\/pubeurope.com\/@it\/116744269831634083","error":""},"_links":{"self":[{"href":"https:\/\/www.europesays.com\/it\/wp-json\/wp\/v2\/posts\/537582","targetHints":{"allow":["GET"]}}],"collection":[{"href":"https:\/\/www.europesays.com\/it\/wp-json\/wp\/v2\/posts"}],"about":[{"href":"https:\/\/www.europesays.com\/it\/wp-json\/wp\/v2\/types\/post"}],"author":[{"embeddable":true,"href":"https:\/\/www.europesays.com\/it\/wp-json\/wp\/v2\/users\/3"}],"replies":[{"embeddable":true,"href":"https:\/\/www.europesays.com\/it\/wp-json\/wp\/v2\/comments?post=537582"}],"version-history":[{"count":0,"href":"https:\/\/www.europesays.com\/it\/wp-json\/wp\/v2\/posts\/537582\/revisions"}],"wp:featuredmedia":[{"embeddable":true,"href":"https:\/\/www.europesays.com\/it\/wp-json\/wp\/v2\/media\/537583"}],"wp:attachment":[{"href":"https:\/\/www.europesays.com\/it\/wp-json\/wp\/v2\/media?parent=537582"}],"wp:term":[{"taxonomy":"category","embeddable":true,"href":"https:\/\/www.europesays.com\/it\/wp-json\/wp\/v2\/categories?post=537582"},{"taxonomy":"post_tag","embeddable":true,"href":"https:\/\/www.europesays.com\/it\/wp-json\/wp\/v2\/tags?post=537582"}],"curies":[{"name":"wp","href":"https:\/\/api.w.org\/{rel}","templated":true}]}}