{"id":537638,"date":"2026-06-13T19:31:16","date_gmt":"2026-06-13T19:31:16","guid":{"rendered":"https:\/\/www.europesays.com\/it\/537638\/"},"modified":"2026-06-13T19:31:16","modified_gmt":"2026-06-13T19:31:16","slug":"giro-next-gen-fanini-scommetto-su-finn-e-spero-di-vederlo-vestito-di-tricolore-a-lucca","status":"publish","type":"post","link":"https:\/\/www.europesays.com\/it\/537638\/","title":{"rendered":"GIRO NEXT GEN. FANINI: \u00abSCOMMETTO SU FINN E SPERO DI VEDERLO VESTITO DI TRICOLORE A LUCCA\u00bb"},"content":{"rendered":"<p>            <a class=\"category\" href=\"https:\/\/www.tuttobiciweb.it\/articles\/category\/DILETTANTI\" itemprop=\"about\" rel=\"nofollow noopener\" target=\"_blank\">DILETTANTI<\/a> | 13\/06\/2026 | 15:59<br \/>\n            <a class=\"author\" href=\"https:\/\/www.tuttobiciweb.it\/articles\/author\/Valter%20Nieri\" rel=\"nofollow noopener\" target=\"_blank\">di Valter Nieri<\/a><\/p>\n<p><strong>Scatta domani il Giro Next Gen<\/strong> e l\u2019attesa dei tifosi italiani si concentra su <strong>Lorenzo Mark Finn<\/strong>, il campione del mondo in carica tra gli Under 23.<br \/>Tra i suoi grandi estimatori, Ivano Fanini che non esita nel lanciarsi in fausti pronostici:\u2008\u00ab\u00c8 un astro nascente del ciclismo mondiale, un talento naturale, elegante in salita e forte a cronometro. Ha grandi doti fisiche e mentali: <strong>personalmente lo seguo da quando aveva 14 anni<\/strong> e, siccome \u00e8 nato nella seconda met\u00e0 di dicembre, correva sempre con atleti pi\u00f9 grandi di lui anche di sette-otto mesi, cosa che a quella et\u00e0 si fa sentire. A convincermi del tutto \u00e8 stata la sua vittoria nella Sandrigo-Monte Corno da juniores: a dieci chilometri dal traguardo sferr\u00f2 un attacco irresistibile in salita vincendo in solitudine. <strong>Ora tutti parlano di lui, ma io lo avevo previsto gi\u00e0 diversi anni prima<\/strong>\u00bb.\n            <\/p>\n<p>E ancora: \u00abCredo che la Red Bull-Bora-Hansgrohe Rookies abbia scelto <strong>la strategia giusta per farlo crescere e per garantirne la longevit\u00e0 agonistica<\/strong>. Vedrete che presto si contender\u00e0 le tappe di salita con Tadej Pogacar e Jonas Vingegaard: di talenti naturali per il futuro nel ciclismo italiano vedo soltanto lui. Sono convinto che possa vincere sia il Giro Next Gen e anche il campionato italiano Under 23 che si svolger\u00e0 a Lucca, organizzato dall&#8217;Unione Ciclistica Lucchese presieduta da Angelo Battaglia. Ricordo che nei primi anni Ottanta accettai la presidenza per un triennio, quando la squadra si chiamava Fanini-Unione Ciclistica Lucchese: conservo ottimi ricordi in quanto quello \u00e8 stato il triennio pi\u00f9 vincente nella storia della societ\u00e0. Sarei proprio felice di assistere al trionfo di Finn nella mia citt\u00e0: io ci credo e tifer\u00f2 per lui\u00bb.\n            <\/p>\n<p><\/p>\n<p>Copyright &amp;copy TBW<\/p>\n","protected":false},"excerpt":{"rendered":"DILETTANTI | 13\/06\/2026 | 15:59 di Valter Nieri Scatta domani il Giro Next Gen e l\u2019attesa dei tifosi&hellip;\n","protected":false},"author":3,"featured_media":537639,"comment_status":"","ping_status":"","sticky":false,"template":"","format":"standard","meta":{"footnotes":"","_share_on_mastodon":"0"},"categories":[1456],"tags":[1824,1825,260374,1537,90,89,78294,245,244,41375,7997],"class_list":["post-537638","post","type-post","status-publish","format-standard","has-post-thumbnail","category-ciclismo","tag-ciclismo","tag-cycling","tag-giro-next-gen","tag-it","tag-italia","tag-italy","tag-lorenzo-mark-finn","tag-sport","tag-sports","tag-talenti-italiani","tag-under-23"],"share_on_mastodon":{"url":"","error":""},"_links":{"self":[{"href":"https:\/\/www.europesays.com\/it\/wp-json\/wp\/v2\/posts\/537638","targetHints":{"allow":["GET"]}}],"collection":[{"href":"https:\/\/www.europesays.com\/it\/wp-json\/wp\/v2\/posts"}],"about":[{"href":"https:\/\/www.europesays.com\/it\/wp-json\/wp\/v2\/types\/post"}],"author":[{"embeddable":true,"href":"https:\/\/www.europesays.com\/it\/wp-json\/wp\/v2\/users\/3"}],"replies":[{"embeddable":true,"href":"https:\/\/www.europesays.com\/it\/wp-json\/wp\/v2\/comments?post=537638"}],"version-history":[{"count":0,"href":"https:\/\/www.europesays.com\/it\/wp-json\/wp\/v2\/posts\/537638\/revisions"}],"wp:featuredmedia":[{"embeddable":true,"href":"https:\/\/www.europesays.com\/it\/wp-json\/wp\/v2\/media\/537639"}],"wp:attachment":[{"href":"https:\/\/www.europesays.com\/it\/wp-json\/wp\/v2\/media?parent=537638"}],"wp:term":[{"taxonomy":"category","embeddable":true,"href":"https:\/\/www.europesays.com\/it\/wp-json\/wp\/v2\/categories?post=537638"},{"taxonomy":"post_tag","embeddable":true,"href":"https:\/\/www.europesays.com\/it\/wp-json\/wp\/v2\/tags?post=537638"}],"curies":[{"name":"wp","href":"https:\/\/api.w.org\/{rel}","templated":true}]}}