{"id":537811,"date":"2026-06-13T22:17:17","date_gmt":"2026-06-13T22:17:17","guid":{"rendered":"https:\/\/www.europesays.com\/it\/537811\/"},"modified":"2026-06-13T22:17:17","modified_gmt":"2026-06-13T22:17:17","slug":"basket-playoff-b1-vigevano-cede-nel-finale-in-gara-3-a-caserta","status":"publish","type":"post","link":"https:\/\/www.europesays.com\/it\/537811\/","title":{"rendered":"Basket, Playoff B1 &#8211; Vigevano cede nel finale in Gara-3 a Caserta"},"content":{"rendered":"<p>Basket, playoff Serie B1 \u2013 Vigevano spreca l\u2019occasione di Gara-3 contro Caserta<\/p>\n<p>Una <strong>gara spartiacque<\/strong> nella serie e cos\u00ec lo \u00e8 stata per <a href=\"https:\/\/juvecaserta2021.it\/\" rel=\"nofollow noopener\" target=\"_blank\"><strong>Caserta<\/strong><\/a>, quella giocata stasera in un <strong>PalaPiccolo<\/strong> che <strong>traboccava<\/strong> di <strong>tifosi<\/strong>. La <strong>squadra di casa ha piegato<\/strong> nel finale dopo un vibrante duello la <strong>Elachem Vigevano<\/strong> <strong>84-76<\/strong>. Non bastano i contributi per i ducali di <strong>Zacchigna<\/strong> (21 punti, di cui 6\/9 da tre), <strong>Kancleris<\/strong> e <strong>Corgnati<\/strong>.<\/p>\n<p>Campani vincitori grazie allo <strong>strapotere<\/strong> sul <strong>pitturato<\/strong> di <strong>Radunic<\/strong> (<strong>24 punti<\/strong> e <strong>9 rimbalzi<\/strong>) ma anche dei colpi di <strong>D\u2019Argenzio, Nobile<\/strong> e <strong>Lagan\u00e0<\/strong>.<\/p>\n<p>Basket, Serie B1 playoff: Vigevano si arrende nel finale a Caserta in Gara-3<br \/>\n<img loading=\"lazy\" decoding=\"async\" class=\"size-medium wp-image-34172\" src=\"https:\/\/www.europesays.com\/it\/wp-content\/uploads\/2026\/06\/Kancleris-Lo-Biondo-490x280.jpg\" alt=\"basket playoff vigevano caserta\" width=\"490\" height=\"280\"  \/>Modestas Kancleris ha dovuto vedersela con la robustezza dei lunghi casertani (foto D. Bozzolan)<\/p>\n<p>Decisivi la fisicit\u00e0 degli avversari e qualche percentuale al tiro soprattutto da fuori<\/p>\n<p>LEGGI ANCHE\u00a0<a href=\"https:\/\/www.giornaleilpuntopavese.com\/2026\/06\/calciomercato-pavese-ore-frenetiche-in-serie-d-le-big-blindano-i-gioielli-e-a-bereguardo-e-rivoluzione-totale\/\" rel=\"nofollow noopener\" target=\"_blank\">Calciomercato Pavese: ore frenetiche in Serie D, le big blindano i gioielli e a Bereguardo \u00e8 rivoluzione totale<\/a><\/p>\n<p>L\u2019inizio \u00e8 tutto bianconero: 9-2 e Caserta prova la fuga trascinata dal suo \u201cscugnizzo\u201d D\u2019Argenzio. Elachem subisce il colpo<strong> scivolando fino al -11<\/strong> (<strong>13-2<\/strong>) ma inizia lentamente a migliorare non appena Salieri schiera in campo i propri probiviri. Mazzantini da tre interrompe il digiuno, poi anche <strong>Zacchigna<\/strong> <strong>inizia ad entrare in partita<\/strong>.<\/p>\n<p>Sebbene siano in rincorsa, al termine del <strong>primo quarto<\/strong> \u00e8 <strong>Caserta<\/strong> avanti come punteggio (<strong>25-16<\/strong>). Nel <strong>secondo quarto<\/strong>, per\u00f2, Vigevano<strong> inizia a prendere un interessante abbrivio<\/strong>: Diouf e Corgnati riavvicinano ulteriormente, ma il roster bianconero forte del tonnellaggio dei lunghi prova a tamponare.<\/p>\n<p><strong>Cucchiaro<\/strong> prova a<strong> dare manforte<\/strong> in difesa ma \u00e8 <strong>Zacchigna<\/strong> che dopo diverse giocate dei compagni inizia bombardare da fuori. Ben cinque triple consecutive del triestino unite a diversi tiri liberi dei compagni fanno pareggiare i conti. Anzi, <strong>Vigevano<\/strong> all\u2019intervallo chiude <strong>avanti di tre<\/strong> (<strong>42-45<\/strong>).<\/p>\n<p>Il braccio di ferro nel terzo quarto, poi Lagan\u00e0 frusta i ducali<br \/>\n<img loading=\"lazy\" decoding=\"async\" class=\"size-medium wp-image-34170\" src=\"https:\/\/www.europesays.com\/it\/wp-content\/uploads\/2026\/06\/Corgnati-vs-Caserta-490x327.jpg\" alt=\"basket playoff vigevano caserta\" width=\"490\" height=\"327\"  \/>Matteo Corgnati \u00e8 stato tra i migliori performatori (foto L. Marmonti)<\/p>\n<p>Di <strong>ritorno<\/strong> dagli <strong>spogliatoi<\/strong>, inizia un<strong> batti e ribatti<\/strong> che dura fino all\u2019and-one di <strong>Radunic<\/strong> (51-50) intorno al 25\u2032. Da l\u00ec, Elachem prova a rimettere in discussione la partita. Il canestro di <strong>Verazzo<\/strong> per il nuovo pari (<strong>58-58<\/strong>) rid\u00e0 speranza a coach Salieri. Tuttavia, la <strong>bomba<\/strong> di <strong>Nobile<\/strong> riporta<strong> subito avanti<\/strong> (<strong>61-58<\/strong>).<\/p>\n<p><strong>Radunic appoggia<\/strong> per il -5 ducale (<strong>63-58<\/strong>) ma dall\u2019altra parte <strong>Gajic<\/strong> risponde bene dall\u2019arco. Il <strong>lungo<\/strong> istriano per\u00f2 a<strong> pochi secondi dal termine<\/strong> del terzo quarto <strong>a sua volta non sbaglia dal<\/strong> <strong>6.75<\/strong>. Al <strong>30\u2032<\/strong> \u00e8 <strong>Caserta avanti<\/strong> (<strong>66-61<\/strong>). Nell\u2019<strong>ultimo quarto<\/strong>, <strong>Vigevano<\/strong> rincorre <strong>Caserta<\/strong> con una <strong>grande determinazione<\/strong> e per contro il <strong>roster<\/strong> con <strong>altrettanta abnegazione<\/strong> <strong>trattiene<\/strong> l\u2019irruenza ducale.<\/p>\n<p><strong>Lagan\u00e0<\/strong> becca la <strong>tripla<\/strong> del <strong>+8<\/strong> campano (<strong>71-63<\/strong>) ma Kancleris seppur con quattro falli sul groppone prova a dare la squilla con i suoi tocchi. Lo <strong>scontro fisico con Radunic paga per\u00f2 male<\/strong> ed infatti a un paio di giri d\u2019orologio dalla fine <strong>il lituano deve lasciare il campo<\/strong> per numero massimo di infrazioni.<\/p>\n<p><img loading=\"lazy\" decoding=\"async\" class=\"size-medium wp-image-34171\" src=\"https:\/\/www.europesays.com\/it\/wp-content\/uploads\/2026\/06\/Zacchigna-al-tiro-2-490x280.jpg\" alt=\"basket playoff vigevano caserta\" width=\"490\" height=\"280\"  \/>Mauro Zacchigna ha segnato da fuori con oltre il 60% ma non \u00e8 bastato (foto D. Bozzolan)<\/p>\n<p>Prima per\u00f2 <strong>Verazzo vuole mettere ancora in discussione<\/strong> la gara con la <strong>tripla<\/strong> del <strong>-3<\/strong> (<strong>73-70<\/strong>). Il destino di Vigevano \u00e8 per\u00f2 nelle mani di <strong>Lagan\u00e0<\/strong> che centra la tripla del -5 (<strong>76-71<\/strong>). I liberi di <strong>Nobile<\/strong> e la schiacciata di <strong>Hadzic<\/strong> mettono fine alla partita. <strong>Ora ai casertani<\/strong> il <strong>matchpoint di luned\u00ec<\/strong>, per <strong>evitare<\/strong> (soprattutto a D\u2019Argenzio)<strong> di tornare tra le risaie della Slobbovia<\/strong>\u2026<\/p>\n<p>Juve Caserta \u2013 Elachem Vigevano 84-76\u00a0<\/p>\n<p><strong>Juve Caserta<\/strong>: Vecerina 2, Brambilla 1, Nobile 12, Lo Biondo 9, Lagan\u00e0 12, D\u2019Argenzio 16, Sperduto, Hadzic 8, Radunic 24, Nwaofom ne, Sorbo ne, Keller. All.: L. Lardo.<\/p>\n<p><strong>Elachem Vigevano<\/strong>: Kancleris 13, Diouf 8, Mazzantini 8, Cucchiaro 2, Boglio 1, Gajic 3, Zacchigna 21, Corgnati 12, Verazzo 8, Fantoma ne, Lucchini ne. All.: S. Salieri.<\/p>\n","protected":false},"excerpt":{"rendered":"Basket, playoff Serie B1 \u2013 Vigevano spreca l\u2019occasione di Gara-3 contro Caserta Una gara spartiacque nella serie e&hellip;\n","protected":false},"author":3,"featured_media":537812,"comment_status":"","ping_status":"","sticky":false,"template":"","format":"standard","meta":{"footnotes":"","_share_on_mastodon":"0"},"categories":[1453],"tags":[1756,1757,185117,1426,271659,1537,90,89,292521,12040,12044,245,244],"class_list":["post-537811","post","type-post","status-publish","format-standard","has-post-thumbnail","category-basket","tag-basket","tag-basketball","tag-elachem-vigevano-1955","tag-finale","tag-gara-3","tag-it","tag-italia","tag-italy","tag-juve-caserta","tag-playoff","tag-sconfitta","tag-sport","tag-sports"],"share_on_mastodon":{"url":"https:\/\/pubeurope.com\/@it\/116745119822185864","error":""},"_links":{"self":[{"href":"https:\/\/www.europesays.com\/it\/wp-json\/wp\/v2\/posts\/537811","targetHints":{"allow":["GET"]}}],"collection":[{"href":"https:\/\/www.europesays.com\/it\/wp-json\/wp\/v2\/posts"}],"about":[{"href":"https:\/\/www.europesays.com\/it\/wp-json\/wp\/v2\/types\/post"}],"author":[{"embeddable":true,"href":"https:\/\/www.europesays.com\/it\/wp-json\/wp\/v2\/users\/3"}],"replies":[{"embeddable":true,"href":"https:\/\/www.europesays.com\/it\/wp-json\/wp\/v2\/comments?post=537811"}],"version-history":[{"count":0,"href":"https:\/\/www.europesays.com\/it\/wp-json\/wp\/v2\/posts\/537811\/revisions"}],"wp:featuredmedia":[{"embeddable":true,"href":"https:\/\/www.europesays.com\/it\/wp-json\/wp\/v2\/media\/537812"}],"wp:attachment":[{"href":"https:\/\/www.europesays.com\/it\/wp-json\/wp\/v2\/media?parent=537811"}],"wp:term":[{"taxonomy":"category","embeddable":true,"href":"https:\/\/www.europesays.com\/it\/wp-json\/wp\/v2\/categories?post=537811"},{"taxonomy":"post_tag","embeddable":true,"href":"https:\/\/www.europesays.com\/it\/wp-json\/wp\/v2\/tags?post=537811"}],"curies":[{"name":"wp","href":"https:\/\/api.w.org\/{rel}","templated":true}]}}