{"id":537998,"date":"2026-06-14T01:12:16","date_gmt":"2026-06-14T01:12:16","guid":{"rendered":"https:\/\/www.europesays.com\/it\/537998\/"},"modified":"2026-06-14T01:12:16","modified_gmt":"2026-06-14T01:12:16","slug":"dove-vedere-brasile-marocco-in-tv-in-chiaro-e-streaming","status":"publish","type":"post","link":"https:\/\/www.europesays.com\/it\/537998\/","title":{"rendered":"Dove vedere Brasile-Marocco in tv in chiaro e streaming"},"content":{"rendered":"<p data-journey-content=\"true\" data-node-id=\"4\" class=\"css-1ood0zq emevuu60\">Il debutto del <a href=\"https:\/\/www.menshealth.com\/it\/lifestyle\/vacanze-viaggi\/a69876979\/citta-brasile-dialetto-italiano\/\" target=\"_blank\" data-vars-ga-outbound-link=\"https:\/\/www.menshealth.com\/it\/lifestyle\/vacanze-viaggi\/a69876979\/citta-brasile-dialetto-italiano\/\" data-vars-ga-ux-element=\"Hyperlink\" data-vars-ga-call-to-action=\"Brasile\" data-node-id=\"4.1\" class=\"body-link css-10fnnmt emevuu60\" rel=\"nofollow noopener\">Brasile<\/a> ai <a href=\"https:\/\/www.menshealth.com\/it\/fitness\/vip\/a71512559\/mondiali-padre-figlio\/\" target=\"_blank\" data-vars-ga-outbound-link=\"https:\/\/www.menshealth.com\/it\/fitness\/vip\/a71512559\/mondiali-padre-figlio\/\" data-vars-ga-ux-element=\"Hyperlink\" data-vars-ga-call-to-action=\"Mondiali 2026\" data-node-id=\"4.3\" class=\"body-link css-10fnnmt emevuu60\" rel=\"nofollow noopener\">Mondiali 2026<\/a> \u00e8 tra i pi\u00f9 attesi della competizione. Di fronte alla nazionale verdeoro ci sar\u00e0 la sorpresa della scorsa Coppa del Mondo: il Marocco, protagonista di una finale a dir poco caotica anche in <a href=\"https:\/\/www.menshealth.com\/it\/fitness\/sport\/a70041165\/coppa-africa-senegal\/\" target=\"_blank\" data-vars-ga-outbound-link=\"https:\/\/www.menshealth.com\/it\/fitness\/sport\/a70041165\/coppa-africa-senegal\/\" data-vars-ga-ux-element=\"Hyperlink\" data-vars-ga-call-to-action=\"Coppa d\u2019Africa contro il Senegal\" data-node-id=\"4.5\" class=\"body-link css-10fnnmt emevuu60\" rel=\"nofollow noopener\">Coppa d\u2019Africa contro il Senegal<\/a>. Tanti i dubbi alla vigilia: giocher\u00e0 <a href=\"https:\/\/www.menshealth.com\/it\/fitness\/vip\/a71337457\/neymar-convocato-mondiale\/\" target=\"_blank\" data-vars-ga-outbound-link=\"https:\/\/www.menshealth.com\/it\/fitness\/vip\/a71337457\/neymar-convocato-mondiale\/\" data-vars-ga-ux-element=\"Hyperlink\" data-vars-ga-call-to-action=\"Neymar\" data-node-id=\"4.7\" class=\"body-link css-10fnnmt emevuu60\" rel=\"nofollow noopener\">Neymar<\/a>? Il Marocco sar\u00e0 capace di ripetere l\u2019ottimo percorso in Qatar? Riuscir\u00e0 <a href=\"https:\/\/www.menshealth.com\/it\/fitness\/sport\/a64765192\/stipendio-ancelotti-brasile\/\" target=\"_blank\" data-vars-ga-outbound-link=\"https:\/\/www.menshealth.com\/it\/fitness\/sport\/a64765192\/stipendio-ancelotti-brasile\/\" data-vars-ga-ux-element=\"Hyperlink\" data-vars-ga-call-to-action=\"Ancelotti\" data-node-id=\"4.9\" class=\"body-link css-10fnnmt emevuu60\" rel=\"nofollow noopener\">Ancelotti<\/a> a fare tornare grande questa squadra? Tra le tante domande che precedono il primo big match di questa edizione, noi vogliamo rispondere a una sola. Ecco allora, <strong data-node-id=\"4.11\">dove vedere Brasile-Marocco in diretta tv in chiaro e in streaming<\/strong>.<\/p>\n<p>Come arriva il Brasile all\u2019esordio ai Mondiali<\/p>\n<p data-journey-content=\"true\" data-node-id=\"12\" class=\"css-1ood0zq emevuu60\">La nazionale di Ancelotti \u00e8 pronta, ancora una volta, a stupire nel palcoscenico calcistico pi\u00f9 importante del mondo. <strong data-node-id=\"12.1\">La Sele\u00e7ao arriva con grande ottimismo al primo match contro i marocchini<\/strong>, in una <a href=\"https:\/\/www.menshealth.com\/it\/fitness\/sport\/a45693841\/tutto-quello-che-devi-sapere-maratona-new-york\/\" target=\"_blank\" data-vars-ga-outbound-link=\"https:\/\/www.menshealth.com\/it\/fitness\/sport\/a45693841\/tutto-quello-che-devi-sapere-maratona-new-york\/\" data-vars-ga-ux-element=\"Hyperlink\" data-vars-ga-call-to-action=\"New York\" data-node-id=\"12.3\" class=\"body-link css-10fnnmt emevuu60\" rel=\"nofollow noopener\">New York<\/a> che in questi giorni pi\u00f9 concentrata sulle <a href=\"https:\/\/www.menshealth.com\/it\/fitness\/sport\/a71484465\/dove-vedere-nba-finals-2026\/\" target=\"_blank\" data-vars-ga-outbound-link=\"https:\/\/www.menshealth.com\/it\/fitness\/sport\/a71484465\/dove-vedere-nba-finals-2026\/\" data-vars-ga-ux-element=\"Hyperlink\" data-vars-ga-call-to-action=\"NBA Finals\" data-node-id=\"12.5\" class=\"body-link css-10fnnmt emevuu60\" rel=\"nofollow noopener\">NBA Finals<\/a> tra Knicks e San Antonio Spurs. Il c.t. italiano non si \u00e8 dato obiettivi alla vigilia del debutto Mondiale: \u201cFaremo il massimo \u2013 ha detto nella conferenza stampa prepartita -. \u00c8 un onore e una responsabilit\u00e0 ricoprire questo ruolo e rappresentare il &#8220;paese del calcio\u201d per eccellenza.<strong data-node-id=\"12.7\"> Il mio Brasile \u00e8 pronto e competitivo<\/strong>\u201d.<\/p>\n<p data-journey-content=\"true\" data-node-id=\"16\" class=\"css-1ood0zq emevuu60\">I verdeoro, orfani di <strong data-node-id=\"16.1\">Neymar<\/strong> alle prese con un problema al polpaccio e di <strong data-node-id=\"16.3\">Wesley<\/strong> tornato a casa per un infortunio muscolare, schiereranno le certezze delle ultime amichevoli. I volti noti del calcio italiano saranno: <strong data-node-id=\"16.5\">Alisson<\/strong> in porta, <strong data-node-id=\"16.7\">Marquinhos<\/strong> al centro della difesa, con <strong data-node-id=\"16.9\">Alex Sandro<\/strong> alla sua sinistra e <strong data-node-id=\"16.11\">Danilo<\/strong> sulla destra, mentre a centrocampo ci sar\u00e0 l\u2019ex milanista <strong data-node-id=\"16.13\">Lucas Paquet\u00e1<\/strong>. Davanti, il tridente dovrebbe essere composto da <a href=\"https:\/\/www.menshealth.com\/it\/fitness\/vip\/a64631948\/vinicius-jr-netflix\/\" target=\"_blank\" data-vars-ga-outbound-link=\"https:\/\/www.menshealth.com\/it\/fitness\/vip\/a64631948\/vinicius-jr-netflix\/\" data-vars-ga-ux-element=\"Hyperlink\" data-vars-ga-call-to-action=\"Vinicius Jr.\" data-node-id=\"16.15\" class=\"body-link css-10fnnmt emevuu60\" rel=\"nofollow noopener\"><strong data-node-id=\"16.15.0\">Vinicius Jr.<\/strong><\/a>, <strong data-node-id=\"16.17\">Raphinha<\/strong> e il centravanti del Manchester United, <strong data-node-id=\"16.19\">Matheus Cunha<\/strong>.<\/p>\n<p>Il Marocco non vuole essere pi\u00f9 solo una sorpresa<\/p>\n<p data-journey-content=\"true\" data-node-id=\"22\" class=\"css-1ood0zq emevuu60\"><strong data-node-id=\"22.0\">Il Marocco potrebbe essere un\u2019altra delle protagoniste di questi Mondiali nordamericani<\/strong>. Se in Qatar avevano sorpreso tutti conquistando il quarto posto, diventando la nazionale africana con il miglior piazzamento di sempre nella competizione, quest\u2019anno i ragazzi del c.t. Mohamed Ouahbi <strong data-node-id=\"22.2\">partono come certezza di questo grande evento.<\/strong> Recentemente, hanno dimostrato il loro status di ottima nazionale anche nell\u2019ultima <strong data-node-id=\"22.4\">Coppa d\u2019Africa<\/strong>, a dir poco caotica. Il torneo continentale ha messo in risalto tutti i talenti marocchini: l\u2019ex milanista <strong data-node-id=\"22.6\">Brahim Diaz<\/strong>, il capitano ed ex <a href=\"https:\/\/www.menshealth.com\/it\/moda\/abbigliamento-sportivo\/a71023323\/inter-pink-floyd\/\" target=\"_blank\" data-vars-ga-outbound-link=\"https:\/\/www.menshealth.com\/it\/moda\/abbigliamento-sportivo\/a71023323\/inter-pink-floyd\/\" data-vars-ga-ux-element=\"Hyperlink\" data-vars-ga-call-to-action=\"Inter\" data-node-id=\"22.8\" class=\"body-link css-10fnnmt emevuu60\" rel=\"nofollow noopener\">Inter<\/a> <strong data-node-id=\"22.10\">Achraf Hakimi<\/strong> e il romanista <strong data-node-id=\"22.12\">El Aynaoui<\/strong>.<\/p>\n<p data-journey-content=\"true\" data-node-id=\"26\" class=\"css-1ood0zq emevuu60\">Questa sera i \u201cLeoni dell\u2019Atlante\u201d ripartiranno dai protagonisti della scorsa Coppa d\u2019Africa per sorprendere il Brasile di Don Carlo. Senza <strong data-node-id=\"26.1\">Aguerd<\/strong> ed <strong data-node-id=\"26.3\">Ezzalzouli<\/strong>, fuori per <a href=\"https:\/\/www.menshealth.com\/it\/fitness\/ginnastica-esercizi\/a43948747\/infiammazione-cuffia-rotatori-infortunio-spalla-esercizi-prevenzione\/\" target=\"_blank\" data-vars-ga-outbound-link=\"https:\/\/www.menshealth.com\/it\/fitness\/ginnastica-esercizi\/a43948747\/infiammazione-cuffia-rotatori-infortunio-spalla-esercizi-prevenzione\/\" data-vars-ga-ux-element=\"Hyperlink\" data-vars-ga-call-to-action=\"infortunio\" data-node-id=\"26.5\" class=\"body-link css-10fnnmt emevuu60\" rel=\"nofollow noopener\">infortunio<\/a>, in difesa ci saranno i soliti <strong data-node-id=\"26.7\">Hakimi<\/strong> e <strong data-node-id=\"26.9\">Mazraoui<\/strong>, con <strong data-node-id=\"26.11\">Diop<\/strong> e <strong data-node-id=\"26.13\">Riad<\/strong>, mentre a centrocampo giocheranno il giallorosso <strong data-node-id=\"26.15\">El Aynaoui<\/strong> e l\u2019ex Fiorentina <strong data-node-id=\"26.17\">Amrabat<\/strong> insieme a <strong data-node-id=\"26.19\">Ounahi<\/strong>. In attacco spazio alla creativit\u00e0 di <strong data-node-id=\"26.21\">Brahim Diaz<\/strong> ed <strong data-node-id=\"26.23\">El Khannouss<\/strong> e del centravanti <strong data-node-id=\"26.25\">Saibari<\/strong>.<\/p>\n<p>Dove vedere Brasile-Marocco questa sera<\/p>\n<p data-journey-content=\"true\" data-node-id=\"31\" class=\"css-1ood0zq emevuu60\">Il fischio d\u2019inizio \u00e8 previsto per questa sera,<strong data-node-id=\"31.1\"> domenica 14 giugno<\/strong>, alla <strong data-node-id=\"31.3\">mezzanotte italiana<\/strong> dal <strong data-node-id=\"31.5\">MetLife Stadium di New York<\/strong>. La gara sar\u00e0 visibile in tv in chiaro <strong data-node-id=\"31.7\">sui canali Rai<\/strong> e anche <strong data-node-id=\"31.9\">in streaming gratuito su RaiPlay<\/strong>. Inoltre, potrai seguire il primo big match di questi Mondiali anche <strong data-node-id=\"31.11\">in streaming su DAZN<\/strong>.<\/p>\n","protected":false},"excerpt":{"rendered":"Il debutto del Brasile ai Mondiali 2026 \u00e8 tra i pi\u00f9 attesi della competizione. Di fronte alla nazionale&hellip;\n","protected":false},"author":3,"featured_media":537999,"comment_status":"","ping_status":"","sticky":false,"template":"","format":"standard","meta":{"footnotes":"","_share_on_mastodon":"0"},"categories":[160],"tags":[14,164,165,296629,166,7,15,15570,11,167,12,168,161,162,163],"class_list":["post-537998","post","type-post","status-publish","format-standard","has-post-thumbnail","category-mondo","tag-cronaca","tag-dal-mondo","tag-dalmondo","tag-dove-vedere-brasile-marocco","tag-mondo","tag-news","tag-notizie","tag-traffic","tag-ultime-notizie","tag-ultime-notizie-di-mondo","tag-ultimenotizie","tag-ultimenotiziedimondo","tag-world","tag-world-news","tag-worldnews"],"share_on_mastodon":{"url":"https:\/\/pubeurope.com\/@it\/116745807819177554","error":""},"_links":{"self":[{"href":"https:\/\/www.europesays.com\/it\/wp-json\/wp\/v2\/posts\/537998","targetHints":{"allow":["GET"]}}],"collection":[{"href":"https:\/\/www.europesays.com\/it\/wp-json\/wp\/v2\/posts"}],"about":[{"href":"https:\/\/www.europesays.com\/it\/wp-json\/wp\/v2\/types\/post"}],"author":[{"embeddable":true,"href":"https:\/\/www.europesays.com\/it\/wp-json\/wp\/v2\/users\/3"}],"replies":[{"embeddable":true,"href":"https:\/\/www.europesays.com\/it\/wp-json\/wp\/v2\/comments?post=537998"}],"version-history":[{"count":0,"href":"https:\/\/www.europesays.com\/it\/wp-json\/wp\/v2\/posts\/537998\/revisions"}],"wp:featuredmedia":[{"embeddable":true,"href":"https:\/\/www.europesays.com\/it\/wp-json\/wp\/v2\/media\/537999"}],"wp:attachment":[{"href":"https:\/\/www.europesays.com\/it\/wp-json\/wp\/v2\/media?parent=537998"}],"wp:term":[{"taxonomy":"category","embeddable":true,"href":"https:\/\/www.europesays.com\/it\/wp-json\/wp\/v2\/categories?post=537998"},{"taxonomy":"post_tag","embeddable":true,"href":"https:\/\/www.europesays.com\/it\/wp-json\/wp\/v2\/tags?post=537998"}],"curies":[{"name":"wp","href":"https:\/\/api.w.org\/{rel}","templated":true}]}}