{"id":538177,"date":"2026-06-14T04:52:18","date_gmt":"2026-06-14T04:52:18","guid":{"rendered":"https:\/\/www.europesays.com\/it\/538177\/"},"modified":"2026-06-14T04:52:18","modified_gmt":"2026-06-14T04:52:18","slug":"il-delitto-dellinterprete-dei-vip-lultima-traccia-dal-fiorista-la-pista-dellapp-di-incontri-e-lappuntamento-finito-nel-sangue","status":"publish","type":"post","link":"https:\/\/www.europesays.com\/it\/538177\/","title":{"rendered":"Il delitto dell\u2019interprete dei vip: l\u2019ultima traccia dal fiorista, la pista dell\u2019app di incontri e l\u2019appuntamento\u00a0finito nel sangue"},"content":{"rendered":"<p>Milano \u2013\u00a0Il primo ad allarmarsi \u00e8 stato <strong>l\u2019ex compagno<\/strong>: non stavano pi\u00f9 insieme da circa quindici anni, ma si sentivano tutti i giorni. L\u2019ultima volta venerd\u00ec sera. Quando sabato mattina 13 giugno <a rel=\"follow nofollow noopener\" href=\"https:\/\/www.ilgiorno.it\/milano\/cronaca\/omicidio-via-oxilia-chi-e-roberto-pietro-guerrino-qhuas6e2\" target=\"_blank\"><strong>Roberto Pietro Guerrino<\/strong><\/a> non ha risposto al cellulare, l\u2019ex, che vive a Genova, si \u00e8 subito preoccupato e ha chiesto a una parente residente a Milano di andare a controllare che il sessantenne stesse bene. Nessun cenno al citofono.<\/p>\n<p>Approfondisci:<\/p>\n<p><a href=\"https:\/\/www.ilgiorno.it\/milano\/cronaca\/omicidio-via-oxilia-chi-e-roberto-pietro-guerrino-qhuas6e2\" class=\"ArticleEmbed_article__embed__content__Jzqnz\" rel=\"nofollow noopener\" target=\"_blank\">Chi \u00e8 Roberto Pietro Guerrino, ucciso a Milano: da Kissinger a Re Carlo, aveva fatto da interprete per i grandi della Terra<img alt=\"Chi \u00e8 Roberto Pietro Guerrino, ucciso a Milano: da Kissinger a Re Carlo, aveva fatto da interprete per i grandi della Terra\" loading=\"lazy\" width=\"140\" height=\"78\" decoding=\"async\" data-nimg=\"1\" style=\"color:transparent\"  src=\"https:\/\/www.europesays.com\/it\/wp-content\/uploads\/2026\/06\/1781412733_426_image.webp\"\/><\/a><br \/>\n <img alt=\"\" loading=\"lazy\" width=\"1600\" height=\"1066\" decoding=\"async\" data-nimg=\"1\" style=\"color:transparent;max-width:100%;height:auto\"   src=\"https:\/\/www.europesays.com\/it\/wp-content\/uploads\/2026\/06\/1781412734_551_image.webp\"\/> <\/p>\n<p>A quel punto, \u00e8 scattata la chiamata al 112: i vigili del fuoco hanno aperto la porta dell\u2019appartamento del quarto piano con le chiavi che Guerrino lasciava sempre alla vicina e lo hanno trovato a terra in salotto, con il volto coperto di sangue. <strong>Il sessantenne, che lavorava come interprete di conferenze<\/strong>, \u00e8 stato<a rel=\"follow nofollow noopener\" href=\"https:\/\/www.ilgiorno.it\/milano\/cronaca\/omicidio-via-oxilia-nolo-s9irb0qd\" target=\"_blank\"><strong> assassinato tra la tarda serata di venerd\u00ec e la notte di sabato<\/strong><\/a>, visto che alle 21 sarebbe passato ad un negozio di fiori in piazza Morbegno.<\/p>\n<p> <img alt=\"Il delitto dell\u2019interprete dei vip: l\u2019ultima traccia dal fiorista, la pista dell\u2019app di incontri e l\u2019appuntamento finito nel sangue\" loading=\"lazy\" width=\"762\" height=\"429\" decoding=\"async\" data-nimg=\"1\" style=\"color:transparent\"  src=\"https:\/\/www.europesays.com\/it\/wp-content\/uploads\/2026\/06\/xaf9iny.jpeg\"\/> <\/p>\n<p>Le prime informazioni dicono che \u00e8 stato <strong>colpito diverse volte alla parte alta del viso e alla testa con un oggetto pesante<\/strong>, probabilmente uno dei soprammobili gi\u00e0 presenti nell\u2019abitazione di via Oxilia 11, nel quartiere Nolo. Quando \u00e8 stato ucciso, Guerrino <strong>indossava indumenti da donna: gu\u00eapi\u00e8re, calze a rete e scarpe col tacco<\/strong>. Un particolare che ha fatto subito ipotizzare che l\u2019omicidio sia avvenuto al termine di un appuntamento, magari concordato sulle app <strong>Grinder o Romeo <\/strong>che il sessantenne utilizzava abitualmente.<\/p>\n<p> <img alt=\"\" loading=\"lazy\" width=\"1600\" height=\"1066\" decoding=\"async\" data-nimg=\"1\" style=\"color:transparent;max-width:100%;height:auto\"   src=\"https:\/\/www.europesays.com\/it\/wp-content\/uploads\/2026\/06\/1781412737_708_image.webp\"\/> <\/p>\n<p>I carabinieri della Compagnia Duomo e del Nucleo investigativo di via Moscova, coordinati dal pm Carlo Scalas e guidati dal colonnello Antonio Coppola, non escludono la pista della rapina, comunque avvenuta dopo un rapporto intimo; <strong>il sopralluogo all\u2019interno della casa<\/strong>, in serata dopo i rilievi delle tute bianche della Sezione investigazioni scientifiche, servir\u00e0 a capire se manchi qualcosa dall\u2019abitazione.<\/p>\n<p>Approfondisci:<\/p>\n<p><a href=\"https:\/\/www.ilgiorno.it\/milano\/cronaca\/omicidio-via-oxilia-nolo-s9irb0qd\" class=\"ArticleEmbed_article__embed__content__Jzqnz\" rel=\"nofollow noopener\" target=\"_blank\">Omicidio a Milano, il 60enne Roberto Pietro Guerrino trovato morto in casa: ucciso con colpi alla testa<img alt=\"Omicidio a Milano, il 60enne Roberto Pietro Guerrino trovato morto in casa: ucciso con colpi alla testa\" loading=\"lazy\" width=\"140\" height=\"78\" decoding=\"async\" data-nimg=\"1\" style=\"color:transparent\"  src=\"https:\/\/www.europesays.com\/it\/wp-content\/uploads\/2026\/06\/1781412737_904_image.webp\"\/><\/a><br \/>\n <img alt=\"Omicidio in via Oxilia a Milano, le indagini dei carabinieri\" loading=\"lazy\" width=\"1600\" height=\"900\" decoding=\"async\" data-nimg=\"1\" style=\"color:transparent;max-width:100%;height:auto\"   src=\"https:\/\/www.europesays.com\/it\/wp-content\/uploads\/2026\/06\/omicidio-in-via-oxilia-a-milano-le-indagini-dei-carabinieri.webp\"\/><\/p>\n<p>Omicidio in via Oxilia a Milano, le indagini dei carabinieri<\/p>\n<p>Guerrino era conosciuto a NoLo ci viveva da circa tre anni. Il curriculum che si trova ancora sul web lo descrive come un <a rel=\"follow nofollow noopener\" href=\"https:\/\/www.ilgiorno.it\/milano\/cronaca\/omicidio-via-oxilia-chi-e-roberto-pietro-guerrino-qhuas6e2\" target=\"_blank\"><strong>interprete di grande esperienza<\/strong><\/a>, spesso impegnato nei convegni di medicina e finanza e negli incontri ad alto livello tra <strong>esponenti politici e capi di Stato<\/strong>: nell\u2019elenco ci sono, tra gli altri, il nome di <strong>re Carlo d\u2019Inghilterra<\/strong>, dei presidenti della Repubblica <strong>Giorgio Napolitano e Sergio Mattarella<\/strong>, degli ex premier <strong>Mario Monti e Mario Draghi<\/strong>, dell\u2019ex segretario di Stato americano <strong>Henry Kissinger,<\/strong> dei Reali di Norvegia. Laureato con il massimo dei voti alla Iulm con una tesi su Fernanda Pivano e la letteratura americana in Italia, si era specializzato alla New York University e aveva conseguito un master di secondo livello all\u2019ateneo romano di Tor Vergata in Teoria, metodologie e percorsi della lingua e della cultura italiana per gli studenti stranieri.<\/p>\n","protected":false},"excerpt":{"rendered":"Milano \u2013\u00a0Il primo ad allarmarsi \u00e8 stato l\u2019ex compagno: non stavano pi\u00f9 insieme da circa quindici anni, ma&hellip;\n","protected":false},"author":3,"featured_media":538178,"comment_status":"","ping_status":"","sticky":false,"template":"","format":"standard","meta":{"footnotes":"","_share_on_mastodon":"0"},"categories":[6],"tags":[4158,33,14,2446,5299,296695,8,7809,12472,1537,90,89,7,15,82,9,83,10,696,1466,13,11082,2199,11,80,84,12,81,85,86],"class_list":["post-538177","post","type-post","status-publish","format-standard","has-post-thumbnail","category-ultime-notizie","tag-app","tag-appuntamento","tag-cronaca","tag-delitto","tag-finito","tag-fiorista","tag-headlines","tag-incontri","tag-interprete","tag-it","tag-italia","tag-italy","tag-news","tag-notizie","tag-notizie-di-cronaca","tag-notizie-principali","tag-notiziedicronaca","tag-notizieprincipali","tag-pista","tag-sangue","tag-titoli","tag-traccia","tag-ultima","tag-ultime-notizie","tag-ultime-notizie-di-cronaca","tag-ultime-notizie-e-news-di-oggi","tag-ultimenotizie","tag-ultimenotiziedicronaca","tag-ultimenotizieenewsdioggi","tag-vip"],"share_on_mastodon":{"url":"","error":"Validation failed: Text character limit of 500 exceeded"},"_links":{"self":[{"href":"https:\/\/www.europesays.com\/it\/wp-json\/wp\/v2\/posts\/538177","targetHints":{"allow":["GET"]}}],"collection":[{"href":"https:\/\/www.europesays.com\/it\/wp-json\/wp\/v2\/posts"}],"about":[{"href":"https:\/\/www.europesays.com\/it\/wp-json\/wp\/v2\/types\/post"}],"author":[{"embeddable":true,"href":"https:\/\/www.europesays.com\/it\/wp-json\/wp\/v2\/users\/3"}],"replies":[{"embeddable":true,"href":"https:\/\/www.europesays.com\/it\/wp-json\/wp\/v2\/comments?post=538177"}],"version-history":[{"count":0,"href":"https:\/\/www.europesays.com\/it\/wp-json\/wp\/v2\/posts\/538177\/revisions"}],"wp:featuredmedia":[{"embeddable":true,"href":"https:\/\/www.europesays.com\/it\/wp-json\/wp\/v2\/media\/538178"}],"wp:attachment":[{"href":"https:\/\/www.europesays.com\/it\/wp-json\/wp\/v2\/media?parent=538177"}],"wp:term":[{"taxonomy":"category","embeddable":true,"href":"https:\/\/www.europesays.com\/it\/wp-json\/wp\/v2\/categories?post=538177"},{"taxonomy":"post_tag","embeddable":true,"href":"https:\/\/www.europesays.com\/it\/wp-json\/wp\/v2\/tags?post=538177"}],"curies":[{"name":"wp","href":"https:\/\/api.w.org\/{rel}","templated":true}]}}