{"id":538431,"date":"2026-06-14T09:19:27","date_gmt":"2026-06-14T09:19:27","guid":{"rendered":"https:\/\/www.europesays.com\/it\/538431\/"},"modified":"2026-06-14T09:19:27","modified_gmt":"2026-06-14T09:19:27","slug":"giovannino-antonini-e-andato-di-la","status":"publish","type":"post","link":"https:\/\/www.europesays.com\/it\/538431\/","title":{"rendered":"Giovannino Antonini \u00e8 andato di l\u00e0"},"content":{"rendered":"<p class=\"sottotitolo\">Lo storico Presidente della Banca Popolare e poi della Credito e Servizi si \u00e8 spento questa notte. La citt\u00e0 perde l&#8217;ultimo dei suoi personaggi, Spoletonline un amico sincero. I funerali luned\u00ec 15 giugno alle ore 16.30 presso la Chiesa di San Sabino <\/p>\n<p>\u00a0<\/p>\n<p>\t\t\t\t\t\t\t\t<a href=\"https:\/\/www.spoletonline.com\/adv-1572-INGIEnergia\" target=\"_blank\" rel=\"nofollow noopener\"><br \/>\n                                    <img decoding=\"async\" class=\"desk\" title=\"INGI Energia\" alt=\"INGI Energia\" src=\"https:\/\/www.europesays.com\/it\/wp-content\/uploads\/2026\/06\/1572_BannerINGI670x100.jpg\"\/><br \/>\n                                    <img decoding=\"async\" class=\"phone\" title=\"INGI Energia\" alt=\"INGI Energia\" src=\"https:\/\/www.europesays.com\/it\/wp-content\/uploads\/2026\/06\/1572_phone_BannerINGI670x100.jpg\"\/><\/a><\/p>\n<p>\t\t\t\t\t\t\t\t<a href=\"https:\/\/www.spoletonline.com\/adv-1475-StudioDentisticoMari\" target=\"_blank\" rel=\"nofollow noopener\"><br \/>\n                                    <img decoding=\"async\" class=\"desk\" title=\"Studio Dentistico Mari\" alt=\"Studio Dentistico Mari\" src=\"https:\/\/www.europesays.com\/it\/wp-content\/uploads\/2025\/09\/1475_MariBanner2.jpg\"\/><br \/>\n                                    <img decoding=\"async\" class=\"phone\" title=\"Studio Dentistico Mari\" alt=\"Studio Dentistico Mari\" src=\"https:\/\/www.europesays.com\/it\/wp-content\/uploads\/2025\/09\/1475_phone_MariBanner2.jpg\"\/><\/a><\/p>\n<p>Giovannino Antonini se n\u2019\u00e8 andato. \u201cIl Presidente\u201d, l\u2019uomo che per anni ha guidato la Banca Popolare di Spoleto e la Spoleto Credito e Servizi, \u00e8 venuto a mancare questa notte per un malore. A darne notizia \u00e8 la famiglia, con un post sui social: \u201cEra riuscito a creare del bene per tutti\u201d. \u201cQuesta \u00e8 la pi\u00f9 brutta notizia che abbia mai scritto\u201d, scrive il figlio minore Francesco taggando i profili del padre. \u201cQuesta notte \u00e8 venuto a mancare mio pap\u00e0, una persona che ha dedicato tutta la vita alla famiglia e a mezza Italia. Sono senza parole. L&#8217;amato PRESIDENTE ci ha lasciato\u201d. Avrebbe compiuto 74 anni il prossimo 12 luglio.<\/p>\n<p>&#13;<\/p>\n<p>Sin dalle prime ore dell\u2019alba si stanno moltiplicando i messaggi di cordoglio da parte di quanti lo avevano conosciuto, e che con lui avevano condiviso idee, progetti, affari o semplicemente un pranzo insieme o un\u2019uscita fuori porta.<\/p>\n<p>&#13;<\/p>\n<p>I funerali si terranno domani, luned\u00ec 15 giugno, alle ore 16.30 presso la Chiesa di San Sabino.<\/p>\n<p>&#13;<\/p>\n<p>Grande amico del fondatore di Spoletonline, Leopoldo Corinti, protagonista degli anni Duemila alla guida della Banca Popolare di Spoleto e negli anni Duemiladieci con la Spoleto Credito e Servizi, Antonini era caduto nel dimenticatoio dopo il commissariamento di Bankitalia, che ha portato all\u2019acquisizione dell\u2019ormai ex istituto di credito spoletino da parte di Banco Desio e Brianza.<\/p>\n<p>&#13;<\/p>\n<p>Indimenticabili gli anni di lotte con la cordata che faceva capo al compianto sindaco di Spoleto Fabrizio Cardarelli, scomparso a dicembre del 2017, e poi le epiche assemblee dei soci all\u2019hotel Albornoz, alle quali partecipava mezza Italia con centinaia &#8211; e in alcuni casi migliaia &#8211; di soci a sostenerne le posizioni.<\/p>\n<p>&#13;<\/p>\n<p>Ora giungeranno \u2013 o forse no \u2013 i messaggi di cordoglio ufficiali, i discorsi e le belle parole, tipiche di quando se ne va un personaggio scomodo: in questo Paese basta morire per divenire immediatamente il pi\u00f9 buono, il pi\u00f9 bello e il pi\u00f9 amato da tutti.<\/p>\n<p>&#13;<\/p>\n<p>Giovannino Antonini non era il pi\u00f9 bello n\u00e9 il pi\u00f9 amato: era una persona buona, certamente \u2013 in passato \u2013 stimata, temuta e soprattutto invidiata da tanti: politici che a lui devono ogni loro fortuna, imprenditori che senza di lui non sarebbero mai partiti, faccendieri che lo hanno sfruttato e poi abbandonato, lacch\u00e8 che lo hanno servito e poi tradito, e che ovviamente gli sono sopravvissuti. Poi s\u00ec, anche qualche amico vero\u2026 Ma molto pochi, in realt\u00e0.<\/p>\n<p>&#13;<\/p>\n<p>Quel che \u00e8 certo \u00e8 il fatto che stanotte ci ha lasciato uno dei pochi personaggi pubblici che hanno sempre avuto una e una sola parola per qualsiasi questione, senza mai smentirla. L\u2019ultimo dei coerenti, verrebbe da dire. Il che \u00e8 un qualcosa pi\u00f9 unico che raro in certi ambienti, in cui la doppiezza del linguaggio \u00e8 una caratteristica di serie.<\/p>\n<p>&#13;<\/p>\n<p>\u00a0<\/p>\n<p>&#13;<\/p>\n<p>Infine, un mio pensiero personale per Giovannino Antonini: ero andato a trovarlo a pranzo proprio qualche giorno fa, trovandolo discretamente in forma. Di lui posso dire che, pur provenendo da posizioni politico-culturali profondamente differenti, mi ha sempre dato il massimo del rispetto sia come persona sia nel ruolo che negli anni ho ricoperto, ricevendo da me la stessa stima e il medesimo riconoscimento. Sempre. Anche durante i confronti pi\u00f9 accesi e intensi.<\/p>\n<p>&#13;<\/p>\n<p>Ha aiutato migliaia di famiglie spoletine, della Valnerina e di tante parti d\u2019Italia durante la sua lunga gestione, prima che i poteri forti mettessero gli occhi sulla Popolare. \u201cNon fare del bene se non hai la forza di sopportare l\u2019ingratitudine\u201d, amava ripetere citando probabilmente Confucio. Direi che \u00e8 questo l\u2019insegnamento pi\u00f9 grande che mi lascia, andandosene via cos\u00ec, d\u2019improvviso, ora che sembrava pronto a godersi un po\u2019 di riposo.<\/p>\n<p>&#13;<\/p>\n<p>La terra ti sia lieve, caro Giovannino.<\/p>\n<p class=\"categoria\" style=\"color: black; text-align: center\">Fai una donazione a Spoletonline per aiutare il nostro progetto<\/p>\n<p><\/p>\n","protected":false},"excerpt":{"rendered":"Lo storico Presidente della Banca Popolare e poi della Credito e Servizi si \u00e8 spento questa notte. La&hellip;\n","protected":false},"author":3,"featured_media":538432,"comment_status":"","ping_status":"","sticky":false,"template":"","format":"standard","meta":{"footnotes":"","_share_on_mastodon":"0"},"categories":[172],"tags":[178,52278,177,34042,52270,52273,52275,52282,52274,4820,1537,90,89,52279,7,52272,52281,4056,980,9601,52276,52269,52277,52280,28253,52271],"class_list":["post-538431","post","type-post","status-publish","format-standard","has-post-thumbnail","category-affari","tag-affari","tag-arte-a-spoleto","tag-business","tag-cascia","tag-cronaca-di-spoleto","tag-festival-dei-due-mondi","tag-francis-menotti","tag-galleria-civica-d","tag-giancarlo-menotti","tag-giornale","tag-it","tag-italia","tag-italy","tag-musica-a-spoleto","tag-news","tag-norcia","tag-notizie-di-spoleto","tag-perugia","tag-quotidiano","tag-spoleto","tag-spoleto-festival","tag-spoleto-online","tag-teatro-a-spoleto","tag-teatro-lirico-sperimentale-di-spoleto","tag-umbria","tag-valnerina"],"share_on_mastodon":{"url":"https:\/\/pubeurope.com\/@it\/116747722735979301","error":""},"_links":{"self":[{"href":"https:\/\/www.europesays.com\/it\/wp-json\/wp\/v2\/posts\/538431","targetHints":{"allow":["GET"]}}],"collection":[{"href":"https:\/\/www.europesays.com\/it\/wp-json\/wp\/v2\/posts"}],"about":[{"href":"https:\/\/www.europesays.com\/it\/wp-json\/wp\/v2\/types\/post"}],"author":[{"embeddable":true,"href":"https:\/\/www.europesays.com\/it\/wp-json\/wp\/v2\/users\/3"}],"replies":[{"embeddable":true,"href":"https:\/\/www.europesays.com\/it\/wp-json\/wp\/v2\/comments?post=538431"}],"version-history":[{"count":0,"href":"https:\/\/www.europesays.com\/it\/wp-json\/wp\/v2\/posts\/538431\/revisions"}],"wp:featuredmedia":[{"embeddable":true,"href":"https:\/\/www.europesays.com\/it\/wp-json\/wp\/v2\/media\/538432"}],"wp:attachment":[{"href":"https:\/\/www.europesays.com\/it\/wp-json\/wp\/v2\/media?parent=538431"}],"wp:term":[{"taxonomy":"category","embeddable":true,"href":"https:\/\/www.europesays.com\/it\/wp-json\/wp\/v2\/categories?post=538431"},{"taxonomy":"post_tag","embeddable":true,"href":"https:\/\/www.europesays.com\/it\/wp-json\/wp\/v2\/tags?post=538431"}],"curies":[{"name":"wp","href":"https:\/\/api.w.org\/{rel}","templated":true}]}}