{"id":538783,"date":"2026-06-14T14:33:17","date_gmt":"2026-06-14T14:33:17","guid":{"rendered":"https:\/\/www.europesays.com\/it\/538783\/"},"modified":"2026-06-14T14:33:17","modified_gmt":"2026-06-14T14:33:17","slug":"luisa-ranieri-non-volevo-lavorare-con-luca-zingaretti-perche-non-mi-andava-di-essere-definita-la-moglie-di-quando-non-mi-sono-piu-sentita-minacciata-da-questa-etichetta-e-ve","status":"publish","type":"post","link":"https:\/\/www.europesays.com\/it\/538783\/","title":{"rendered":"Luisa Ranieri: \u00abNon volevo lavorare con Luca Zingaretti perch\u00e9 non mi andava di essere definita \u201cla moglie di\u201d: quando non mi sono pi\u00f9 sentita minacciata da questa etichetta, \u00e8 venuto naturale. L&#8217;educazione sessuale dei figli \u00e8 importante, ma noi genitori non possiamo entrare in una sfera troppo intima con loro\u00bb"},"content":{"rendered":"<p>Da qui un invito, <a href=\"https:\/\/www.vanityfair.it\/article\/luisa-ranieri-intervista-marito-figlie-sorrentino-successo\" target=\"_blank\" rel=\"nofollow noopener\">da parte di Luisa Ranieri<\/a>, rivolto probabilmente anche a s\u00e9 stessa: \u00abQuindi, secondo me, <strong>oggi noi genitori non possiamo entrare in una sfera che \u00e8 troppo intima dei figli.<\/strong> L\u2019educazione sessuale \u00e8 importante. Secondo me si devono cercare le cose e invece che andare su Internet \u00e8 molto pi\u00f9 sano parlare scientificamente di quello che accade tra due persone. <strong>Mia figlia grande l\u2019ha fatto a scuola, non mi sono opposta, penso che sia giusto che loro crescano con i loro strumenti\u00bb.<\/strong><\/p>\n<p><img decoding=\"async\" alt=\"Roma Cinema Fest 2025 serata 7  Red carpet film La Preside. Nella foto Luca Zingaretti Luisa Ranieri\" loading=\"lazy\" class=\"ResponsiveImageContainer-dkeESL cQPiWi responsive-image__image\"   src=\"https:\/\/www.europesays.com\/it\/wp-content\/uploads\/2026\/06\/IPA_Agency_IPA66922776.jpg\"\/><\/p>\n<p>Roma Cinema Fest 2025, serata 7 &#8211; Red carpet film &#8220;La Preside&#8221;. Nella foto: Luca Zingaretti, Luisa RanieriMarco Provvisionato \/ ipa-agency.net<\/p>\n<p>Luisa Ranieri, poi, aggiunge: \u00abSono favorevole all\u2019<strong>educazione sessuo-affettiva nelle scuole<\/strong>, \u00e8 molto pi\u00f9 sano parlarne scientificamente che formarsi su telefonini e siti porno. E la vera rivoluzione sarebbe coinvolgere gli uomini in questo processo di cambiamento culturale\u00bb. Infine, <a href=\"https:\/\/www.vanityfair.it\/article\/luisa-ranieri-intervista-marito-figlie-sorrentino-successo\" target=\"_blank\" rel=\"nofollow noopener\">una considerazione sul lavorare insieme a suo marito <strong>Luca Zingaretti<\/strong><\/a>: \u00abAll\u2019inizio non volevo perch\u00e9 lui era molto pi\u00f9 famoso di me e non mi andava di essere definita come la moglie di Zingaretti. Poi, quando non mi sono pi\u00f9 sentita minacciata da questa etichetta, condividere il lavoro, stare insieme, pensare assieme alle storie \u00e8 venuto naturale\u00bb.<\/p>\n","protected":false},"excerpt":{"rendered":"Da qui un invito, da parte di Luisa Ranieri, rivolto probabilmente anche a s\u00e9 stessa: \u00abQuindi, secondo me,&hellip;\n","protected":false},"author":3,"featured_media":538784,"comment_status":"","ping_status":"","sticky":false,"template":"","format":"standard","meta":{"footnotes":"","_share_on_mastodon":"0"},"categories":[1451],"tags":[1621,1620,203,2799,204,1537,90,89,38718,37324],"class_list":["post-538783","post","type-post","status-publish","format-standard","has-post-thumbnail","category-celebrita","tag-celebrita","tag-celebrities","tag-entertainment","tag-gossip","tag-intrattenimento","tag-it","tag-italia","tag-italy","tag-luca-zingaretti","tag-luisa-ranieri"],"share_on_mastodon":{"url":"https:\/\/pubeurope.com\/@it\/116748958486239926","error":""},"_links":{"self":[{"href":"https:\/\/www.europesays.com\/it\/wp-json\/wp\/v2\/posts\/538783","targetHints":{"allow":["GET"]}}],"collection":[{"href":"https:\/\/www.europesays.com\/it\/wp-json\/wp\/v2\/posts"}],"about":[{"href":"https:\/\/www.europesays.com\/it\/wp-json\/wp\/v2\/types\/post"}],"author":[{"embeddable":true,"href":"https:\/\/www.europesays.com\/it\/wp-json\/wp\/v2\/users\/3"}],"replies":[{"embeddable":true,"href":"https:\/\/www.europesays.com\/it\/wp-json\/wp\/v2\/comments?post=538783"}],"version-history":[{"count":0,"href":"https:\/\/www.europesays.com\/it\/wp-json\/wp\/v2\/posts\/538783\/revisions"}],"wp:featuredmedia":[{"embeddable":true,"href":"https:\/\/www.europesays.com\/it\/wp-json\/wp\/v2\/media\/538784"}],"wp:attachment":[{"href":"https:\/\/www.europesays.com\/it\/wp-json\/wp\/v2\/media?parent=538783"}],"wp:term":[{"taxonomy":"category","embeddable":true,"href":"https:\/\/www.europesays.com\/it\/wp-json\/wp\/v2\/categories?post=538783"},{"taxonomy":"post_tag","embeddable":true,"href":"https:\/\/www.europesays.com\/it\/wp-json\/wp\/v2\/tags?post=538783"}],"curies":[{"name":"wp","href":"https:\/\/api.w.org\/{rel}","templated":true}]}}