{"id":538811,"date":"2026-06-14T14:59:15","date_gmt":"2026-06-14T14:59:15","guid":{"rendered":"https:\/\/www.europesays.com\/it\/538811\/"},"modified":"2026-06-14T14:59:15","modified_gmt":"2026-06-14T14:59:15","slug":"ma-vlahovic-puo-davvero-restare-alla-juventus-perche-una-permanenza-rimane-difficile-anche-dopo-laddio-di-comolli","status":"publish","type":"post","link":"https:\/\/www.europesays.com\/it\/538811\/","title":{"rendered":"Ma Vlahovic pu\u00f2 davvero restare alla Juventus? Perch\u00e9 una permanenza rimane difficile anche dopo l&#8217;addio di Comolli"},"content":{"rendered":"<p>Ecco: se mai dovesse riaprirsi uno spiraglio nel corso delle prossime settimane, il che nel folle mondo del mercato non \u00e8 mai uno scenario da scartare, ci\u00f2 potrebbe avvenire in virt\u00f9 di un&#8217;altra considerazione.<\/p>\n<p>Quale? <b><strong>L&#8217;interesse tiepido delle altre squadre nei confronti di Vlahovic<\/strong><\/b>. A partire dal Milan, dove non allena pi\u00f9 Massimiliano Allegri e che, proprio come la Juventus, non potr\u00e0 permettersi di pagare un super ingaggio a un singolo calciatore dopo aver bucato la qualificazione alla Champions League.<\/p>\n<p>In Europa il discorso \u00e8 leggermente diverso, ma si resta sulla stessa lunghezza d&#8217;onda. Nel senso che nessun club ha fin qui dimostrato questo grande interesse nei confronti di Vlahovic, nonostante la possibilit\u00e0 di portarsi a casa un parametro zero. N\u00e9 in Spagna, n\u00e9 in Inghilterra, n\u00e9 in Germania.<\/p>\n<p>Se l&#8217;ex viola non ricever\u00e0 una proposta considerata adeguata in breve termine, con il rischio di non partecipare a un&#8217;adeguata preparazione estiva, ecco che la pista Juventus potrebbe riaprirsi. Ma, appunto, siamo nel campo di tutti i &#8220;se&#8221; possibili e immaginabili. E servir\u00e0 un passo indietro da parte del calciatore.<\/p>\n","protected":false},"excerpt":{"rendered":"Ecco: se mai dovesse riaprirsi uno spiraglio nel corso delle prossime settimane, il che nel folle mondo del&hellip;\n","protected":false},"author":3,"featured_media":538812,"comment_status":"","ping_status":"","sticky":false,"template":"","format":"standard","meta":{"footnotes":"","_share_on_mastodon":"0"},"categories":[1452],"tags":[721,353,4330,1740,1537,90,89,558,251,1739,245,244,355],"class_list":["post-538811","post","type-post","status-publish","format-standard","has-post-thumbnail","category-calcio","tag-calcio","tag-calciomercato","tag-d-vlahovic","tag-football","tag-it","tag-italia","tag-italy","tag-juventus","tag-serie-a","tag-soccer","tag-sport","tag-sports","tag-transfers"],"share_on_mastodon":{"url":"https:\/\/pubeurope.com\/@it\/116749059199027574","error":""},"_links":{"self":[{"href":"https:\/\/www.europesays.com\/it\/wp-json\/wp\/v2\/posts\/538811","targetHints":{"allow":["GET"]}}],"collection":[{"href":"https:\/\/www.europesays.com\/it\/wp-json\/wp\/v2\/posts"}],"about":[{"href":"https:\/\/www.europesays.com\/it\/wp-json\/wp\/v2\/types\/post"}],"author":[{"embeddable":true,"href":"https:\/\/www.europesays.com\/it\/wp-json\/wp\/v2\/users\/3"}],"replies":[{"embeddable":true,"href":"https:\/\/www.europesays.com\/it\/wp-json\/wp\/v2\/comments?post=538811"}],"version-history":[{"count":0,"href":"https:\/\/www.europesays.com\/it\/wp-json\/wp\/v2\/posts\/538811\/revisions"}],"wp:featuredmedia":[{"embeddable":true,"href":"https:\/\/www.europesays.com\/it\/wp-json\/wp\/v2\/media\/538812"}],"wp:attachment":[{"href":"https:\/\/www.europesays.com\/it\/wp-json\/wp\/v2\/media?parent=538811"}],"wp:term":[{"taxonomy":"category","embeddable":true,"href":"https:\/\/www.europesays.com\/it\/wp-json\/wp\/v2\/categories?post=538811"},{"taxonomy":"post_tag","embeddable":true,"href":"https:\/\/www.europesays.com\/it\/wp-json\/wp\/v2\/tags?post=538811"}],"curies":[{"name":"wp","href":"https:\/\/api.w.org\/{rel}","templated":true}]}}