{"id":538894,"date":"2026-06-14T16:06:12","date_gmt":"2026-06-14T16:06:12","guid":{"rendered":"https:\/\/www.europesays.com\/it\/538894\/"},"modified":"2026-06-14T16:06:12","modified_gmt":"2026-06-14T16:06:12","slug":"muore-imprenditore-travolto-da-un-albero-disperati-soccorsi-scattano-le-indagini","status":"publish","type":"post","link":"https:\/\/www.europesays.com\/it\/538894\/","title":{"rendered":"Muore imprenditore\u00a0travolto da un albero: disperati soccorsi. Scattano le indagini"},"content":{"rendered":"<p>Camaiore, 14 giugno 2026 \u2013\u00a0Stava tagliando un albero quando, per cause in corso di accertamento, sembra che il tronco gli sia caduto addosso. Tragedia nei boschi di <strong>Orbicciano<\/strong> nella serata di sabato, sul versante versiliese delle colline lucchesi, tra i territori di Camaiore, dove si \u00e8 verificato l\u2019incidente e la strada provinciale di Monsagrati, nel Comune di Pescaglia, proprio sul confine tra Versilia e Lucchesia. La vittima \u00e8 <strong>Fabio Carmazzi<\/strong>, 62 anni di Pescaglia, molto conosciuto in paese poich\u00e9 era un imprenditore apprezzato, titolare di una impresa di autotrasporti.<\/p>\n<p>Approfondisci:<\/p>\n<p><a href=\"https:\/\/www.lanazione.it\/cronaca\/nicolo-guazzelli-hta6biel\" class=\"ArticleEmbed_article__embed__content__Jzqnz\" rel=\"nofollow noopener\" target=\"_blank\">Amici morti all\u2019Elba, Nicol\u00f2 e il sogno del lavoro. Era stato assunto da poco dopo le stagioni al mare<img alt=\"Amici morti all\u2019Elba, Nicol\u00f2 e il sogno del lavoro. Era stato assunto da poco dopo le stagioni al mare\" loading=\"lazy\" width=\"140\" height=\"78\" decoding=\"async\" data-nimg=\"1\" style=\"color:transparent\"  src=\"https:\/\/www.europesays.com\/it\/wp-content\/uploads\/2026\/06\/1781453171_460_nicolo-guazzelli-23-anni.webp\"\/><\/a><br \/>\nI soccorsi <\/p>\n<p>Sabato 13 giugno, verso sera, si era recato in una sua propriet\u00e0 <strong>per tagliare una grossa pianta<\/strong>. Aveva preparato tutto. Ha cominciato l\u2019operazione. Ma qualcosa deve essere andato storto. L\u2019albero \u00e8 caduto e lo ha travolto. In ogni caso dovranno svolgersi tutti gli accertamenti e le verifiche del caso sulla dinamica.<\/p>\n<p> <img alt=\"ewf\" loading=\"lazy\" width=\"1600\" height=\"900\" decoding=\"async\" data-nimg=\"1\" style=\"color:transparent;max-width:100%;height:auto\"   src=\"https:\/\/www.europesays.com\/it\/wp-content\/uploads\/2026\/06\/1781453172_479_ewf.webp\"\/><\/p>\n<p>Delle indagini per la morte dell&#8217;imprenditore travolto da un albero si occupano i carabinieri<\/p>\n<p>Sul posto sono intervenuti <strong>gli operatori dell\u2019automedica<\/strong> e della Misericordia di Lucca, ma per l\u2019uomo non c\u2019\u00e8 stato niente da fare: nonostante gli sforzi dei sanitari e il medico non ha potuto far altro che constatare il decesso.<\/p>\n<p>Approfondisci:<\/p>\n<p><a href=\"https:\/\/www.lanazione.it\/cronaca\/gabriele-seragini-yfkggies\" class=\"ArticleEmbed_article__embed__content__Jzqnz\" rel=\"nofollow noopener\" target=\"_blank\">Gabriele morto a 23 anni, un giovane sensibile. \u201cDopo la scomparsa della mamma aveva finalmente trovato equilibrio\u201d<img alt=\"Gabriele morto a 23 anni, un giovane sensibile. \u201cDopo la scomparsa della mamma aveva finalmente trovato equilibrio\u201d\" loading=\"lazy\" width=\"140\" height=\"78\" decoding=\"async\" data-nimg=\"1\" style=\"color:transparent\"  src=\"https:\/\/www.europesays.com\/it\/wp-content\/uploads\/2026\/06\/gabriele-seragini-era-anche-un-abile-pugile-si-allenava-nella-palestra-della-boxe-stiava-nella-sede-.webp\"\/><\/a><br \/>\nLe indagini <\/p>\n<p>Sono arrivati anche i vigili del fuoco, che hanno liberato il corpo. Dell\u2019indagine si stanno occupando i Carabinieri. La salma \u00e8 stata trasferita all\u2019obitorio del <strong>Campo di Marte<\/strong> a disposizione dell\u2019autorit\u00e0 giudiziaria. Nelle prossime ore si sapr\u00e0 se verr\u00e0 eseguita l\u2019autopsia o l\u2019esame esterno del cadavere. Carmazzi, tra l\u2019altro, si era presentato alle ultime elezioni amministrative del Comune di Pescaglia, candidandosi per la lista <strong>\u00abPrima Pescaglia<\/strong>\u00bb. Il sindaco, Andrea Bonfanti, da noi interpellato telefonicamente, ha ribadito quanto scritto sui social. \u00abLa scomparsa di Carmazzi ha sconvolto<strong> tutta la comunit\u00e0 di Monsagrati<\/strong> e tutto il nostro Comune che si unisce al dolore della famiglia in questo momento di grande difficolt\u00e0. A loro vanno anche le mie condoglianze\u00bb. Cos\u00ec il primo cittadino. La notizia della tragedia si \u00e8 diffusa con notevole rapidit\u00e0 gi\u00e0 nella mattina di domenica in tutta la comunit\u00e0. Cordoglio per la perdita di una persona conosciuta, sia per la sua attivit\u00e0 imprenditoriale, sia perch\u00e9 nei piccoli paesi ci si conosce praticamente tutti. L\u2019ultima tragedia simile si \u00e8 verificata a fine 2024 quando un operaio di 48 anni dipendente di una ditta di Guamo, mor\u00ec schiacciato da una pesante catasta di pioppi.\u00a0<\/p>\n","protected":false},"excerpt":{"rendered":"Camaiore, 14 giugno 2026 \u2013\u00a0Stava tagliando un albero quando, per cause in corso di accertamento, sembra che il&hellip;\n","protected":false},"author":3,"featured_media":538895,"comment_status":"","ping_status":"","sticky":false,"template":"","format":"standard","meta":{"footnotes":"","_share_on_mastodon":"0"},"categories":[79],"tags":[10066,14,93,94,69946,5560,486,1537,90,89,13293,7,15,170445,9289,43101,11,84,91,12,85,92],"class_list":["post-538894","post","type-post","status-publish","format-standard","has-post-thumbnail","category-italia","tag-albero","tag-cronaca","tag-cronaca-italiana","tag-cronacaitaliana","tag-disperati","tag-imprenditore","tag-indagini","tag-it","tag-italia","tag-italy","tag-muore","tag-news","tag-notizie","tag-scattano","tag-soccorsi","tag-travolto","tag-ultime-notizie","tag-ultime-notizie-e-news-di-oggi","tag-ultime-notizie-italia","tag-ultimenotizie","tag-ultimenotizieenewsdioggi","tag-ultimenotizieitalia"],"share_on_mastodon":{"url":"https:\/\/pubeurope.com\/@it\/116749323422388920","error":""},"_links":{"self":[{"href":"https:\/\/www.europesays.com\/it\/wp-json\/wp\/v2\/posts\/538894","targetHints":{"allow":["GET"]}}],"collection":[{"href":"https:\/\/www.europesays.com\/it\/wp-json\/wp\/v2\/posts"}],"about":[{"href":"https:\/\/www.europesays.com\/it\/wp-json\/wp\/v2\/types\/post"}],"author":[{"embeddable":true,"href":"https:\/\/www.europesays.com\/it\/wp-json\/wp\/v2\/users\/3"}],"replies":[{"embeddable":true,"href":"https:\/\/www.europesays.com\/it\/wp-json\/wp\/v2\/comments?post=538894"}],"version-history":[{"count":0,"href":"https:\/\/www.europesays.com\/it\/wp-json\/wp\/v2\/posts\/538894\/revisions"}],"wp:featuredmedia":[{"embeddable":true,"href":"https:\/\/www.europesays.com\/it\/wp-json\/wp\/v2\/media\/538895"}],"wp:attachment":[{"href":"https:\/\/www.europesays.com\/it\/wp-json\/wp\/v2\/media?parent=538894"}],"wp:term":[{"taxonomy":"category","embeddable":true,"href":"https:\/\/www.europesays.com\/it\/wp-json\/wp\/v2\/categories?post=538894"},{"taxonomy":"post_tag","embeddable":true,"href":"https:\/\/www.europesays.com\/it\/wp-json\/wp\/v2\/tags?post=538894"}],"curies":[{"name":"wp","href":"https:\/\/api.w.org\/{rel}","templated":true}]}}