{"id":538956,"date":"2026-06-14T17:01:14","date_gmt":"2026-06-14T17:01:14","guid":{"rendered":"https:\/\/www.europesays.com\/it\/538956\/"},"modified":"2026-06-14T17:01:14","modified_gmt":"2026-06-14T17:01:14","slug":"malore-in-mare-morta-bambina-di-7-anni-i-drammatici-tentativi-di-soccorso-in-spiaggia","status":"publish","type":"post","link":"https:\/\/www.europesays.com\/it\/538956\/","title":{"rendered":"Malore in mare, morta bambina di 7 anni: i drammatici tentativi di soccorso in spiaggia"},"content":{"rendered":"<p>&#13;<br \/>\n                               &#13;<br \/>\n                                                &#13;<br \/>\n                &#13;<\/p>\n<p>Una <strong><a href=\"https:\/\/www.leggo.it\/t\/bambina-\" rel=\"nofollow noopener\" target=\"_blank\">bambina <\/a><\/strong>di 7 anni, originaria di Ravanusa (Agrigento), \u00e8 <strong><a href=\"https:\/\/www.leggo.it\/t\/morta\" rel=\"nofollow noopener\" target=\"_blank\">morta<\/a><\/strong>\u00a0nel primo pomeriggio di domenica 14 giugno dopo aver accusato un malore mentre si trovava al mare in localit\u00e0 Marianello a <a href=\"https:\/\/www.leggo.it\/t\/licata\" rel=\"nofollow noopener\" target=\"_blank\">Licata<\/a>.<\/p>\n<p>&#13;<br \/>\n&#13;<\/p>\n<p>Nonostante l&#8217;intervento dell&#8217;elisoccorso del 118, la piccola \u00e8 morta mentre era in fase di trasferimento all&#8217;ospedale Sant&#8217;Elia di Caltanissetta.\u00a0<\/p>\n<p>&#13;<br \/>\n&#13;<br \/>\n&#13;<br \/>\n&#13;<br \/>\n&#13;<br \/>\n&#13;<br \/>\n&#13;<br \/>\n&#13;<br \/>\nCosa \u00e8 successo&#13;<br \/>\n&#13;<\/p>\n<p>E&#8217; morta per un improvviso<strong> <a href=\"https:\/\/www.leggo.it\/t\/arresto-cardiaco\" rel=\"nofollow noopener\" target=\"_blank\">arresto cardiaco<\/a><\/strong>, mentre si trovava sulla spiaggia di Marianello a Licata (Agrigento), la bambina di 7 anni di Ravanusa che aveva gi\u00e0 dei problemi di salute. Quando i sanitari dell&#8217;elisoccorso del 118 sono arrivati sulla banchina non hanno potuto far altro che accertare il decesso. La salma \u00e8 rimasta a Licata dove \u00e8 stata gi\u00e0 trasferita all&#8217;obitorio dell&#8217;ospedale San Giacomo d&#8217;Altopasso. \u00abHo appena saputo della tragedia &#8211; ha detto il <strong>sindaco di Licata, Angelo Balsamo<\/strong> &#8211; . Sto rientrando a Licata e andr\u00f2 a rendere omaggio alla piccina che \u00e8 spirata su uno dei nostri arenili. Una tragedia, una grandissima tragedia\u00bb.<\/p>\n<p>                                &#13;<br \/>\n                &#13;<br \/>\n&#13;<br \/>\n                Ultimo aggiornamento: domenica 14 giugno 2026, 18:48&#13;<br \/>\n                <br \/>&#13;<br \/>\n                &#13;<br \/>\n                  &#13;<br \/>\n                    &#13;<br \/>\n                        \u00a9 RIPRODUZIONE RISERVATA&#13;<\/p>\n<p>&#13;<\/p>\n<p>                    &#13;<\/p>\n","protected":false},"excerpt":{"rendered":"&#13; &#13; &#13; &#13; Una bambina di 7 anni, originaria di Ravanusa (Agrigento), \u00e8 morta\u00a0nel primo pomeriggio di&hellip;\n","protected":false},"author":3,"featured_media":538957,"comment_status":"","ping_status":"","sticky":false,"template":"","format":"standard","meta":{"footnotes":"","_share_on_mastodon":"0"},"categories":[79],"tags":[2766,14,93,94,1537,90,89,20615,2050,3600,7,15,11,84,91,12,85,92],"class_list":["post-538956","post","type-post","status-publish","format-standard","has-post-thumbnail","category-italia","tag-bambina","tag-cronaca","tag-cronaca-italiana","tag-cronacaitaliana","tag-it","tag-italia","tag-italy","tag-licata","tag-mare","tag-morta","tag-news","tag-notizie","tag-ultime-notizie","tag-ultime-notizie-e-news-di-oggi","tag-ultime-notizie-italia","tag-ultimenotizie","tag-ultimenotizieenewsdioggi","tag-ultimenotizieitalia"],"share_on_mastodon":{"url":"https:\/\/pubeurope.com\/@it\/116749538876045448","error":""},"_links":{"self":[{"href":"https:\/\/www.europesays.com\/it\/wp-json\/wp\/v2\/posts\/538956","targetHints":{"allow":["GET"]}}],"collection":[{"href":"https:\/\/www.europesays.com\/it\/wp-json\/wp\/v2\/posts"}],"about":[{"href":"https:\/\/www.europesays.com\/it\/wp-json\/wp\/v2\/types\/post"}],"author":[{"embeddable":true,"href":"https:\/\/www.europesays.com\/it\/wp-json\/wp\/v2\/users\/3"}],"replies":[{"embeddable":true,"href":"https:\/\/www.europesays.com\/it\/wp-json\/wp\/v2\/comments?post=538956"}],"version-history":[{"count":0,"href":"https:\/\/www.europesays.com\/it\/wp-json\/wp\/v2\/posts\/538956\/revisions"}],"wp:featuredmedia":[{"embeddable":true,"href":"https:\/\/www.europesays.com\/it\/wp-json\/wp\/v2\/media\/538957"}],"wp:attachment":[{"href":"https:\/\/www.europesays.com\/it\/wp-json\/wp\/v2\/media?parent=538956"}],"wp:term":[{"taxonomy":"category","embeddable":true,"href":"https:\/\/www.europesays.com\/it\/wp-json\/wp\/v2\/categories?post=538956"},{"taxonomy":"post_tag","embeddable":true,"href":"https:\/\/www.europesays.com\/it\/wp-json\/wp\/v2\/tags?post=538956"}],"curies":[{"name":"wp","href":"https:\/\/api.w.org\/{rel}","templated":true}]}}