{"id":539119,"date":"2026-06-14T19:39:17","date_gmt":"2026-06-14T19:39:17","guid":{"rendered":"https:\/\/www.europesays.com\/it\/539119\/"},"modified":"2026-06-14T19:39:17","modified_gmt":"2026-06-14T19:39:17","slug":"rocco-tanica-non-sta-con-i-pro-pal-come-lo-riduce-il-circolino-rosso","status":"publish","type":"post","link":"https:\/\/www.europesays.com\/it\/539119\/","title":{"rendered":"Rocco Tanica non sta con i pro-Pal, come lo riduce il circolino rosso"},"content":{"rendered":"<p>\u00c8 che qui, nel \u201ccaso Rocco Tanica\u201d, cambiano proprio i punti di riferimento: perch\u00e9 non \u00e8 mica un purista alla Francesco De Gregori, uno mezzo santo e mezzo papa (chi-sono-io-per-giudicare, che tradotto nel linguaggio degli showman di professione esce uno sfogo del tipo: \u00abNon faccio proclami sul palco e provo imbarazzo per chilo fa\u00bb), no no. Il tastierista di Elio e le storie tese, il comico di Lol chi ride \u00e8 fuori (quarta edizione), il Vano Fossati di Zelig circus (indimenticabile), \u00e8 uno che non le manda a dire.<\/p>\n<p>Schietto, diretto, abituato pure a fregarsene delle conseguenze. E s\u00ec, d\u2019accordo, nel mondo dello spettacolo che sempre pi\u00f9 raramente coincide con quello della cultura, alla fine il risultato \u00e8 lo stesso (ossia l\u2019ostracismo lavorativo, il boicottaggio musicale, l\u2019emarginazione punitiva), per\u00f2 un conto \u00e8 l\u2019artista che decide di non decidere, che non prende posizione e rivendica (anche legittimamente) il suo diritto a starsene fuori dalla cloaca modaiola di \u201ccolleghi cantautori eletta schiera\u201d (questo \u00e8 Guccini e non Il Principe, ma vale uguale) che si straccia le vesti per la situazione internazionale, e un altro discorso \u00e8 il musicista da 43mila follower su X che \u00e8 impegnato, impegnatissimo, a smontare le balle che circolano su Israele e il popolo ebraico.<\/p>\n<p><a href=\"https:\/\/www.liberoquotidiano.it\/news\/spettacoli\/46279537\/andrea-pucci-rocco-tanica-umilia-pd-guerra-cag\/\" rel=\"nofollow noopener\" target=\"_blank\">Andrea Pucci, Rocco Tanica umilia il Pd: &#8220;Gara tra cag***&#8221;Il caso Andrea Pucci, un minuto dopo la rinuncia dello stesso a salire sul palco del Festival di Sanremo, \u00e8 diven&#8230;<\/a><\/p>\n<p>Il primo, forse, la sfanga (vabb\u00e8, capirai, \u00e8 anche uno dell\u2019Olimpo chansonnier italiano: chiaro, ai propal non va gi\u00f9, ma-come-proprio-lui-quello-di-Generale?, per\u00f2 alla fine c\u2019\u00e8 l\u2019esegesi, l\u2019interpretazione del pensiero, con-tutto-il-rispetto andiamo oltre), per il secondo \u00e8 la fine. Viene bannato, contestato, massacrato, bandito, allontanato, esiliato, isolato, espulso, cacciato da ogni evento, sbertucciato, criticato, biasimato, censurato (anche se il termine non lo si pu\u00f2 usare), stigmatizzato, pentiti-o-saranno-guai.<\/p>\n<p><a href=\"https:\/\/www.liberoquotidiano.it\/news\/personaggi\/45914434\/francesca-albanese-rocco-tanica-istituto-alberghiero-non-decolla\/\" rel=\"nofollow noopener\" target=\"_blank\">Francesca Albanese irrisa da Rocco Tanica: &#8220;L&#8217;istituto alberghiero non decolla&#8221;Caustico e tagliente, sui social da tempo Rocco Tanica si \u00e8 ritagliato il ruolo di fustigatore del politicamente &#8230;<\/a><\/p>\n<p>Se osa, metti il caso, dire che la special rapporteur dell\u2019Onu Francesca Albanese \u00e8 \u00abuna compagna antisemita che sbaglia\u00bb, viene escluso dalla programmazione del festival Terre Tagliamento di Pordenone. Se sui social continua a commentare le gesta della signora (recentemente intervistata da Sabina Guzzanti), viene richiamato dagli utenti \u00absei proprio un fallito, sionista\u00bb, con tanto di dito medio e faccina da pagliaccio. Se se ne frega (ch\u00e9 il personaggio \u00e8 cos\u00ec, woke a zero e replica a mille) e retweetta i post mal tollerati di J.K. Rowling (scandalo-scandalo) o d\u00e0 dei \u00abmoralisti piagnucoloni e brontoloni\u00bb all\u2019Anpi o fa quello che le femministe hanno smesso di fare (indignarsi per le sorelle afgane che non vedono i talebani come grandi portatori di libert\u00e0), esce definitivamente dai radar di quel settore musicale che una volta era vivo e in fermento e adesso ha un sussulto soltanto quando c\u2019\u00e8 di mezzo Gaza.<\/p>\n<p>Sono i tempi che corrono. Non che Tanica se ne faccia un cruccio, almeno stando alla mole di risposte e opinioni che riserva a internet. Per\u00f2 va cos\u00ec. Dal circo con la keffiah in testa non si salva nessuno. Figuriamoci chi non si fa problemi a raccontare Israele per quello che \u00e8 e a non cedere all\u2019egemonia dominante di chi, col pugno chiuso, strimpella From-the-river-to-the-sea (spesso) senza manco sapere che vuol dire.<\/p>\n","protected":false},"excerpt":{"rendered":"\u00c8 che qui, nel \u201ccaso Rocco Tanica\u201d, cambiano proprio i punti di riferimento: perch\u00e9 non \u00e8 mica un&hellip;\n","protected":false},"author":3,"featured_media":539120,"comment_status":"","ping_status":"","sticky":false,"template":"","format":"standard","meta":{"footnotes":"","_share_on_mastodon":"0"},"categories":[174],"tags":[52073,203,26090,73,204,1537,90,89,27685,67768],"class_list":["post-539119","post","type-post","status-publish","format-standard","has-post-thumbnail","category-intrattenimento","tag-elio-e-le-storie-tese","tag-entertainment","tag-francesca-albanese","tag-gaza","tag-intrattenimento","tag-it","tag-italia","tag-italy","tag-propal","tag-rocco-tanica"],"share_on_mastodon":{"url":"https:\/\/pubeurope.com\/@it\/116750160231479471","error":""},"_links":{"self":[{"href":"https:\/\/www.europesays.com\/it\/wp-json\/wp\/v2\/posts\/539119","targetHints":{"allow":["GET"]}}],"collection":[{"href":"https:\/\/www.europesays.com\/it\/wp-json\/wp\/v2\/posts"}],"about":[{"href":"https:\/\/www.europesays.com\/it\/wp-json\/wp\/v2\/types\/post"}],"author":[{"embeddable":true,"href":"https:\/\/www.europesays.com\/it\/wp-json\/wp\/v2\/users\/3"}],"replies":[{"embeddable":true,"href":"https:\/\/www.europesays.com\/it\/wp-json\/wp\/v2\/comments?post=539119"}],"version-history":[{"count":0,"href":"https:\/\/www.europesays.com\/it\/wp-json\/wp\/v2\/posts\/539119\/revisions"}],"wp:featuredmedia":[{"embeddable":true,"href":"https:\/\/www.europesays.com\/it\/wp-json\/wp\/v2\/media\/539120"}],"wp:attachment":[{"href":"https:\/\/www.europesays.com\/it\/wp-json\/wp\/v2\/media?parent=539119"}],"wp:term":[{"taxonomy":"category","embeddable":true,"href":"https:\/\/www.europesays.com\/it\/wp-json\/wp\/v2\/categories?post=539119"},{"taxonomy":"post_tag","embeddable":true,"href":"https:\/\/www.europesays.com\/it\/wp-json\/wp\/v2\/tags?post=539119"}],"curies":[{"name":"wp","href":"https:\/\/api.w.org\/{rel}","templated":true}]}}