{"id":539128,"date":"2026-06-14T19:44:23","date_gmt":"2026-06-14T19:44:23","guid":{"rendered":"https:\/\/www.europesays.com\/it\/539128\/"},"modified":"2026-06-14T19:44:23","modified_gmt":"2026-06-14T19:44:23","slug":"bimba-di-7-anni-ha-malore-in-mare-muore-nellagrigentino","status":"publish","type":"post","link":"https:\/\/www.europesays.com\/it\/539128\/","title":{"rendered":"Bimba di 7 anni ha malore in mare, muore nell&#8217;Agrigentino"},"content":{"rendered":"<p>Ha un malore mentre \u00e8 in acqua al mare e muore poco dopo. La vittima \u00e8 una bimba di 7 anni, originaria di Ravanusa (Agrigento), morta dopo aver accusato un malore mentre si trovava al mare in localit\u00e0 Marianello a Licata. Nonostante l&#8217;intervento dell&#8217;elisoccorso del 118, per la bambina non c&#8217;\u00e8 stato nulla da fare<\/p>\n<p>\t\t\tLe possibili cause<\/p>\n<p>La causa della morte sembra essere un improvviso arresto cardiaco. La bambina aveva gi\u00e0 dei problemi di salute. Quando i sanitari dell&#8217;elisoccorso del 118 sono arrivati sulla banchina non hanno potuto far altro che accertare il decesso. La salma \u00e8 rimasta a Licata dove \u00e8 stata gi\u00e0 trasferita all&#8217;obitorio dell&#8217;ospedale San Giacomo d&#8217;Altopasso. <\/p>\n<p>&#8220;Ho appena saputo della tragedia &#8211; ha detto il sindaco di Licata, Angelo Balsamo &#8211; . Sto rientrando a Licata e andr\u00f2 a rendere omaggio alla piccina che \u00e8 spirata su uno dei nostri arenili. Una tragedia, una grandissima tragedia&#8221;.\u00a0<\/p>\n","protected":false},"excerpt":{"rendered":"Ha un malore mentre \u00e8 in acqua al mare e muore poco dopo. La vittima \u00e8 una bimba&hellip;\n","protected":false},"author":3,"featured_media":539129,"comment_status":"","ping_status":"","sticky":false,"template":"","format":"standard","meta":{"footnotes":"","_share_on_mastodon":"0"},"categories":[6],"tags":[20611,2766,14,8,1537,90,89,7,15,82,9,83,10,5991,13,11,80,84,12,81,85],"class_list":["post-539128","post","type-post","status-publish","format-standard","has-post-thumbnail","category-ultime-notizie","tag-agrigento","tag-bambina","tag-cronaca","tag-headlines","tag-it","tag-italia","tag-italy","tag-news","tag-notizie","tag-notizie-di-cronaca","tag-notizie-principali","tag-notiziedicronaca","tag-notizieprincipali","tag-sicilia","tag-titoli","tag-ultime-notizie","tag-ultime-notizie-di-cronaca","tag-ultime-notizie-e-news-di-oggi","tag-ultimenotizie","tag-ultimenotiziedicronaca","tag-ultimenotizieenewsdioggi"],"share_on_mastodon":{"url":"https:\/\/pubeurope.com\/@it\/116750179887665507","error":""},"_links":{"self":[{"href":"https:\/\/www.europesays.com\/it\/wp-json\/wp\/v2\/posts\/539128","targetHints":{"allow":["GET"]}}],"collection":[{"href":"https:\/\/www.europesays.com\/it\/wp-json\/wp\/v2\/posts"}],"about":[{"href":"https:\/\/www.europesays.com\/it\/wp-json\/wp\/v2\/types\/post"}],"author":[{"embeddable":true,"href":"https:\/\/www.europesays.com\/it\/wp-json\/wp\/v2\/users\/3"}],"replies":[{"embeddable":true,"href":"https:\/\/www.europesays.com\/it\/wp-json\/wp\/v2\/comments?post=539128"}],"version-history":[{"count":0,"href":"https:\/\/www.europesays.com\/it\/wp-json\/wp\/v2\/posts\/539128\/revisions"}],"wp:featuredmedia":[{"embeddable":true,"href":"https:\/\/www.europesays.com\/it\/wp-json\/wp\/v2\/media\/539129"}],"wp:attachment":[{"href":"https:\/\/www.europesays.com\/it\/wp-json\/wp\/v2\/media?parent=539128"}],"wp:term":[{"taxonomy":"category","embeddable":true,"href":"https:\/\/www.europesays.com\/it\/wp-json\/wp\/v2\/categories?post=539128"},{"taxonomy":"post_tag","embeddable":true,"href":"https:\/\/www.europesays.com\/it\/wp-json\/wp\/v2\/tags?post=539128"}],"curies":[{"name":"wp","href":"https:\/\/api.w.org\/{rel}","templated":true}]}}