{"id":539249,"date":"2026-06-14T21:51:18","date_gmt":"2026-06-14T21:51:18","guid":{"rendered":"https:\/\/www.europesays.com\/it\/539249\/"},"modified":"2026-06-14T21:51:18","modified_gmt":"2026-06-14T21:51:18","slug":"la-felicita-di-nonno-valter-il-film-di-un-nipote-per-me-e-il-massimo","status":"publish","type":"post","link":"https:\/\/www.europesays.com\/it\/539249\/","title":{"rendered":"La felicit\u00e0 di nonno Valter: &#8220;Il film di un nipote per me \u00e8 il massimo&#8221;"},"content":{"rendered":"<p>&#8220;Mi riempie di orgoglio che la nostra storia sia stata raccontata da Mattia: \u00e8 il massimo che si possa ricevere da un nipote&#8221;. Parla da nonno, il cavaliere del lavoro <strong>Valter Scavolini<\/strong> protagonista del <strong>docufilm<\/strong> che ieri pomeriggio ha aperto, al cinema Sperimentale, la 62\u00aa edizione della <strong>Mostra internazionale del cinema di Pesaro<\/strong>. &#8220;Valter Scavolini \u2013 La vita come grande impresa&#8221; diretto da <strong>Mattia Zanca<\/strong>, racconta &#8220;in maniera poetica&#8221; la storia personale e imprenditoriale di Valter Scavolini, fondatore insieme al fratello Elvino, di una impresa che ha portato le <strong>cucine Made in Italy<\/strong> in tutto il mondo. &#8220;L\u2019idea del film \u2013 racconta il regista Mattia Zanca, nipote dell\u2019imprenditore &#8211; nasce leggendo la biografia creata con Mondadori per i 60 anni dell\u2019azienda: ho deciso che ne avrei fatto un film&#8221;. E cos\u00ec \u00e8 nato &#8220;Valter Scavolini \u2013 La vita come grande impresa&#8221;, gi\u00e0 presentato, a maggio, in anteprima a Roma. &#8220;Il film ovviamente parla dell\u2019impresa \u2013 spiega Mattia Zanca \u2013 ma non racconta solo la storia imprenditoriale di Valter Scavolini ma si sofferma sul suo aspetto pi\u00f9 umano e personale. Il filo conduttore del film \u00e8 il racconto, che attraverso la mia intervista, il nonno fa a me in quanto suo nipote. Quello che vorrei emergesse da questo film \u00e8 che le storie dei nonni hanno un valore inestimabile, ogni nipote dovrebbe farsele raccontare&#8221;.<\/p>\n<p>Su questo aspetto ha posto l\u2019attenzione il sindaco di Pesaro, Andrea Biancani: &#8220;Il docufilm su Scavolini mette in evidenza il rapporto nonni-nipoti ed \u00e8 un invito ai giovani a riscoprire la storia delle proprie famiglie&#8221;. E ancora Biancani: &#8220;Se Scavolini \u00e8 la cucina pi\u00f9 amata dagli italiani, Valter Scavolini \u00e8 il pi\u00f9 amato dai pesaresi&#8221;. &#8220;Quando ho iniziato l\u2019attivit\u00e0 \u2013 racconta lo stesso imprenditore \u2013 certo non pensavo di ottenere cos\u00ec tanti risultati e riconoscimenti, il massimo \u00e8 stata l\u2019onorificenza di Cavaliere del Lavoro, nel 1993&#8221;. &#8220;Valter Scavolini non solo ha creato una grande impresa \u2013 commenta il presidente della Regione, Francesco Acquaroli \u2013 ma \u00e8 stato uno dei principali protagonisti della crescita della nostra Regione e dell\u2019Italia. Scavolini non \u00e8 solo un\u2019impresa di successo (&#8220;La pi\u00f9 amata dagli italiani ndr) ma \u00e8 impegno sociale, lavoro e sport e soprattutto \u00e8 una significativa testimonianza per le nuove generazioni. Dietro quel successo ci sono passione, coraggio, dedizione, sacrificio e determinazione: valori che solo validi anche oggi&#8221;.<\/p>\n<p>Tante le persone che ieri pomeriggio hanno partecipato all\u2019evento, tantissimi i politici e i riconoscimenti attribuiti all\u2019imprenditore. &#8220;E\u2019 un onore \u2013 scrive il consigliere regionale della Lega Nicola Pierini \u2013 prendere parte alla serata e conoscere personalmente Valter Scavolini. Si parla della storia straordinaria di una famiglia che, con visione, coraggio e sacrificio, ha costruito qualcosa di unico, restando sempre profondamente legata alla propria terra&#8221;.<\/p>\n","protected":false},"excerpt":{"rendered":"&#8220;Mi riempie di orgoglio che la nostra storia sia stata raccontata da Mattia: \u00e8 il massimo che si&hellip;\n","protected":false},"author":3,"featured_media":539250,"comment_status":"","ping_status":"","sticky":false,"template":"","format":"standard","meta":{"footnotes":"","_share_on_mastodon":"0"},"categories":[1442],"tags":[203,5208,454,204,1537,90,89,1285,1521,2713,11043,72824],"class_list":["post-539249","post","type-post","status-publish","format-standard","has-post-thumbnail","category-film","tag-entertainment","tag-felicita","tag-film","tag-intrattenimento","tag-it","tag-italia","tag-italy","tag-massimo","tag-movies","tag-nipote","tag-nonno","tag-valter"],"share_on_mastodon":{"url":"https:\/\/pubeurope.com\/@it\/116750679287837489","error":""},"_links":{"self":[{"href":"https:\/\/www.europesays.com\/it\/wp-json\/wp\/v2\/posts\/539249","targetHints":{"allow":["GET"]}}],"collection":[{"href":"https:\/\/www.europesays.com\/it\/wp-json\/wp\/v2\/posts"}],"about":[{"href":"https:\/\/www.europesays.com\/it\/wp-json\/wp\/v2\/types\/post"}],"author":[{"embeddable":true,"href":"https:\/\/www.europesays.com\/it\/wp-json\/wp\/v2\/users\/3"}],"replies":[{"embeddable":true,"href":"https:\/\/www.europesays.com\/it\/wp-json\/wp\/v2\/comments?post=539249"}],"version-history":[{"count":0,"href":"https:\/\/www.europesays.com\/it\/wp-json\/wp\/v2\/posts\/539249\/revisions"}],"wp:featuredmedia":[{"embeddable":true,"href":"https:\/\/www.europesays.com\/it\/wp-json\/wp\/v2\/media\/539250"}],"wp:attachment":[{"href":"https:\/\/www.europesays.com\/it\/wp-json\/wp\/v2\/media?parent=539249"}],"wp:term":[{"taxonomy":"category","embeddable":true,"href":"https:\/\/www.europesays.com\/it\/wp-json\/wp\/v2\/categories?post=539249"},{"taxonomy":"post_tag","embeddable":true,"href":"https:\/\/www.europesays.com\/it\/wp-json\/wp\/v2\/tags?post=539249"}],"curies":[{"name":"wp","href":"https:\/\/api.w.org\/{rel}","templated":true}]}}