{"id":539316,"date":"2026-06-14T22:52:16","date_gmt":"2026-06-14T22:52:16","guid":{"rendered":"https:\/\/www.europesays.com\/it\/539316\/"},"modified":"2026-06-14T22:52:16","modified_gmt":"2026-06-14T22:52:16","slug":"urla-e-botte-in-bolognina-scoppia-la-lite-tra-sbandati-episodi-violenti-quotidiani","status":"publish","type":"post","link":"https:\/\/www.europesays.com\/it\/539316\/","title":{"rendered":"Urla e botte in Bolognina, scoppia la lite tra sbandati:\u00a0\u201cEpisodi violenti quotidiani\u201d"},"content":{"rendered":"<p>Bologna, 14 giugno 2026 \u2013\u00a0<strong>Rissa in piena notte in Bolognina<\/strong>: in mezzo alla strada, in via di Corticella, alcuni uomini si sono fronteggiati a suon di spintoni e schiaffi. Soggetti, tutti uomini (anche se ad assistere alla scena \u00e8 anche una donna) nordafricani e visibilmente <strong>alterati dall\u2019alcol<\/strong>, che si colpiscono sbattendo i loro corpi contro le transenne dei <strong>cantieri del tram<\/strong>, all\u2019angolo con via Barbieri. A riprendere la scena (pubblicata anche sulla pagina Instagram \u2018Welcome to Bolognina\u2019), un residente che ha la vista direttamente sullo \u2018spettacolo\u2019, che avviene proprio all\u2019esterno di un bar che \u201csta aperto fino a tarda notte \u2013 raccontano alcuni abitanti della zona \u2013. L\u00ec si aggregano molte persone, soprattutto uomini, e, dopo qualche bicchiere di troppo, diventano davvero molesti. Come l\u2019altra notte, quando la violenza si \u00e8 riversata in mezzo alla strada e si \u00e8 andati avanti cos\u00ec per alcuni minuti\u201d.  <\/p>\n<p> <img alt=\"Urla e botte in Bolognina, scoppia la lite tra sbandati: \u201cEpisodi violenti quotidiani\u201d\" loading=\"lazy\" width=\"429\" height=\"762\" decoding=\"async\" data-nimg=\"1\" style=\"color:transparent\"  src=\"https:\/\/www.europesays.com\/it\/wp-content\/uploads\/2026\/06\/xafotn2.jpeg\"\/><br \/>\nIl video pubblicato sui social. I residenti: \u201cSiamo stanchi\u201d <\/p>\n<p><strong>Il video<\/strong> <strong>pubblicato<\/strong> dura circa un minuto, tempo in cui due uomini, indicativamente hanno trent\u2019anni, si scaraventano per terra gridando al centro dell\u2019incrocio; al loro fianco, due persone, tra cui una donna, provano a dividere i due facinorosi, che urlano mentre si picchiano. \u201cNoi non siamo pi\u00f9 stupiti, ma sicuramente<strong> siamo stanchi<\/strong>. Sono episodi quasi quotidiani, da qualche tempo, dei quali siamo vittime \u2013 continuano altri residenti di via Corticella \u2013. Sono scene che conosciamo a memoria, ma forse si sta aspettando che, oltre alle botte, qualcuno si faccia davvero male\u201d.  <\/p>\n<p> <img alt=\"Sono intervenute anche le volanti della polizia. Frame del video postato dal canale social 'WelcometoBolognina'\" loading=\"lazy\" width=\"1284\" height=\"895\" decoding=\"async\" data-nimg=\"1\" style=\"color:transparent;max-width:100%;height:auto\"   src=\"https:\/\/www.europesays.com\/it\/wp-content\/uploads\/2026\/06\/sono-intervenute-anche-le-volanti-della-polizia-frame-del-video-postato-dal-canale-social-welcometob.webp\"\/><\/p>\n<p>Sono intervenute anche le volanti della polizia. Frame del video postato dal canale social &#8216;WelcometoBolognina&#8217;<\/p>\n<p><strong>Dalle immagini<\/strong>, si vede che nella diatriba violenta si aggiunge, alla fine, una terza persona, ma la \u2018lotta\u2019 prosegue e invade il marciapiede opposto. Da un lato all\u2019altro della corsia le urla, in lingua straniera, aumentano di volume. Poi, il cellulare inquadra <strong>lo stretto marciapiede di via Barbieri<\/strong>, a due passi dalle scuole elementari Acri: <strong>c\u2019\u00e8 un uomo steso per terra<\/strong>, sempre urlante, e un\u2019altra figura che gli sta vicino, mentre la donna cammina avanti e indietro lungo via Barbieri. Poi, l\u2019uomo per terra viene trasportato di peso di nuovo sulla strada principale, tra urla e delirio. \u201cQuel bar \u00e8 un postaccio \u2013 si lamenta un residente della vicina via Lombardi \u2013. Ogni sera raccatta gente di ogni tipo e per questi soggetti \u00e8 sempre una grande festa, che poi degenera in queste sceneggiate\u201d. <\/p>\n<p>L\u2019intervento della polizia <\/p>\n<p><strong>Alla fine<\/strong>, l\u2019altra sera qualcuno ha chiamato la <strong>polizia<\/strong>, che \u00e8 intervenuta sul posto con tre Volanti. La segnalazione riferiva di due soggetti in lite che si stavano aggredendo, con altre persone che tentavano di dividerle. I poliziotti sono intervenuti sul posto, ma la situazione si era gi\u00e0 tranquillizzata. \u201cForse si attende che si superi il limite e che accada la tragedia. Da mesi sottolineiamo il disagio che, ogni giorno, viviamo sotto casa. Ma nessuno fa nulla\u201d.  <\/p>\n","protected":false},"excerpt":{"rendered":"Bologna, 14 giugno 2026 \u2013\u00a0Rissa in piena notte in Bolognina: in mezzo alla strada, in via di Corticella,&hellip;\n","protected":false},"author":3,"featured_media":539317,"comment_status":"","ping_status":"","sticky":false,"template":"","format":"standard","meta":{"footnotes":"","_share_on_mastodon":"0"},"categories":[79],"tags":[122511,10247,14,93,94,1230,1537,90,89,23919,7,15,14853,297318,21310,11,84,91,12,85,92,18642,38445],"class_list":["post-539316","post","type-post","status-publish","format-standard","has-post-thumbnail","category-italia","tag-bolognina","tag-botte","tag-cronaca","tag-cronaca-italiana","tag-cronacaitaliana","tag-episodi","tag-it","tag-italia","tag-italy","tag-lite","tag-news","tag-notizie","tag-quotidiani","tag-sbandati","tag-scoppia","tag-ultime-notizie","tag-ultime-notizie-e-news-di-oggi","tag-ultime-notizie-italia","tag-ultimenotizie","tag-ultimenotizieenewsdioggi","tag-ultimenotizieitalia","tag-urla","tag-violenti"],"share_on_mastodon":{"url":"https:\/\/pubeurope.com\/@it\/116750919163483243","error":""},"_links":{"self":[{"href":"https:\/\/www.europesays.com\/it\/wp-json\/wp\/v2\/posts\/539316","targetHints":{"allow":["GET"]}}],"collection":[{"href":"https:\/\/www.europesays.com\/it\/wp-json\/wp\/v2\/posts"}],"about":[{"href":"https:\/\/www.europesays.com\/it\/wp-json\/wp\/v2\/types\/post"}],"author":[{"embeddable":true,"href":"https:\/\/www.europesays.com\/it\/wp-json\/wp\/v2\/users\/3"}],"replies":[{"embeddable":true,"href":"https:\/\/www.europesays.com\/it\/wp-json\/wp\/v2\/comments?post=539316"}],"version-history":[{"count":0,"href":"https:\/\/www.europesays.com\/it\/wp-json\/wp\/v2\/posts\/539316\/revisions"}],"wp:featuredmedia":[{"embeddable":true,"href":"https:\/\/www.europesays.com\/it\/wp-json\/wp\/v2\/media\/539317"}],"wp:attachment":[{"href":"https:\/\/www.europesays.com\/it\/wp-json\/wp\/v2\/media?parent=539316"}],"wp:term":[{"taxonomy":"category","embeddable":true,"href":"https:\/\/www.europesays.com\/it\/wp-json\/wp\/v2\/categories?post=539316"},{"taxonomy":"post_tag","embeddable":true,"href":"https:\/\/www.europesays.com\/it\/wp-json\/wp\/v2\/tags?post=539316"}],"curies":[{"name":"wp","href":"https:\/\/api.w.org\/{rel}","templated":true}]}}