{"id":539456,"date":"2026-06-15T01:22:18","date_gmt":"2026-06-15T01:22:18","guid":{"rendered":"https:\/\/www.europesays.com\/it\/539456\/"},"modified":"2026-06-15T01:22:18","modified_gmt":"2026-06-15T01:22:18","slug":"orietta-berti-il-figlio-otis-si-e-sposato-la-cantante-commossa","status":"publish","type":"post","link":"https:\/\/www.europesays.com\/it\/539456\/","title":{"rendered":"Orietta Berti, il figlio Otis si \u00e8 sposato: la cantante commossa"},"content":{"rendered":"<p>                                Il secondogenito della cantante e di Osvaldo\u00a0Paterlini si \u00e8 sposato a Polesine Parmense con Lia Chiari<\/p>\n<p>\n                                                                    Andrea Fiori\n                            <\/p>\n<p>                    14 giugno &#8211; 11:54  &#8211; MILANO<\/p>\n<p class=\"paragraph\" spellcheck=\"true\">Sabato 13 giugno \u00e8 stato un giorno indimenticabile per <b>Orietta Berti<\/b>, che ha vissuto in prima persona l&#8217;emozione di vedere il suo secondogenito, <b>Otis Paterlini<\/b>, convolare a nozze con la storica compagna <b>Lia Chiari<\/b>. La cerimonia si \u00e8 svolta nella cornice rurale della chiesa della Beata Vergine di Loreto, a <b>Polesine Parmense<\/b>. Icona della musica italiana e madre legatissima alla famiglia, Orietta \u00e8 stata la protagonista assoluta dei momenti che hanno preceduto il &#8220;s\u00ec&#8221;: \u00e8 stata proprio lei ad <b>accompagnare il figlio quarantaseienne lungo la navata<\/b> fino all&#8217;altare. I momenti pi\u00f9 toccanti di questo cammino e della cerimonia sono stati documentati da alcuni video pubblicati in tempo reale sull\u2019account Instagram ufficiale della trasmissione Verissimo, catturando immediatamente l&#8217;affetto dei fan.<\/p>\n<p>    orietta berti si commuove al matrimonio del figlio otis\u2014 \u00a0<\/p>\n<p class=\"paragraph is-inline\" spellcheck=\"true\">Icona senza tempo in un elegantissimo completo lilla e glicine, l&#8217;<b>Usignolo di Cavriago<\/b> (come \u00e8 nota la cantante) <b>non \u00e8 riuscita a trattenere le lacrime di commozione<\/b>. Un&#8217;emozione profonda, che unisce la gioia del presente ai ricordi del passato, specialmente se si pensa ai <b>vecchi sensi di colpa<\/b> confessati dalla cantante in merito al <b>tempo sottratto ai figli<\/b> durante gli anni pi\u00f9 intensi della sua carriera. Vedere Otis felice e realizzato ha rappresentato per lei un traguardo immenso. Al settimo cielo per questo passo tanto atteso, Orietta ha commentato con la sua consueta e genuina ironia: \u201c<b>Era ora che si sposassero!<\/b> Sono felice per loro, convivono da tempo e hanno due bambine meravigliose\u201d.<\/p>\n<p>    un legame fortissimo\u2014 \u00a0<\/p>\n<p class=\"paragraph is-inline\" spellcheck=\"true\">Il matrimonio, celebrato da Don Guido Colombo (storico amico di famiglia), ha visto la partecipazione di <b>circa 200 invitati<\/b>, tra cui spiccavano ovviamente il marito di Orietta, <b>Osvaldo <\/b>(con cui \u00e8 sposata dal 1967), il primogenito<b> Omar<\/b> e numerosi collaboratori del mondo dello spettacolo. Del resto, il legame tra Orietta e Otis va ben oltre il classico rapporto madre-figlio: laureato in Scienze della comunicazione ed ex giocatore di basket, <b>Otis \u00e8 da anni il manager, amministratore e strettissimo collaboratore della cantante<\/b>, curando con dedizione ogni aspetto della sua carriera e dei suoi profili social.<\/p>\n<p><a class=\"is-partner-link\" href=\"https:\/\/abbonamenti.gazzetta.it\/de-promo-mondiali\/?pwcmp=cta&amp;forceBrowser=true\" rel=\"nofollow noopener\" target=\"_blank\">Gazzetta Mondiale: ogni notte un\u2019edizione straordinaria esclusiva. Non perdertela, abbonati a 1\u20ac\/mese!<\/a><\/p>\n<p>    al matrimonio anche le nipotine\u2014 \u00a0<\/p>\n<p class=\"paragraph is-inline\" spellcheck=\"true\">A rendere l&#8217;atmosfera ancora pi\u00f9 magica e dolce sono state le piccole<b> Olivia<\/b> (nata nel 2019) e <b>Ottavia <\/b>(arrivata nel 2022), le adorate <b>nipotine<\/b>\u00a0figlie dell&#8217;amore di Otis e Lia e che, a detta della stessa Berti, hanno completamente <b>rivoluzionato e arricchito la sua vita<\/b>. Le due bimbe hanno infatti sfilato nel ruolo di <b>damigelle d\u2019onore<\/b>, coronando una giornata di pura festa per tutta la famiglia Paterlini, unita sotto il segno della <b>tradizione<\/b>, della <b>semplicit\u00e0<\/b> e dell&#8217;<b>amore condiviso<\/b>.<\/p>\n<p class=\"is-copyright\">\u00a9 RIPRODUZIONE RISERVATA<\/p>\n","protected":false},"excerpt":{"rendered":"Il secondogenito della cantante e di Osvaldo\u00a0Paterlini si \u00e8 sposato a Polesine Parmense con Lia Chiari Andrea Fiori&hellip;\n","protected":false},"author":3,"featured_media":539457,"comment_status":"","ping_status":"","sticky":false,"template":"","format":"standard","meta":{"footnotes":"","_share_on_mastodon":"0"},"categories":[1451],"tags":[85795,87,41575,2942,1902,1621,1620,818,19814,206160,9067,203,1909,2245,2716,297377,24031,204,1537,90,89,5069,230891,297378,4045,8866,297379,297380,4003,297381,41571,41581,137003,198674,297376],"class_list":["post-539456","post","type-post","status-publish","format-standard","has-post-thumbnail","category-celebrita","tag-altare","tag-amore","tag-berti","tag-cantante","tag-carriera","tag-celebrita","tag-celebrities","tag-cerimonia","tag-chiari","tag-commuove","tag-emozione","tag-entertainment","tag-famiglia","tag-felice","tag-figlio","tag-figlio-otis","tag-icona","tag-intrattenimento","tag-it","tag-italia","tag-italy","tag-legame","tag-lia","tag-lia-chiari","tag-madre","tag-matrimonio","tag-matrimonio-figlio","tag-matrimonio-figlio-otis","tag-momenti","tag-nipotine","tag-orietta","tag-orietta-berti","tag-osvaldo","tag-otis","tag-paterlini"],"share_on_mastodon":{"url":"https:\/\/pubeurope.com\/@it\/116751509020417280","error":""},"_links":{"self":[{"href":"https:\/\/www.europesays.com\/it\/wp-json\/wp\/v2\/posts\/539456","targetHints":{"allow":["GET"]}}],"collection":[{"href":"https:\/\/www.europesays.com\/it\/wp-json\/wp\/v2\/posts"}],"about":[{"href":"https:\/\/www.europesays.com\/it\/wp-json\/wp\/v2\/types\/post"}],"author":[{"embeddable":true,"href":"https:\/\/www.europesays.com\/it\/wp-json\/wp\/v2\/users\/3"}],"replies":[{"embeddable":true,"href":"https:\/\/www.europesays.com\/it\/wp-json\/wp\/v2\/comments?post=539456"}],"version-history":[{"count":0,"href":"https:\/\/www.europesays.com\/it\/wp-json\/wp\/v2\/posts\/539456\/revisions"}],"wp:featuredmedia":[{"embeddable":true,"href":"https:\/\/www.europesays.com\/it\/wp-json\/wp\/v2\/media\/539457"}],"wp:attachment":[{"href":"https:\/\/www.europesays.com\/it\/wp-json\/wp\/v2\/media?parent=539456"}],"wp:term":[{"taxonomy":"category","embeddable":true,"href":"https:\/\/www.europesays.com\/it\/wp-json\/wp\/v2\/categories?post=539456"},{"taxonomy":"post_tag","embeddable":true,"href":"https:\/\/www.europesays.com\/it\/wp-json\/wp\/v2\/tags?post=539456"}],"curies":[{"name":"wp","href":"https:\/\/api.w.org\/{rel}","templated":true}]}}