{"id":539487,"date":"2026-06-15T02:02:19","date_gmt":"2026-06-15T02:02:19","guid":{"rendered":"https:\/\/www.europesays.com\/it\/539487\/"},"modified":"2026-06-15T02:02:19","modified_gmt":"2026-06-15T02:02:19","slug":"meloni-il-patentino-antifascista-a-piu-libri-piu-liberi-e-censura","status":"publish","type":"post","link":"https:\/\/www.europesays.com\/it\/539487\/","title":{"rendered":"Meloni: &#8216;Il patentino antifascista a Pi\u00f9 Libri Pi\u00f9 Liberi \u00e8 censura&#8217;"},"content":{"rendered":"<p>Con un post su X, la premier Giorgia Meloni critica la rassegna Pi\u00f9 libri pi\u00f9 liberi, evento che si svolger\u00e0 dal 4 all&#8217;8 dicembre alla Nuvola dell\u2019Eur di Roma: &#8220;Per partecipare alla fiera della piccola e media editoria &#8220;Pi\u00f9 libri pi\u00f9 liberi&#8221;, che si svolger\u00e0 a Roma, le case editrici dovranno ottenere quest&#8217;anno il &#8220;patentino antifascista&#8221;, sottoscrivendo un&#8217;apposita dichiarazione. \u00c8 cos\u00ec che la sinistra concepisce la libert\u00e0 di pensiero: sei libero, ma solo se dici quello che loro ti permettono di dire, se pensi quello che loro pensano, se leggi quello che loro considerano consono. La cancellazione delle idee non di sinistra, camuffata da lotta antifascista, \u00e8 un vecchio vizio della sinistra, ma \u00e8 una storiella alla quale ormai non crede pi\u00f9 nessuno. Si chiama, banalmente, censura. E la censura \u00e8 incompatibile con qualsiasi societ\u00e0 democratica&#8221;. La polemica della premier nasce da un articolo de Il Giornale secondo cui nella prossima edizione dell&#8217;evento,\u00a0organizzato dall&#8217;associazione italiana editori (Aie), per partecipare bisogner\u00e0 far firmare agli espositori un modulo in cui si dichiarano antifascisti.\u00a0<\/p>\n<p>\t\t \tPi\u00f9 Libri Pi\u00f9 Liberi: &#8220;Nessuna censura, intervento Meloni impone approfondimento&#8221;<\/p>\n<p>&#8220;La decisione di chiedere ai partecipanti di sottoscrivere una dichiarazione sulla condivisione dei principi costituzionali, democratici e inderogabili, non \u00e8 affatto censura, ma un&#8217;esigenza di chiarezza e unit\u00e0 tra i diversi attori presenti in fiera&#8221;, ha sottolineato la Fiera nazionale della piccola e media editoria Pi\u00f9 Libri Pi\u00f9 Liberi, dopo le critiche della premier Meloni.\u00a0Il documento finito al centro delle polemiche, sottolinea la Fiera, \u00e8 &#8220;basato su riferimenti istituzionali e universali privo di visioni di parte, senza accenni politici e tantomeno legami partitici. \u00c8 evidente che cos\u00ec non \u00e8 stato interpretato&#8221;. &#8220;Siamo rammaricati di quanto sta accadendo: l&#8217;intervento della Presidente del Consiglio e il dibattito generale che ne \u00e8 scaturito ci inducono ovviamente a un ulteriore attento approfondimento per rispetto istituzionale&#8221;, conclude la nota.\u00a0Fino all&#8217;anno scorso il regolamento generale della manifestazione faceva riferimento, pi\u00f9 genericamente, a tutti i &#8220;valori espressi nella Costituzione Italiana, nella Carta dei Diritti Fondamentali dell&#8217;Unione Europea e nella Dichiarazione universale dei diritti umani&#8221;.<\/p>\n<p>La presidente della fiera invita Meloni<\/p>\n<p>La presidente della fiera Annamaria Malato si dice comunque convinta della bont\u00e0 della scelta compiuta e coglie l&#8217;occasione per invitare la premier a far visita alla manifestazione.<\/p>\n<p>\t\t\t<a class=\"c-inline-card j-inline-card c-inline-card--with-image\" href=\"https:\/\/tg24.sky.it\/lifestyle\/2026\/04\/25\/scrittrici-antifasciste-libro-rossana-dedola\" rel=\"follow nofollow noopener\" data-intcmp=\"skytg24_articolo_approfondimenti_inline\" target=\"_blank\"><\/p>\n<p>\t\t\t         <img decoding=\"async\" crossorigin=\"anonymous\" alt=\"\" src=\"https:\/\/www.europesays.com\/it\/wp-content\/uploads\/2026\/06\/GettyImages-1503336272.jpg\"  loading=\"lazy\"  bad-src=\"https:\/\/www.europesays.com\/it\/wp-content\/uploads\/2026\/06\/GettyImages-1503336272.jpg\"\/><\/p>\n<p>\n\t\t\t         Approfondimento<br \/>\n\t\t\t         Perch\u00e9 rileggere le scrittrici antifasciste che raccontarono la guerra\n\t\t\t      <\/p>\n<p>\t\t\t<\/a><\/p>\n<p>\t\t \tConte: &#8220;Polemica surreale&#8221;<\/p>\n<p>Il leader M5s, Giuseppe Conte, ha commentato sui propri canali social:\u00a0&#8220;Meloni va sull&#8217;usato sicuro: polemica domenicale surreale sulla fiera del libro e sull&#8217;antifascismo. Giustamente oltre all&#8217;ossessione nei miei confronti adesso ha l&#8217;ossessione per Vannacci, che cresce grazie ai suoi fallimenti e ai suoi tradimenti. Un piccolo quesito: ma quando si occupa dell&#8217;Italia, del carovita e delle aziende che chiudono? Quattro anni zero riforme&#8221;.\u00a0<\/p>\n<p>Fratoianni: &#8220;Da tempo chiedo a Meloni di dichiararsi antifascista&#8221;<\/p>\n<p>&#8220;Da tempo ormai ad ogni 25 aprile o ad un atto di violenza o di intimidazione evito di chiedere all&#8217;attuale presidente del consiglio di dichiararsi antifascista. Evidentemente non lo \u00e8. Ed oggi con il suo attacco alla Fiera &#8220;Pi\u00f9 Libri Pi\u00f9 Liberi&#8221; lo conferma ancora una volta. Dichiararsi antifascista in modo limpido e sereno non vuol dire censurare qualcun&#8217;altro, ma rispettare i valori della nostra Costituzione&#8221;, afferma Nicola Fratoianni di Avs. &#8220;\u00c8 ora che gli italiani si accorgano fino in fondo a chi hanno affidato in questi anni il nostro Paese: ai nipotini del Ventennio. \u00c8 ora di accompagnarli gentilmente da dove sono venuti&#8221;.\u00a0<\/p>\n<p>Bonelli: &#8220;Meloni nega antifascismo per prendersi il voto dell&#8217;estrema destra&#8221;<\/p>\n<p>&#8220;L&#8217;antifascismo \u00e8 il valore fondante della nostra Costituzione e quindi della nostra democrazia. Negarlo, come ha fatto la Presidente del Consiglio, significa non accettare le basi costituzionali del nostro ordinamento democratico. E questo \u00e8 gravissimo. Con il post di oggi Giorgia Meloni ha deciso di rincorrere il voto dell&#8217;estrema destra e fascista, e per farlo non si fa scrupoli di voltare le spalle alla nostra Costituzione e a chi ha dato la vita per consegnarci la democrazia&#8221;, \u00e8 il commento di Angelo Bonelli, deputato Avs, co-portavoce di Europa Verde.<\/p>\n<p>Vannacci: &#8220;Meloni ha ragione a parlare di censura&#8221;<\/p>\n<p>Si schiera invece con la premier il leader di Futuro Nazionale, Roberto Vannacci: &#8220;Ha perfettamente ragione nel definire &#8216;censura&#8217; il cosiddetto patentino di antifascista, &#8220;perch\u00e9 in un Paese dove la libert\u00e0 di espressione \u00e8 nella Costituzione, questa libert\u00e0 di espressione non deve essere soggetta ad alcun patentino, sia esso di antifascismo o di anti non so cosa. Se io domani volessi fare l&#8217;elogio della monarchia, non vedo perch\u00e9 non potrei farlo, visto che \u00e8 una libert\u00e0 di espressione&#8221;.\u00a0<\/p>\n<p>Il ministro Giuli: &#8220;Bene ulteriore approfondimento Aie&#8221;<\/p>\n<p>Il ministro della Cultura Alessandro Giuli ha definito le osservazioni di Meloni &#8220;centrate&#8221;. Poi ha commentato la decisione dell&#8217;Aie di procedere a &#8220;un ulteriore attento approfondimento per rispetto istituzionale&#8221; dicendo di\u00a0confidare &#8220;con favore e ottimismo&#8221; che sia &#8220;l&#8217;inizio della fine d&#8217;un clamoroso equivoco suscettibile di brutali strumentalizzazioni&#8221;.<\/p>\n<p>Tajani: &#8220;Dare sempre libert\u00e0 di espressione&#8221;<\/p>\n<p>Sempre tra la maggioranza, il vicepremier azzurro Antonio Tajani si appella alla &#8220;libert\u00e0 di espressione e di pensiero&#8221;. Dice: &#8220;Io sono antifascista. Ma non si pu\u00f2 dire che se uno la pensa diversamente \u00e8 fascista: questo \u00e8 sbagliato&#8221;.\u00a0<\/p>\n<p>\u00a0<\/p>\n<p>\t\t\t<a class=\"c-inline-card j-inline-card c-inline-card--with-image\" href=\"https:\/\/tg24.sky.it\/politica\/2026\/06\/14\/vannacci-futuro-nazionale-assemblea-costituente\" rel=\"follow nofollow noopener\" data-intcmp=\"skytg24_articolo_approfondimenti_inline\" target=\"_blank\"><\/p>\n<p>\t\t\t         <img decoding=\"async\" crossorigin=\"anonymous\" alt=\"\" src=\"https:\/\/www.europesays.com\/it\/wp-content\/uploads\/2026\/06\/1781488939_22_vannacci_futuro_nazionale_ansa.JPG\"  loading=\"lazy\"  bad-src=\"https:\/\/www.europesays.com\/it\/wp-content\/uploads\/2026\/06\/1781488939_22_vannacci_futuro_nazionale_ansa.JPG\"\/><\/p>\n<p>\n\t\t\t         Vedi anche<br \/>\n\t\t\t         Vannacci choc: &#8220;Femminicidio non esiste, \u00e8 omicidio come gli altri&#8221;\n\t\t\t      <\/p>\n<p>\t\t\t<\/a><\/p>\n","protected":false},"excerpt":{"rendered":"Con un post su X, la premier Giorgia Meloni critica la rassegna Pi\u00f9 libri pi\u00f9 liberi, evento che&hellip;\n","protected":false},"author":3,"featured_media":539488,"comment_status":"","ping_status":"","sticky":false,"template":"","format":"standard","meta":{"footnotes":"","_share_on_mastodon":"0"},"categories":[6],"tags":[8052,13581,14,369,9442,126,8,1537,90,89,7,15,82,9,83,10,13,11,80,84,12,81,85],"class_list":["post-539487","post","type-post","status-publish","format-standard","has-post-thumbnail","category-ultime-notizie","tag-antifascismo","tag-censura","tag-cronaca","tag-digitall","tag-fascismo","tag-giorgia-meloni","tag-headlines","tag-it","tag-italia","tag-italy","tag-news","tag-notizie","tag-notizie-di-cronaca","tag-notizie-principali","tag-notiziedicronaca","tag-notizieprincipali","tag-titoli","tag-ultime-notizie","tag-ultime-notizie-di-cronaca","tag-ultime-notizie-e-news-di-oggi","tag-ultimenotizie","tag-ultimenotiziedicronaca","tag-ultimenotizieenewsdioggi"],"share_on_mastodon":{"url":"https:\/\/pubeurope.com\/@it\/116751666231168652","error":""},"_links":{"self":[{"href":"https:\/\/www.europesays.com\/it\/wp-json\/wp\/v2\/posts\/539487","targetHints":{"allow":["GET"]}}],"collection":[{"href":"https:\/\/www.europesays.com\/it\/wp-json\/wp\/v2\/posts"}],"about":[{"href":"https:\/\/www.europesays.com\/it\/wp-json\/wp\/v2\/types\/post"}],"author":[{"embeddable":true,"href":"https:\/\/www.europesays.com\/it\/wp-json\/wp\/v2\/users\/3"}],"replies":[{"embeddable":true,"href":"https:\/\/www.europesays.com\/it\/wp-json\/wp\/v2\/comments?post=539487"}],"version-history":[{"count":0,"href":"https:\/\/www.europesays.com\/it\/wp-json\/wp\/v2\/posts\/539487\/revisions"}],"wp:featuredmedia":[{"embeddable":true,"href":"https:\/\/www.europesays.com\/it\/wp-json\/wp\/v2\/media\/539488"}],"wp:attachment":[{"href":"https:\/\/www.europesays.com\/it\/wp-json\/wp\/v2\/media?parent=539487"}],"wp:term":[{"taxonomy":"category","embeddable":true,"href":"https:\/\/www.europesays.com\/it\/wp-json\/wp\/v2\/categories?post=539487"},{"taxonomy":"post_tag","embeddable":true,"href":"https:\/\/www.europesays.com\/it\/wp-json\/wp\/v2\/tags?post=539487"}],"curies":[{"name":"wp","href":"https:\/\/api.w.org\/{rel}","templated":true}]}}