{"id":539498,"date":"2026-06-15T02:22:22","date_gmt":"2026-06-15T02:22:22","guid":{"rendered":"https:\/\/www.europesays.com\/it\/539498\/"},"modified":"2026-06-15T02:22:22","modified_gmt":"2026-06-15T02:22:22","slug":"norris-fortunatamente-ferrari-non-ha-il-miglior-motore-altrimenti-metterebbe-tutti-in-imbarazzo","status":"publish","type":"post","link":"https:\/\/www.europesays.com\/it\/539498\/","title":{"rendered":"Norris: \u201cFortunatamente Ferrari non ha il miglior motore, altrimenti metterebbe tutti in imbarazzo\u201d"},"content":{"rendered":"<p>Nel <a href=\"https:\/\/autoracer.it\/hamilton-nella-storia-a-barcellona-la-prima-vittoria-con-la-ferrari-antonelli-e-leclerc-out\/\" rel=\"nofollow noopener\" target=\"_blank\">GP di Barcellona<\/a> la <strong>McLaren<\/strong> \u00e8 stata la terza forza in pista. Dopo un buon abbrivio di weekend, la scuderia di Woking ha ceduto man mano il passo alla Ferrari, che ha prevalso sia in qualifica che in gara. <strong>Il podio conquistato da Lando Norris<\/strong> \u00e8 una magra consolazione, frutto peraltro del <a href=\"https:\/\/sport.sky.it\/formula-1\/video\/2026\/06\/14\/kimi-antonelli-ritiro-gp-barcellona-video-1105200\" rel=\"nofollow noopener\" target=\"_blank\">ritiro di Kimi Antonelli<\/a> nei chilometri finali della corsa. Dopo la bandiera a scacchi, il britannico ha sottolineato la necessit\u00e0 di compiere passi avanti a livello tecnico, anche a fronte dello step di cui si \u00e8 resa protagonista la Ferrari in Spagna.<\/p>\n<p><strong>Norris: \u201cse Ferrari dovesse migliorare il motore metterebbe tutti in imbarazzo\u201d<\/strong><\/p>\n<p>La McLaren ha archiviato il weekend in Catalogna con il <strong>terzo podio stagionale<\/strong> (dopo Giappone e Miami), un risultato maturato anche grazie al ritiro della Mercedes di Kimi Antonelli a poche tornate dal termine della gara. Fino a quel momento il britannico aveva messo in pista un buon ritmo, ma non sufficiente per poter pensare ad un risultato di assoluto rilievo. \u201cPenso che non fossimo assolutamente in lotta con queste vetture\u201d, ha dichiarato Norris a Sky UK riferendosi alle performance di Ferrari e Mercedes nell\u2019arco del fine settimana. \u201c\u00c8 stata una bella sorpresa poter tenere il loro ritmo e sento di aver fatto una bella gara, ma anche facendo una bella gara non significa che tu possa vincere. Significa semplicemente aver estratto il massimo dalla vettura.\u201d Secondo il britannico, ora pi\u00f9 che mai la McLaren ha il compito di migliorare sul piano delle prestazioni. <strong>\u201cSappiamo che l\u2019auto non \u00e8 abbastanza veloce<\/strong>. Il team sta facendo un buon lavoro per cercare di migliorare, ma anche tutti gli altri stanno migliorando. <strong>La Ferrari sta migliorando e oggi ha dimostrato quanto siano veloci.\u201d <\/strong>E sul primo trionfo in rosso di Lewis Hamilton, ha aggiunto: \u201cero molto felice di vedere Lewis di nuovo sul gradino pi\u00f9 alto con la Ferrari. \u00c8 stato davvero bello da vedere anche per me, che sono un fan di Lewis e della Ferrari. \u00c8 stato un bel podio, <strong>sento che abbiamo massimizzato il risultato ed \u00e8 il massimo che potessimo chiedere.\u201d<\/strong><\/p>\n<p><img fetchpriority=\"high\" decoding=\"async\" class=\"alignnone size-large wp-image-79557\" src=\"https:\/\/www.europesays.com\/it\/wp-content\/uploads\/2026\/06\/mcl1-1-1024x683.webp\" alt=\"McLaren Barcellona\" width=\"1024\" height=\"683\"\/><\/p>\n<p><strong>Cosa serve alla McLaren per competere con i rivali?<\/strong> \u201cPenso che dobbiamo capire realmente come rendere l\u2019auto pi\u00f9 guidabile in tutte le condizioni. Chiaramente qui siamo andati meglio, cos\u00ec come a Miami, ma <strong>siamo fortunati che Ferrari non abbia il motore migliore al momento.\u201d<\/strong> Secondo il campione del mondo in carica, la Ferrari rappresenta il benchmark tecnico in termini di telaio. <strong>\u201cSe avessero il motore migliore, dominerebbero<\/strong>. Sono il benchmark del gruppo in termini di prestazioni in curva al momento e non gli siamo nemmeno vicini. Il quadro realistico della situazione \u00e8 questo, siamo molto, molto lontani ad oggi. <strong>Se dovessero fare miglioramenti sul motore metterebbero tutti in imbarazzo.\u201d <\/strong>Parole forti quelle pronunciate dal pilota McLaren al ring delle interviste di Barcellona. \u201cDobbiamo davvero concentrarci e vedere quali miglioramenti possiamo fare\u201d, ha proseguito. \u201cLa squadra sta lavorando sodo, ma alcune cose richiedono tempo. Dobbiamo accelerare i tempi perch\u00e9 vogliamo restare in lotta.\u201d<\/p>\n<p>\u00a0<\/p>\n<p>\u00a0<\/p>\n<p>RIPRODUZIONE VIETATA. I trasgressori saranno perseguibili a norma di legge<\/p>\n","protected":false},"excerpt":{"rendered":"Nel GP di Barcellona la McLaren \u00e8 stata la terza forza in pista. Dopo un buon abbrivio di&hellip;\n","protected":false},"author":3,"featured_media":539499,"comment_status":"","ping_status":"","sticky":false,"template":"","format":"standard","meta":{"footnotes":"","_share_on_mastodon":"0"},"categories":[176],"tags":[6772,1770,62396,1537,90,89,3513,5993,10002,245,244],"class_list":["post-539498","post","type-post","status-publish","format-standard","has-post-thumbnail","category-sport","tag-6772","tag-f1","tag-gp-barcellona","tag-it","tag-italia","tag-italy","tag-lando-norris","tag-mclaren","tag-oscar-piastri","tag-sport","tag-sports"],"share_on_mastodon":{"url":"https:\/\/pubeurope.com\/@it\/116751745143388673","error":""},"_links":{"self":[{"href":"https:\/\/www.europesays.com\/it\/wp-json\/wp\/v2\/posts\/539498","targetHints":{"allow":["GET"]}}],"collection":[{"href":"https:\/\/www.europesays.com\/it\/wp-json\/wp\/v2\/posts"}],"about":[{"href":"https:\/\/www.europesays.com\/it\/wp-json\/wp\/v2\/types\/post"}],"author":[{"embeddable":true,"href":"https:\/\/www.europesays.com\/it\/wp-json\/wp\/v2\/users\/3"}],"replies":[{"embeddable":true,"href":"https:\/\/www.europesays.com\/it\/wp-json\/wp\/v2\/comments?post=539498"}],"version-history":[{"count":0,"href":"https:\/\/www.europesays.com\/it\/wp-json\/wp\/v2\/posts\/539498\/revisions"}],"wp:featuredmedia":[{"embeddable":true,"href":"https:\/\/www.europesays.com\/it\/wp-json\/wp\/v2\/media\/539499"}],"wp:attachment":[{"href":"https:\/\/www.europesays.com\/it\/wp-json\/wp\/v2\/media?parent=539498"}],"wp:term":[{"taxonomy":"category","embeddable":true,"href":"https:\/\/www.europesays.com\/it\/wp-json\/wp\/v2\/categories?post=539498"},{"taxonomy":"post_tag","embeddable":true,"href":"https:\/\/www.europesays.com\/it\/wp-json\/wp\/v2\/tags?post=539498"}],"curies":[{"name":"wp","href":"https:\/\/api.w.org\/{rel}","templated":true}]}}