{"id":539816,"date":"2026-06-15T08:35:13","date_gmt":"2026-06-15T08:35:13","guid":{"rendered":"https:\/\/www.europesays.com\/it\/539816\/"},"modified":"2026-06-15T08:35:13","modified_gmt":"2026-06-15T08:35:13","slug":"kate-middleton-e-charlotte-al-trooping-the-colour-2026-madre-e-figlia-con-lo-stesso-bracciale-di-perle","status":"publish","type":"post","link":"https:\/\/www.europesays.com\/it\/539816\/","title":{"rendered":"Kate Middleton e Charlotte al Trooping the Colour 2026: madre e figlia con lo stesso bracciale di perle"},"content":{"rendered":"<p>    di<br \/>\n    Federica Bandirali<\/p>\n<p class=\"summary-art is-line-h-12\">A colpire \u00e8 soprattutto un bracciale di perle identico a quello della principessa del Galles, un dettaglio che rafforza il legame simbolico e stilistico tra generazioni della famiglia reale<\/p>\n<p class=\"chapter-paragraph\">Durante il <a href=\"https:\/\/www.corriere.it\/esteri\/26_giugno_13\/la-principessa-kate-e-i-figli-al-via-il-trooping-the-colour-per-il-compleanno-di-re-carlo-iii-a-londra-123b2950-f446-4efe-8dc6-826e35bbcxlk.shtml?refresh_ce\" rel=\"nofollow noopener\" target=\"_blank\">Trooping the Colour 2026<\/a>, la principessa Charlotte \u00e8 stata tra le presenze pi\u00f9 notate della tradizionale parata per il compleanno del sovrano britannico. <b>\u00c8 arrivata in carrozza insieme alla madre la principessa Catherine e ai fratelli George e Louis<\/b>, partecipando a uno degli eventi pi\u00f9 importanti del calendario reale. Per l\u2019occasione, la giovane principessa ha indossato un raffinato abito in popeline color avorio, arricchito da un fiocco in organza firmato Jane Taylor tra i capelli. A colpire maggiormente \u00e8 stato per\u00f2 un dettaglio simbolico: <b>un bracciale di perle a tre fili identico a quello della principessa del Galles<\/b>, un accessorio che sottolinea il forte legame stilistico tra madre e figlia.\u00a0<\/p>\n<p class=\"chapter-paragraph\">Anche il look della principessa del Galles\u00a0 ha attirato l\u2019attenzione: un elegante abito azzurro di Catherine Walker e un cappello firmato Philip Treacy,<b> scelti come omaggio alla principessa Diana<\/b>. Tra i gioielli indossati spiccavano gli orecchini Cassandra Goad Pearl Floral Burst e lo storico bracciale di perle appartenuto proprio a Lady Diana. Non \u00e8 la prima volta che i gioielli di Charlotte fanno parlare di s\u00e9: gi\u00e0 in passato <b>aveva indossato pezzi della collezione reale<\/b>, come la spilla a ferro di cavallo con diamanti appartenuta alla Regina Madre e donata personalmente dalla regina Elisabetta II.    &#13;<br \/>\n&#13;<br \/>\n&#13;<br \/>\n&#13;<br \/>\n&#13;<br \/>\n&#13;<br \/>\n&#13;<br \/>\n&#13;<br \/>\n&#13;<br \/>\n&#13;<br \/>\n&#13;<br \/>\n&#13;<br \/>\n&#13;<br \/>\n&#13;<br \/>\n&#13;<br \/>\n&#13;<br \/>\n&#13;<br \/>\n&#13;<br \/>\n&#13;<br \/>\n&#13;<br \/>\n&#13;<br \/>\n&#13;<br \/>\n&#13;<br \/>\n&#13;<br \/>\n&#13;<br \/>\n&#13;<br \/>\n&#13;<br \/>\n&#13;<br \/>\n&#13;<br \/>\n&#13;<br \/>\n&#13;<br \/>\n&#13;<br \/>\n&#13;<br \/>\n&#13;<br \/>\n&#13;<br \/>\n&#13;<br \/>\n&#13;<br \/>\n&#13;<br \/>\n&#13;<br \/>\n&#13;<br \/>\n&#13;<br \/>\n&#13;<br \/>\n&#13;<br \/>\n&#13;<br \/>\n&#13;<br \/>\n&#13;<br \/>\n&#13;<br \/>\n&#13;<br \/>\n&#13;<br \/>\n&#13;<br \/>\n&#13;<br \/>\n&#13;<br \/>\n&#13;\n<\/p>\n<p class=\"is-last-update\" datetime=\"2026-06-15T09:07:29+02:00\">15 giugno 2026 ( modifica il 15 giugno 2026 | 09:07)<\/p>\n<p class=\"is-copyright\">\n            \u00a9 RIPRODUZIONE RISERVATA\n        <\/p>\n","protected":false},"excerpt":{"rendered":"di Federica Bandirali A colpire \u00e8 soprattutto un bracciale di perle identico a quello della principessa del Galles,&hellip;\n","protected":false},"author":3,"featured_media":539817,"comment_status":"","ping_status":"","sticky":false,"template":"","format":"standard","meta":{"footnotes":"","_share_on_mastodon":"0"},"categories":[1451],"tags":[7730,26801,297589,38746,1621,1620,20509,297258,9789,26599,31116,297590,203,6226,204,1537,90,89,4045,6420,13460,30736,4736],"class_list":["post-539816","post","type-post","status-publish","format-standard","has-post-thumbnail","category-celebrita","tag-abito","tag-bracciale","tag-bracciale-perle","tag-catherine","tag-celebrita","tag-celebrities","tag-charlotte","tag-colour","tag-colpire","tag-dettaglio","tag-diana","tag-diana-gioielli","tag-entertainment","tag-galles","tag-intrattenimento","tag-it","tag-italia","tag-italy","tag-madre","tag-perle","tag-principessa","tag-principessa-galles","tag-reale"],"share_on_mastodon":{"url":"https:\/\/pubeurope.com\/@it\/116753211404167637","error":""},"_links":{"self":[{"href":"https:\/\/www.europesays.com\/it\/wp-json\/wp\/v2\/posts\/539816","targetHints":{"allow":["GET"]}}],"collection":[{"href":"https:\/\/www.europesays.com\/it\/wp-json\/wp\/v2\/posts"}],"about":[{"href":"https:\/\/www.europesays.com\/it\/wp-json\/wp\/v2\/types\/post"}],"author":[{"embeddable":true,"href":"https:\/\/www.europesays.com\/it\/wp-json\/wp\/v2\/users\/3"}],"replies":[{"embeddable":true,"href":"https:\/\/www.europesays.com\/it\/wp-json\/wp\/v2\/comments?post=539816"}],"version-history":[{"count":0,"href":"https:\/\/www.europesays.com\/it\/wp-json\/wp\/v2\/posts\/539816\/revisions"}],"wp:featuredmedia":[{"embeddable":true,"href":"https:\/\/www.europesays.com\/it\/wp-json\/wp\/v2\/media\/539817"}],"wp:attachment":[{"href":"https:\/\/www.europesays.com\/it\/wp-json\/wp\/v2\/media?parent=539816"}],"wp:term":[{"taxonomy":"category","embeddable":true,"href":"https:\/\/www.europesays.com\/it\/wp-json\/wp\/v2\/categories?post=539816"},{"taxonomy":"post_tag","embeddable":true,"href":"https:\/\/www.europesays.com\/it\/wp-json\/wp\/v2\/tags?post=539816"}],"curies":[{"name":"wp","href":"https:\/\/api.w.org\/{rel}","templated":true}]}}