{"id":540190,"date":"2026-06-15T13:47:17","date_gmt":"2026-06-15T13:47:17","guid":{"rendered":"https:\/\/www.europesays.com\/it\/540190\/"},"modified":"2026-06-15T13:47:17","modified_gmt":"2026-06-15T13:47:17","slug":"bonus-parite-iva-autonomi-fino-a-817-euro-al-mese-domande-al-via-chi-puo-ricevere-liscro-e-come-chiedere-lindennita","status":"publish","type":"post","link":"https:\/\/www.europesays.com\/it\/540190\/","title":{"rendered":"Bonus parite Iva autonomi fino a 817 euro al mese, domande al via: chi pu\u00f2 ricevere l&#8217;Iscro e come chiedere l&#8217;indennit\u00e0"},"content":{"rendered":"<p>Da oggi, 15 giugno 2026, \u00e8 nuovamente possibile presentare la domanda per ottenere l\u2019<strong>Indennit\u00e0 Straordinaria di Continuit\u00e0 Reddituale e Operativa<\/strong> (<strong><a href=\"https:\/\/www.ilmessaggero.it\/t\/iscro\" rel=\"nofollow noopener\" target=\"_blank\">ISCRO<\/a><\/strong>), la misura di sostegno economico rivolta ai lavoratori autonomi iscritti alla Gestione separata che si trovano in una situazione di calo del reddito.<\/p>\n<p>Anche per il 2026 &#8211; come spiega l&#8217;Inps nel <a href=\"https:\/\/www.inps.it\/it\/it\/inps-comunica\/atti\/circolari-messaggi-e-normativa\/dettaglio.circolari-e-messaggi.2026.06.messaggio-numero-1987-del-15-06-2026_15287.html\" target=\"_blank\" rel=\"nofollow noopener\"><strong>messaggio numero 1987 del 15-06-2026<\/strong><\/a> &#8211; la richiesta dovr\u00e0 essere presentata esclusivamente in modalit\u00e0 telematica entro il termine del 31 ottobre.<\/p>\n","protected":false},"excerpt":{"rendered":"Da oggi, 15 giugno 2026, \u00e8 nuovamente possibile presentare la domanda per ottenere l\u2019Indennit\u00e0 Straordinaria di Continuit\u00e0 Reddituale&hellip;\n","protected":false},"author":3,"featured_media":540191,"comment_status":"","ping_status":"","sticky":false,"template":"","format":"standard","meta":{"footnotes":"","_share_on_mastodon":"0"},"categories":[6],"tags":[72904,297820,14,8,7710,297821,1537,90,89,7,15,82,9,83,10,35814,13,243,11,80,84,12,81,85],"class_list":["post-540190","post","type-post","status-publish","format-standard","has-post-thumbnail","category-ultime-notizie","tag-autonomi","tag-bonus-iscro","tag-cronaca","tag-headlines","tag-inps","tag-iscro","tag-it","tag-italia","tag-italy","tag-news","tag-notizie","tag-notizie-di-cronaca","tag-notizie-principali","tag-notiziedicronaca","tag-notizieprincipali","tag-partite-iva","tag-titoli","tag-ultima-ora","tag-ultime-notizie","tag-ultime-notizie-di-cronaca","tag-ultime-notizie-e-news-di-oggi","tag-ultimenotizie","tag-ultimenotiziedicronaca","tag-ultimenotizieenewsdioggi"],"share_on_mastodon":{"url":"https:\/\/pubeurope.com\/@it\/116754438258657424","error":""},"_links":{"self":[{"href":"https:\/\/www.europesays.com\/it\/wp-json\/wp\/v2\/posts\/540190","targetHints":{"allow":["GET"]}}],"collection":[{"href":"https:\/\/www.europesays.com\/it\/wp-json\/wp\/v2\/posts"}],"about":[{"href":"https:\/\/www.europesays.com\/it\/wp-json\/wp\/v2\/types\/post"}],"author":[{"embeddable":true,"href":"https:\/\/www.europesays.com\/it\/wp-json\/wp\/v2\/users\/3"}],"replies":[{"embeddable":true,"href":"https:\/\/www.europesays.com\/it\/wp-json\/wp\/v2\/comments?post=540190"}],"version-history":[{"count":0,"href":"https:\/\/www.europesays.com\/it\/wp-json\/wp\/v2\/posts\/540190\/revisions"}],"wp:featuredmedia":[{"embeddable":true,"href":"https:\/\/www.europesays.com\/it\/wp-json\/wp\/v2\/media\/540191"}],"wp:attachment":[{"href":"https:\/\/www.europesays.com\/it\/wp-json\/wp\/v2\/media?parent=540190"}],"wp:term":[{"taxonomy":"category","embeddable":true,"href":"https:\/\/www.europesays.com\/it\/wp-json\/wp\/v2\/categories?post=540190"},{"taxonomy":"post_tag","embeddable":true,"href":"https:\/\/www.europesays.com\/it\/wp-json\/wp\/v2\/tags?post=540190"}],"curies":[{"name":"wp","href":"https:\/\/api.w.org\/{rel}","templated":true}]}}