{"id":540304,"date":"2026-06-15T15:18:14","date_gmt":"2026-06-15T15:18:14","guid":{"rendered":"https:\/\/www.europesays.com\/it\/540304\/"},"modified":"2026-06-15T15:18:14","modified_gmt":"2026-06-15T15:18:14","slug":"campionati-italiani-di-ciclismo-itinerari-tra-vicoforte-barolo-e-cuneo-asti-ma-la-federazione-tace","status":"publish","type":"post","link":"https:\/\/www.europesays.com\/it\/540304\/","title":{"rendered":"Campionati italiani di ciclismo: itinerari tra Vicoforte-Barolo e Cuneo\u2011Asti, ma la Federazione tace"},"content":{"rendered":"<p><strong>Fino al 19 giugno<\/strong>, data in cui si terr\u00e0 la <strong>conferenza stampa di presentazione<\/strong>, le bocche restano cucite, ma il <strong>Campionato italiano di ciclismo \u00e9lite<\/strong> \u00e8 comunque pronto ad arrivare sulle nostre strade. Il fatto che la <strong>Fci (Federciclismo)<\/strong> non abbia ancora comunicato nulla di ufficiale a meno di due settimane dall&#8217;evento resta comunque incredibile. Sullo sfondo c&#8217;\u00e8 il rapporto non proprio idilliaco tra <strong>Lega Professionisti<\/strong> e <strong>Fci<\/strong>, che ha portato alla <a href=\"https:\/\/bici.pro\/news\/politica\/editoriale-resa-conti-fci-lega\/\" target=\"_blank\" rel=\"noopener nofollow\">sospensione della Convenzione del 13 agosto 2024.<\/a><\/p>\n<p>Tra gli addetti ai lavori, comunque, l&#8217;<strong>itinerario \u00e8 gi\u00e0 stato definito<\/strong>. Sono notizie che coinvolgono tutta la cittadinanza perch\u00e9 di mezzo ci sono (anche) come effetto collaterale la <strong>chiusura delle strade<\/strong>\u00a0controbilanciato dallo\u00a0<strong>spettacolo<\/strong> di contorno che una corsa come questa, che mette in palio i <strong>titoli tricolori assoluti<\/strong>, \u00e8 in grado di offrire. Gi\u00e0 a partire da <strong>gioved\u00ec 25 giugno<\/strong> con la partenza dal <strong>Santuario di Vicoforte<\/strong> della <strong>prova a cronometro<\/strong>, che si concluder\u00e0 a <strong>Barolo<\/strong>. La <strong>prova in linea Cuneo-Asti<\/strong> va in scena invece <strong>sabato 27 giugno<\/strong>. Di seguito, ecco il percorso e i dettagli.<\/p>\n<p>    <a href=\"https:\/\/www.unionemonregalese.it\/news\/territorio\/313585\/i-campionati-italiani-di-ciclismo-dal-santuario-a-barolo-tutto-il-percorso-della-crono.html?utm_source=VCMS_correlati\" class=\"vc_cont_image\" rel=\"nofollow noopener\" target=\"_blank\"><img decoding=\"async\" class=\"vc_image\" src=\"https:\/\/www.unionemonregalese.it\/resizer\/150\/-1\/true\/2026_06_05\/ChatGPT_Image_5_giu_2026%2C_14_56_18-1780664187984.jpg--i_campionati_italiani_di_ciclismo_dal_santuario_a_barolo___tutto_il_percorso_della__crono_.jpg?1780664188222\"\/><\/a><\/p>\n<p><strong>PROVA A CRONOMETRO, VICOFORTE-BAROLO<\/strong><\/p>\n<p><strong><img loading=\"lazy\" decoding=\"async\" src=\"https:\/\/www.europesays.com\/it\/wp-content\/uploads\/2026\/06\/cronometro-1781528723459.png\" alt=\"\" width=\"1335\" height=\"717\"\/><\/strong><\/p>\n<p><strong>Gioved\u00ec 25 giugno<\/strong>, partenza dalle 14.<\/p>\n<p><strong>Totale: 40,4 km<\/strong><\/p>\n<p><strong>Partenza dal Santuario di Vicoforte<\/strong>, poi passaggio a <strong>Briaglia<\/strong> sulla <strong>Provinciale 36<\/strong>, andando verso <strong>Bastia<\/strong> (via Pascomonti e Minetti). Quindi i ciclisti andranno sulla <strong>Fondovalle<\/strong> fino a <strong>Farigliano<\/strong> (attraversando i territori comunali di <strong>Carr\u00f9<\/strong> e <strong>Clavesana<\/strong>). Poi la svolta sulla <strong>Provinciale 9<\/strong> per il centro di <strong>Farigliano<\/strong> fino ad arrivare a <strong>Dogliani<\/strong>. Qui il tragitto prosegue su <strong>via Chabat<\/strong> fino a <strong>Monchiero<\/strong>. Da <strong>Monchiero<\/strong> il percorso devia sulla <strong>Provinciale 57 (via Monforte)<\/strong> per arrivare fino al centro di <strong>Barolo<\/strong>.<\/p>\n<p>Le <strong>strade rimarranno chiuse<\/strong>, indicativamente, <strong>dalle 12 alle 16-17<\/strong>. Essendo una corsa a cronometro, ogni ciclista parte singolarmente &#8220;a scaglioni&#8221;.<\/p>\n<p><strong>PROVA IN LINEA \u00c9LITE ASTI-CUNEO<\/strong><\/p>\n<p><strong><img loading=\"lazy\" decoding=\"async\" src=\"https:\/\/www.europesays.com\/it\/wp-content\/uploads\/2026\/06\/percorso_elite-1781528710132.png\" alt=\"\" width=\"1014\" height=\"919\"\/><\/strong><\/p>\n<p><strong>Sabato 27 giugno<\/strong>, partenza alle 10.50.<\/p>\n<p><strong>Totale: 232,5 km<\/strong><\/p>\n<p><strong>Partenza nel cuore di Asti, in piazza Alfieri<\/strong>, andatura turistica fino al <strong>km 0 sulla Provinciale 8<\/strong>. Passaggio ad <strong>Antignano<\/strong> (e nelle localit\u00e0 <strong>Lanci<\/strong> e <strong>Morgnano<\/strong>), <strong>San Martino Alfieri<\/strong> e <strong>Govone<\/strong>; quindi <strong>Provinciale 2<\/strong> fino a <strong>Canove<\/strong>, poi l&#8217;immissione sulla <strong>Statale 231<\/strong>. Lungo rettilineo, passaggio a <strong>Castagnito<\/strong> e arrivo in provincia di Cuneo ad <strong>Alba<\/strong> passando da <strong>Mussotto<\/strong>.<\/p>\n<p>Ad <strong>Alba<\/strong>, i ciclisti attraverseranno <strong>corso Piera Cillario<\/strong> e poi <strong>corso Piave<\/strong> e <strong>corso Barolo<\/strong>, fino a uscire dalla citt\u00e0 passando da <strong>San Cassiano<\/strong> e <strong>Gallo<\/strong> e arrivando a <strong>Castiglione Falletto<\/strong>. Qui la corsa arriva nel centro di <strong>Monforte<\/strong> e poi a <strong>Dogliani<\/strong> tramite la <strong>Provinciale 9<\/strong>; quindi uscita sulla <strong>Sp 661<\/strong> a <strong>Farigliano<\/strong>, immissione sulla <strong>Provinciale 12 (Fondovalle)<\/strong> fino a <strong>Clavesana<\/strong>, svolta a <strong>Madonna della Neve<\/strong>, salita sulla <strong>Provinciale 59<\/strong>\u00a0dallo Sbaranzo e Belvedere Langhe e passaggio sulla <strong>Pedaggera<\/strong>\u00a0a <strong>Murazzano, Paroldo, Sale Langhe, Sale S. Giovanni<\/strong>\u00a0e <strong>Montezemolo<\/strong>. Qui il tragitto prosegue sulla <strong>Sp 28 bis<\/strong>, con arrivo su <strong>via Circonvallazione<\/strong> nel territorio comunale di <strong>Priero<\/strong>, poi <strong>Mollere<\/strong>, <strong>San Bernardino<\/strong> e passaggio nel centro di <strong>Ceva<\/strong> sul <strong>ponte sul Tanaro (via Berteri)<\/strong>, <strong>via Romita<\/strong>, quindi <strong>via Mondov\u00ec<\/strong> fino a <strong>Lesegno<\/strong>.<\/p>\n<p>    <a href=\"https:\/\/www.unionemonregalese.it\/news\/sport\/310375\/colpo-ciclismo-i-campionati-italiani-pronti-a-sbarcare-nella-granda.html?utm_source=VCMS_correlati\" class=\"vc_cont_image\" rel=\"nofollow noopener\" target=\"_blank\"><img decoding=\"async\" class=\"vc_image\" src=\"https:\/\/www.unionemonregalese.it\/resizer\/150\/-1\/true\/2026_03_24\/Progetto_senza_titolo_%2869%29-1774356071443.jpg--colpo_ciclismo__i_campionati_italiani_pronti_a_sbarcare_nella__granda_.jpg?1774356071574\"\/><\/a><\/p>\n<p>Da <strong>Lesegno<\/strong> si prosegue verso <strong>San Michele Mondov\u00ec<\/strong>, raggiungendo <strong>Vicoforte<\/strong> (nuovo passaggio davanti al Santuario). Quindi <strong>Ss 28 Nord<\/strong> e la svolta ai <strong>Gandolfi<\/strong>, per passare a <strong>Monastero Vasco<\/strong> e arrivare a <strong>Villanova Mondov\u00ec<\/strong> dalla <strong>Provinciale 37<\/strong>. Passaggio sulla <strong>Provinciale 5<\/strong> fino a <strong>Roccaforte Mondov\u00ec<\/strong>, il <strong>Mort\u00e8<\/strong>, <strong>Chiusa di Pesio<\/strong>, <strong>Peveragno<\/strong> e <strong>Boves<\/strong>, accarezzando il centro (<strong>Sp 21<\/strong>, <strong>via Generale dalla Chiesa<\/strong>, <strong>via Marzabotto<\/strong>, <strong>via Gastaldato<\/strong>, <strong>via don Pellegrino<\/strong>), poi <strong>Fontanelle<\/strong> e <strong>Borgo San Dalmazzo<\/strong>. Quindi, passando da <strong>via Tetto Albaretti<\/strong> e <strong>Vignolo<\/strong>, si arriva a <strong>Cervasca<\/strong>.<\/p>\n<p>Da <strong>Cervasca<\/strong> a <strong>Confreria<\/strong>, poi il circuito che coinvolge <strong>Cerialdo<\/strong>, <strong>Passatore<\/strong>, <strong>Busca<\/strong>, <strong>San Chiaffredo<\/strong>, <strong>Roata Rossi<\/strong> e <strong>Madonna dell&#8217;Olmo<\/strong>, con ingresso nel centro di <strong>Cuneo<\/strong> e arrivo in <strong>corso Nizza<\/strong>.\u00a0<\/p>\n","protected":false},"excerpt":{"rendered":"Fino al 19 giugno, data in cui si terr\u00e0 la conferenza stampa di presentazione, le bocche restano cucite,&hellip;\n","protected":false},"author":3,"featured_media":540305,"comment_status":"","ping_status":"","sticky":false,"template":"","format":"standard","meta":{"footnotes":"","_share_on_mastodon":"0"},"categories":[1456],"tags":[169657,105779,1856,1824,877,297843,1825,7881,44716,1148,1537,90,89,3789,245,244,408],"class_list":["post-540304","post","type-post","status-publish","format-standard","has-post-thumbnail","category-ciclismo","tag-169657","tag-bocche","tag-campionato","tag-ciclismo","tag-conferenza","tag-cucite","tag-cycling","tag-data","tag-fino","tag-giugno","tag-it","tag-italia","tag-italy","tag-presentazione","tag-sport","tag-sports","tag-stampa"],"share_on_mastodon":{"url":"https:\/\/pubeurope.com\/@it\/116754796881088929","error":""},"_links":{"self":[{"href":"https:\/\/www.europesays.com\/it\/wp-json\/wp\/v2\/posts\/540304","targetHints":{"allow":["GET"]}}],"collection":[{"href":"https:\/\/www.europesays.com\/it\/wp-json\/wp\/v2\/posts"}],"about":[{"href":"https:\/\/www.europesays.com\/it\/wp-json\/wp\/v2\/types\/post"}],"author":[{"embeddable":true,"href":"https:\/\/www.europesays.com\/it\/wp-json\/wp\/v2\/users\/3"}],"replies":[{"embeddable":true,"href":"https:\/\/www.europesays.com\/it\/wp-json\/wp\/v2\/comments?post=540304"}],"version-history":[{"count":0,"href":"https:\/\/www.europesays.com\/it\/wp-json\/wp\/v2\/posts\/540304\/revisions"}],"wp:featuredmedia":[{"embeddable":true,"href":"https:\/\/www.europesays.com\/it\/wp-json\/wp\/v2\/media\/540305"}],"wp:attachment":[{"href":"https:\/\/www.europesays.com\/it\/wp-json\/wp\/v2\/media?parent=540304"}],"wp:term":[{"taxonomy":"category","embeddable":true,"href":"https:\/\/www.europesays.com\/it\/wp-json\/wp\/v2\/categories?post=540304"},{"taxonomy":"post_tag","embeddable":true,"href":"https:\/\/www.europesays.com\/it\/wp-json\/wp\/v2\/tags?post=540304"}],"curies":[{"name":"wp","href":"https:\/\/api.w.org\/{rel}","templated":true}]}}