{"id":540371,"date":"2026-06-15T16:12:15","date_gmt":"2026-06-15T16:12:15","guid":{"rendered":"https:\/\/www.europesays.com\/it\/540371\/"},"modified":"2026-06-15T16:12:15","modified_gmt":"2026-06-15T16:12:15","slug":"soudal-quick-step-landa-torna-al-giro-di-svizzera-dopo-la-caduta-allitzulia","status":"publish","type":"post","link":"https:\/\/www.europesays.com\/it\/540371\/","title":{"rendered":"SOUDAL QUICK STEP. LANDA TORNA AL GIRO DI SVIZZERA DOPO LA CADUTA ALL&#8217;ITZULIA"},"content":{"rendered":"<p>            <a class=\"category\" href=\"https:\/\/www.tuttobiciweb.it\/articles\/category\/PROFESSIONISTI\" itemprop=\"about\" rel=\"nofollow noopener\" target=\"_blank\">PROFESSIONISTI<\/a> | 15\/06\/2026 | 17:14<\/p>\n<p>Una delle corse pi\u00f9 prestigiose del calendario, una gara in cui la <strong>Soudal Quick Step<\/strong> ha vinto ben 16 tappe: \u00e8 il <strong>Tour de Suisse<\/strong> che si svolger\u00e0 quest&#8217;anno dal 17 al 21 giugno. La corsa del World Tour \u00e8 stata ridotta a sole cinque tappe, rispetto alle otto degli anni passati, ma anche in queste condizioni gli organizzatori hanno trovato il modo di toccare le regioni di lingua tedesca, italiana e francese del paese.\n            <\/p>\n<p>Le prime due tappe favoriranno i corridori pi\u00f9 veloci, prima che la terza porti gli sprinter a contendersi quella che sar\u00e0 sicuramente la loro unica opportunit\u00e0 della settimana. Le ultime due tappe dell&#8217;89\u00aa edizione, una cronometro individuale di 23,7 km e un arrivo in salita a Villars-sur-Ollon, saranno decisive per la classifica generale dell&#8217;ultima corsa del World Tour prima del Tour de France.\n            <\/p>\n<p>La corsa porta con s\u00e9 un&#8217;ottima notizia per il Wolfpack e per tutti i Landisti: <strong>Mikel Landa torner\u00e0 in gruppo dopo l&#8217;infortunio subito all&#8217;Itzulia Basque Country<\/strong> che ha messo fine ai suoi obiettivi di aprile e maggio. Per il 36enne, questa sar\u00e0 solo la seconda partecipazione in carriera al Tour de Suisse, e Mikel \u00e8 entusiasta di poter indossare di nuovo il numero di maglia.<\/p>\n<p>\u00abIl Tour de Suisse \u00e8 una corsa ideale per gli scalatori, quindi sono contento di essere al via. Non \u00e8 stata una grande stagione finora, ho avuto un po&#8217; di sfortuna e arrivo a questa corsa con qualche giornata di gara saltata, ma sono felice di partecipare, tornare in gruppo e migliorare la mia condizione\u00bb ha detto Landa.<\/p>\n<p>Ad affiancarlo ci saranno <strong>Alberto Dainese, Gil Gelders, Maximilian Schachmann, Ilan Van Wilder, Louis Vervaeke<\/strong> e il vincitore del Giro di Sardegna <strong>Filippo Zana<\/strong>.<\/p>\n<p>\u00ab\u00c8 un Tour de Suisse diverso, con solo cinque tappe in programma e scenari diversi per ogni giornata. I nostri corridori sono motivati \u200b\u200ba dare il massimo, quindi speriamo in una settimana positiva con buoni risultati\u00bb ha affermato il direttore sportivo Sep Vanmarcke.<\/p>\n<p>\n    <a href=\"https:\/\/www.tuttobiciweb.it\/article\/2026\/06\/15\/1781536842\/cycling-tour-de-suisse-mikel-landa-soudal-quick-step-world-tour?lang=en\" rel=\"nofollow noopener\" target=\"_blank\"><img decoding=\"async\" src=\"https:\/\/www.europesays.com\/it\/wp-content\/uploads\/2025\/12\/enver.png\"\/><\/a><\/p>\n<p>Copyright &amp;copy TBW<\/p>\n","protected":false},"excerpt":{"rendered":"PROFESSIONISTI | 15\/06\/2026 | 17:14 Una delle corse pi\u00f9 prestigiose del calendario, una gara in cui la Soudal&hellip;\n","protected":false},"author":3,"featured_media":540372,"comment_status":"","ping_status":"","sticky":false,"template":"","format":"standard","meta":{"footnotes":"","_share_on_mastodon":"0"},"categories":[1456],"tags":[1824,1825,1537,90,89,10962,23533,245,244,134667,28031],"class_list":["post-540371","post","type-post","status-publish","format-standard","has-post-thumbnail","category-ciclismo","tag-ciclismo","tag-cycling","tag-it","tag-italia","tag-italy","tag-mikel-landa","tag-soudal-quick-step","tag-sport","tag-sports","tag-tour-de-suisse","tag-world-tour"],"share_on_mastodon":{"url":"https:\/\/pubeurope.com\/@it\/116755009142531402","error":""},"_links":{"self":[{"href":"https:\/\/www.europesays.com\/it\/wp-json\/wp\/v2\/posts\/540371","targetHints":{"allow":["GET"]}}],"collection":[{"href":"https:\/\/www.europesays.com\/it\/wp-json\/wp\/v2\/posts"}],"about":[{"href":"https:\/\/www.europesays.com\/it\/wp-json\/wp\/v2\/types\/post"}],"author":[{"embeddable":true,"href":"https:\/\/www.europesays.com\/it\/wp-json\/wp\/v2\/users\/3"}],"replies":[{"embeddable":true,"href":"https:\/\/www.europesays.com\/it\/wp-json\/wp\/v2\/comments?post=540371"}],"version-history":[{"count":0,"href":"https:\/\/www.europesays.com\/it\/wp-json\/wp\/v2\/posts\/540371\/revisions"}],"wp:featuredmedia":[{"embeddable":true,"href":"https:\/\/www.europesays.com\/it\/wp-json\/wp\/v2\/media\/540372"}],"wp:attachment":[{"href":"https:\/\/www.europesays.com\/it\/wp-json\/wp\/v2\/media?parent=540371"}],"wp:term":[{"taxonomy":"category","embeddable":true,"href":"https:\/\/www.europesays.com\/it\/wp-json\/wp\/v2\/categories?post=540371"},{"taxonomy":"post_tag","embeddable":true,"href":"https:\/\/www.europesays.com\/it\/wp-json\/wp\/v2\/tags?post=540371"}],"curies":[{"name":"wp","href":"https:\/\/api.w.org\/{rel}","templated":true}]}}